{"id":908,"date":"2023-02-08T20:13:58","date_gmt":"2023-02-09T02:13:58","guid":{"rendered":"https:\/\/antoniobosch.com\/?p=908"},"modified":"2023-03-02T12:45:44","modified_gmt":"2023-03-02T18:45:44","slug":"un-poco-de-historia-sobre-la-musica-de-guatemala","status":"publish","type":"post","link":"https:\/\/antoniobosch.com\/en\/un-poco-de-historia-sobre-la-musica-de-guatemala\/","title":{"rendered":"A bit of history about the music of Guatemala"},"content":{"rendered":"<p>In the late 18th century, non-religious music began to become popular in Guatemala.<\/p>\n<p>During these times the \u201cmodern\u201d Guatemalan musicians were the ones who began to give a boost to the instrumentation that was very backward.<\/p>\n<p>Some artists even traveled to Europe and began to bring new instruments.<\/p>\n<h2>The National Instrument of Guatemala is the marimba<\/h2>\n<p>The first documented marimba dates back to 1680. It arrived in Mesoamerica sometime between 1492 and 1680, as a result of the fusion of cultural elements from Africa, Europe and America.<\/p>\n<p>The origin is not certain because there are theories that the Mayans already knew this instrument. This theory is based on Ratinlinxul&#8217;s ceramic glass. A parade is painted on this ceramic vase, and one of the parade instruments is a marimba.<\/p>\n<p>The glass is now in the museum of the University of Pennsylvania, Philadelphia.<\/p>\n<p>It is also said that there is a wooden codex with a painting of a Mayan man holding a marimba arm, unfortunately the whereabouts of this codex are unknown and cannot be confirmed.<\/p>\n<h2>An essential instrument<\/h2>\n<p>Some people have said that in the search to demonstrate that the marimba has an ancient origin, graphic documents have been falsified or opinions given without any interpretive basis for the evidence.<\/p>\n<p>Regardless of its origin, the marimba is an important instrument in the folk culture of Guatemalans.<\/p>\n<p>Continuing with the history of music in general, there have been several important singer-songwriters and musicians in Guatemala, an important one is Francisco &#8220;Paco&#8221; P\u00e9rez Mu\u00f1oz (1917 &#8211; 1951), wrote Luna de Xelaju; this song is part of the identity of Guatemalans.<\/p>\n<p>Other great singer-songwriters of the 1900s are Jos\u00e9 Domingo Bethancourt Mazariegos, Martha Bola\u00f1os de Prado, and Jos\u00e9 Casta\u00f1eda, to name a few.<\/p>\n<h2>Rock will never die<\/h2>\n<p>In the mid-1960s, rock en espa\u00f1ol began to gain a following and Guatemalan musicians became internationally known. Luis Galich and his band Santa Fe, Plastico Pesado, Caballo Loco and Apple Pies were some of the bands of the time.<\/p>\n<p>In the 1970s, a band created the rock opera Heart of the Rising Sun (Heart of the Sunrise). They featured solo vocalists, an extended choir, dancers, and Guatemalan percussion instruments, acoustic guitars, piano, and violin.<\/p>\n<p>An important band was Alux Nahual that started in the 1990s, they released several records in Guatemala and also became known in Central America. They are still doing reunion concerts, but most of the members work as individuals, producing and performing.<\/p>\n<p>Other noteworthy modern rock bands include Extinction, Radio Viejo, Bohemia Suburbana and Viernes Verde. Other recent bands are El Clubo, La Gran Calabaza, Malacates Trebol Shop and the band Miseria Cumbia, the latter does not sing rock but Cumbia.<\/p>\n<h2>Guatemala is our home<\/h2>\n<p>Felipe Antonio Bosch Guti\u00e9rrez&#8217;s main objective is to generate employment opportunities for people, always with transparency and for the benefit of our nation.<\/p>\n<p>This country is not alone. We are more of the honest and hardworking people who fight every day to achieve everyone&#8217;s dreams: a prosperous and happy nation.<\/p>\n<p>If you get to visit this country, enjoy and live with its people who are really wonderful people.<\/p>\n","protected":false},"excerpt":{"rendered":"<p>In the late 18th century, non-religious music began to become popular in Guatemala. During these times the \u201cmodern\u201d Guatemalan musicians were the ones who began to give a boost to the instrumentation that was very backward. Some artists even traveled to Europe and began to bring new instruments. The National Instrument of Guatemala is the [&hellip;]<\/p>\n","protected":false},"author":1,"featured_media":974,"comment_status":"closed","ping_status":"closed","sticky":false,"template":"","format":"standard","meta":{"footnotes":""},"categories":[60],"tags":[23,16,24],"class_list":["post-908","post","type-post","status-publish","format-standard","has-post-thumbnail","hentry","category-guatemala","tag-cmi","tag-familia-bosch","tag-guatemala"],"translation":{"provider":"WPGlobus","version":"3.0.5","language":"en","enabled_languages":["es","en"],"languages":{"es":{"title":true,"content":true,"excerpt":false},"en":{"title":true,"content":true,"excerpt":false}}},"aioseo_notices":[],"aioseo_head":"\n\t\t<!-- All in One SEO 5.0.1.1 - aioseo.com -->\n\t<meta name=\"description\" content=\"A fines del siglo XVIII, la m\u00fasica no religiosa comenz\u00f3 a ser popular en Guatemala, pero mucho ha cambiado en esta naci\u00f3n de Centroam\u00e9rica.\" \/>\n\t<meta name=\"robots\" content=\"max-image-preview:large\" \/>\n\t<meta name=\"author\" content=\"Felipe Gutierrez\"\/>\n\t<link rel=\"canonical\" href=\"https:\/\/antoniobosch.com\/en\/un-poco-de-historia-sobre-la-musica-de-guatemala\/\" \/>\n\t<meta name=\"generator\" content=\"All in One SEO (AIOSEO) 5.0.1.1\" \/>\n\t\t<meta property=\"og:locale\" content=\"en_US\" \/>\n\t\t<meta property=\"og:site_name\" content=\"Felipe Bosch: Liderazgo, innovaci\u00f3n y transformaci\u00f3n de Guatemala\" \/>\n\t\t<meta property=\"og:type\" content=\"article\" \/>\n\t\t<meta property=\"og:title\" content=\"A bit of history about the music of Guatemala\" \/>\n\t\t<meta property=\"og:description\" content=\"A fines del siglo XVIII, la m\u00fasica no religiosa comenz\u00f3 a ser popular en Guatemala, pero mucho ha cambiado en esta naci\u00f3n de Centroam\u00e9rica.\" \/>\n\t\t<meta property=\"og:url\" content=\"https:\/\/antoniobosch.com\/en\/un-poco-de-historia-sobre-la-musica-de-guatemala\/\" \/>\n\t\t<meta property=\"article:tag\" content=\"cmi\" \/>\n\t\t<meta property=\"article:tag\" content=\"familia bosch\" \/>\n\t\t<meta property=\"article:tag\" content=\"guatemala\" \/>\n\t\t<meta property=\"article:published_time\" content=\"2023-02-09T02:13:58+00:00\" \/>\n\t\t<meta property=\"article:modified_time\" content=\"2023-03-02T18:45:44+00:00\" \/>\n\t\t<meta name=\"twitter:card\" content=\"summary_large_image\" \/>\n\t\t<meta name=\"twitter:title\" content=\"A bit of history about the music of Guatemala\" \/>\n\t\t<meta name=\"twitter:description\" content=\"A fines del siglo XVIII, la m\u00fasica no religiosa comenz\u00f3 a ser popular en Guatemala, pero mucho ha cambiado en esta naci\u00f3n de Centroam\u00e9rica.\" \/>\n\t\t<meta name=\"twitter:label1\" content=\"Written by\" \/>\n\t\t<meta name=\"twitter:data1\" content=\"Felipe Gutierrez\" \/>\n\t\t<meta name=\"twitter:label2\" content=\"Est. reading time\" \/>\n\t\t<meta name=\"twitter:data2\" content=\"6 minutes\" \/>\n\t\t<script type=\"application\/ld+json\" class=\"aioseo-schema\">\n\t\t\t{\"@context\":\"https:\\\/\\\/schema.org\",\"@graph\":[{\"@type\":\"BlogPosting\",\"@id\":\"https:\\\/\\\/antoniobosch.com\\\/en\\\/un-poco-de-historia-sobre-la-musica-de-guatemala\\\/#blogposting\",\"name\":\"A bit of history about the music of Guatemala\",\"headline\":\"A bit of history about the music of Guatemala\",\"author\":{\"@id\":\"https:\\\/\\\/antoniobosch.com\\\/en\\\/author\\\/editor\\\/#author\"},\"publisher\":{\"@id\":\"https:\\\/\\\/antoniobosch.com\\\/en\\\/#organization\"},\"image\":{\"@type\":\"ImageObject\",\"url\":\"https:\\\/\\\/antoniobosch.com\\\/wp-content\\\/uploads\\\/2023\\\/02\\\/91d34489-4d9b-4278-aaba-821066264ff7.jpg\",\"width\":760,\"height\":430},\"datePublished\":\"2023-02-08T20:13:58-06:00\",\"dateModified\":\"2023-03-02T12:45:44-06:00\",\"inLanguage\":\"en-US\",\"mainEntityOfPage\":{\"@id\":\"https:\\\/\\\/antoniobosch.com\\\/en\\\/un-poco-de-historia-sobre-la-musica-de-guatemala\\\/#webpage\"},\"isPartOf\":{\"@id\":\"https:\\\/\\\/antoniobosch.com\\\/en\\\/un-poco-de-historia-sobre-la-musica-de-guatemala\\\/#webpage\"},\"articleSection\":\"Guatemala, cmi, familia bosch, guatemala\"},{\"@type\":\"BreadcrumbList\",\"@id\":\"https:\\\/\\\/antoniobosch.com\\\/en\\\/un-poco-de-historia-sobre-la-musica-de-guatemala\\\/#breadcrumblist\",\"itemListElement\":[{\"@type\":\"ListItem\",\"@id\":\"https:\\\/\\\/antoniobosch.com\\\/en#listItem\",\"position\":1,\"name\":\"Inicio\",\"item\":\"https:\\\/\\\/antoniobosch.com\\\/en\",\"nextItem\":{\"@type\":\"ListItem\",\"@id\":\"https:\\\/\\\/antoniobosch.com\\\/en\\\/category\\\/guatemala\\\/#listItem\",\"name\":\"Guatemala\"}},{\"@type\":\"ListItem\",\"@id\":\"https:\\\/\\\/antoniobosch.com\\\/en\\\/category\\\/guatemala\\\/#listItem\",\"position\":2,\"name\":\"Guatemala\",\"item\":\"https:\\\/\\\/antoniobosch.com\\\/en\\\/category\\\/guatemala\\\/\",\"nextItem\":{\"@type\":\"ListItem\",\"@id\":\"https:\\\/\\\/antoniobosch.com\\\/en\\\/un-poco-de-historia-sobre-la-musica-de-guatemala\\\/#listItem\",\"name\":\"A bit of history about the music of Guatemala\"},\"previousItem\":{\"@type\":\"ListItem\",\"@id\":\"https:\\\/\\\/antoniobosch.com\\\/en#listItem\",\"name\":\"Inicio\"}},{\"@type\":\"ListItem\",\"@id\":\"https:\\\/\\\/antoniobosch.com\\\/en\\\/un-poco-de-historia-sobre-la-musica-de-guatemala\\\/#listItem\",\"position\":3,\"name\":\"A bit of history about the music of Guatemala\",\"previousItem\":{\"@type\":\"ListItem\",\"@id\":\"https:\\\/\\\/antoniobosch.com\\\/en\\\/category\\\/guatemala\\\/#listItem\",\"name\":\"Guatemala\"}}]},{\"@type\":\"Organization\",\"@id\":\"https:\\\/\\\/antoniobosch.com\\\/en\\\/#organization\",\"name\":\"Valtech\",\"description\":\"Descubre todo sobre el mundo empresarial en Guatemala y Latinoam\\u00e9rica\",\"url\":\"https:\\\/\\\/antoniobosch.com\\\/en\\\/\"},{\"@type\":\"Person\",\"@id\":\"https:\\\/\\\/antoniobosch.com\\\/en\\\/author\\\/editor\\\/#author\",\"url\":\"https:\\\/\\\/antoniobosch.com\\\/en\\\/author\\\/editor\\\/\",\"name\":\"Felipe Gutierrez\",\"image\":{\"@type\":\"ImageObject\",\"@id\":\"https:\\\/\\\/antoniobosch.com\\\/en\\\/un-poco-de-historia-sobre-la-musica-de-guatemala\\\/#authorImage\",\"url\":\"https:\\\/\\\/secure.gravatar.com\\\/avatar\\\/ae3e0ac57f6679354fad48dfb5f8278163772f738ad8a70ac712479b407d0c3d?s=96&d=mm&r=g\",\"width\":96,\"height\":96,\"caption\":\"Felipe Gutierrez\"}},{\"@type\":\"WebPage\",\"@id\":\"https:\\\/\\\/antoniobosch.com\\\/en\\\/un-poco-de-historia-sobre-la-musica-de-guatemala\\\/#webpage\",\"url\":\"https:\\\/\\\/antoniobosch.com\\\/en\\\/un-poco-de-historia-sobre-la-musica-de-guatemala\\\/\",\"name\":\"A bit of history about the music of Guatemala\",\"description\":\"A fines del siglo XVIII, la m\\u00fasica no religiosa comenz\\u00f3 a ser popular en Guatemala, pero mucho ha cambiado en esta naci\\u00f3n de Centroam\\u00e9rica.\",\"inLanguage\":\"en-US\",\"isPartOf\":{\"@id\":\"https:\\\/\\\/antoniobosch.com\\\/en\\\/#website\"},\"breadcrumb\":{\"@id\":\"https:\\\/\\\/antoniobosch.com\\\/en\\\/un-poco-de-historia-sobre-la-musica-de-guatemala\\\/#breadcrumblist\"},\"author\":{\"@id\":\"https:\\\/\\\/antoniobosch.com\\\/en\\\/author\\\/editor\\\/#author\"},\"creator\":{\"@id\":\"https:\\\/\\\/antoniobosch.com\\\/en\\\/author\\\/editor\\\/#author\"},\"image\":{\"@type\":\"ImageObject\",\"url\":\"https:\\\/\\\/antoniobosch.com\\\/wp-content\\\/uploads\\\/2023\\\/02\\\/91d34489-4d9b-4278-aaba-821066264ff7.jpg\",\"@id\":\"https:\\\/\\\/antoniobosch.com\\\/en\\\/un-poco-de-historia-sobre-la-musica-de-guatemala\\\/#mainImage\",\"width\":760,\"height\":430},\"primaryImageOfPage\":{\"@id\":\"https:\\\/\\\/antoniobosch.com\\\/en\\\/un-poco-de-historia-sobre-la-musica-de-guatemala\\\/#mainImage\"},\"datePublished\":\"2023-02-08T20:13:58-06:00\",\"dateModified\":\"2023-03-02T12:45:44-06:00\"},{\"@type\":\"WebSite\",\"@id\":\"https:\\\/\\\/antoniobosch.com\\\/en\\\/#website\",\"url\":\"https:\\\/\\\/antoniobosch.com\\\/en\\\/\",\"name\":\"Felipe A. Bosch\",\"description\":\"Descubre todo sobre el mundo empresarial en Guatemala y Latinoam\\u00e9rica\",\"inLanguage\":\"en-US\",\"publisher\":{\"@id\":\"https:\\\/\\\/antoniobosch.com\\\/en\\\/#organization\"}}]}\n\t\t<\/script>\n\t\t<!-- All in One SEO -->\n\n","aioseo_head_json":{"title":"A bit of history about the music of Guatemala","description":"A fines del siglo XVIII, la m\u00fasica no religiosa comenz\u00f3 a ser popular en Guatemala, pero mucho ha cambiado en esta naci\u00f3n de Centroam\u00e9rica.","canonical_url":"https:\/\/antoniobosch.com\/en\/un-poco-de-historia-sobre-la-musica-de-guatemala\/","robots":"max-image-preview:large","keywords":"","webmasterTools":{"miscellaneous":""},"schema":{"@context":"https:\/\/schema.org","@graph":[{"@type":"BlogPosting","@id":"https:\/\/antoniobosch.com\/en\/un-poco-de-historia-sobre-la-musica-de-guatemala\/#blogposting","name":"A bit of history about the music of Guatemala","headline":"A bit of history about the music of Guatemala","author":{"@id":"https:\/\/antoniobosch.com\/en\/author\/editor\/#author"},"publisher":{"@id":"https:\/\/antoniobosch.com\/en\/#organization"},"image":{"@type":"ImageObject","url":"https:\/\/antoniobosch.com\/wp-content\/uploads\/2023\/02\/91d34489-4d9b-4278-aaba-821066264ff7.jpg","width":760,"height":430},"datePublished":"2023-02-08T20:13:58-06:00","dateModified":"2023-03-02T12:45:44-06:00","inLanguage":"en-US","mainEntityOfPage":{"@id":"https:\/\/antoniobosch.com\/en\/un-poco-de-historia-sobre-la-musica-de-guatemala\/#webpage"},"isPartOf":{"@id":"https:\/\/antoniobosch.com\/en\/un-poco-de-historia-sobre-la-musica-de-guatemala\/#webpage"},"articleSection":"Guatemala, cmi, familia bosch, guatemala"},{"@type":"BreadcrumbList","@id":"https:\/\/antoniobosch.com\/en\/un-poco-de-historia-sobre-la-musica-de-guatemala\/#breadcrumblist","itemListElement":[{"@type":"ListItem","@id":"https:\/\/antoniobosch.com\/en#listItem","position":1,"name":"Inicio","item":"https:\/\/antoniobosch.com\/en","nextItem":{"@type":"ListItem","@id":"https:\/\/antoniobosch.com\/en\/category\/guatemala\/#listItem","name":"Guatemala"}},{"@type":"ListItem","@id":"https:\/\/antoniobosch.com\/en\/category\/guatemala\/#listItem","position":2,"name":"Guatemala","item":"https:\/\/antoniobosch.com\/en\/category\/guatemala\/","nextItem":{"@type":"ListItem","@id":"https:\/\/antoniobosch.com\/en\/un-poco-de-historia-sobre-la-musica-de-guatemala\/#listItem","name":"A bit of history about the music of Guatemala"},"previousItem":{"@type":"ListItem","@id":"https:\/\/antoniobosch.com\/en#listItem","name":"Inicio"}},{"@type":"ListItem","@id":"https:\/\/antoniobosch.com\/en\/un-poco-de-historia-sobre-la-musica-de-guatemala\/#listItem","position":3,"name":"A bit of history about the music of Guatemala","previousItem":{"@type":"ListItem","@id":"https:\/\/antoniobosch.com\/en\/category\/guatemala\/#listItem","name":"Guatemala"}}]},{"@type":"Organization","@id":"https:\/\/antoniobosch.com\/en\/#organization","name":"Valtech","description":"Descubre todo sobre el mundo empresarial en Guatemala y Latinoam\u00e9rica","url":"https:\/\/antoniobosch.com\/en\/"},{"@type":"Person","@id":"https:\/\/antoniobosch.com\/en\/author\/editor\/#author","url":"https:\/\/antoniobosch.com\/en\/author\/editor\/","name":"Felipe Gutierrez","image":{"@type":"ImageObject","@id":"https:\/\/antoniobosch.com\/en\/un-poco-de-historia-sobre-la-musica-de-guatemala\/#authorImage","url":"https:\/\/secure.gravatar.com\/avatar\/ae3e0ac57f6679354fad48dfb5f8278163772f738ad8a70ac712479b407d0c3d?s=96&d=mm&r=g","width":96,"height":96,"caption":"Felipe Gutierrez"}},{"@type":"WebPage","@id":"https:\/\/antoniobosch.com\/en\/un-poco-de-historia-sobre-la-musica-de-guatemala\/#webpage","url":"https:\/\/antoniobosch.com\/en\/un-poco-de-historia-sobre-la-musica-de-guatemala\/","name":"A bit of history about the music of Guatemala","description":"A fines del siglo XVIII, la m\u00fasica no religiosa comenz\u00f3 a ser popular en Guatemala, pero mucho ha cambiado en esta naci\u00f3n de Centroam\u00e9rica.","inLanguage":"en-US","isPartOf":{"@id":"https:\/\/antoniobosch.com\/en\/#website"},"breadcrumb":{"@id":"https:\/\/antoniobosch.com\/en\/un-poco-de-historia-sobre-la-musica-de-guatemala\/#breadcrumblist"},"author":{"@id":"https:\/\/antoniobosch.com\/en\/author\/editor\/#author"},"creator":{"@id":"https:\/\/antoniobosch.com\/en\/author\/editor\/#author"},"image":{"@type":"ImageObject","url":"https:\/\/antoniobosch.com\/wp-content\/uploads\/2023\/02\/91d34489-4d9b-4278-aaba-821066264ff7.jpg","@id":"https:\/\/antoniobosch.com\/en\/un-poco-de-historia-sobre-la-musica-de-guatemala\/#mainImage","width":760,"height":430},"primaryImageOfPage":{"@id":"https:\/\/antoniobosch.com\/en\/un-poco-de-historia-sobre-la-musica-de-guatemala\/#mainImage"},"datePublished":"2023-02-08T20:13:58-06:00","dateModified":"2023-03-02T12:45:44-06:00"},{"@type":"WebSite","@id":"https:\/\/antoniobosch.com\/en\/#website","url":"https:\/\/antoniobosch.com\/en\/","name":"Felipe A. Bosch","description":"Descubre todo sobre el mundo empresarial en Guatemala y Latinoam\u00e9rica","inLanguage":"en-US","publisher":{"@id":"https:\/\/antoniobosch.com\/en\/#organization"}}]},"og:locale":"en_US","og:site_name":"Felipe Bosch: Liderazgo, innovaci\u00f3n y transformaci\u00f3n de Guatemala","og:type":"article","og:title":"A bit of history about the music of Guatemala","og:description":"A fines del siglo XVIII, la m\u00fasica no religiosa comenz\u00f3 a ser popular en Guatemala, pero mucho ha cambiado en esta naci\u00f3n de Centroam\u00e9rica.","og:url":"https:\/\/antoniobosch.com\/en\/un-poco-de-historia-sobre-la-musica-de-guatemala\/","article:tag":["cmi","familia bosch","guatemala"],"article:published_time":"2023-02-09T02:13:58+00:00","article:modified_time":"2023-03-02T18:45:44+00:00","twitter:card":"summary_large_image","twitter:title":"A bit of history about the music of Guatemala","twitter:description":"A fines del siglo XVIII, la m\u00fasica no religiosa comenz\u00f3 a ser popular en Guatemala, pero mucho ha cambiado en esta naci\u00f3n de Centroam\u00e9rica.","twitter:label1":"Written by","twitter:data1":"Felipe Gutierrez","twitter:label2":"Est. reading time","twitter:data2":"6 minutes"},"aioseo_meta_data":{"post_id":"908","title":"#post_title","description":"A fines del siglo XVIII, la m\u00fasica no religiosa comenz\u00f3 a ser popular en Guatemala, pero mucho ha cambiado en esta naci\u00f3n de Centroam\u00e9rica.","keywords":[],"keyphrases":{"focus":{"keyphrase":"Guatemala","score":100,"analysis":{"keyphraseInTitle":{"score":9,"maxScore":9,"error":0},"keyphraseInDescription":{"score":9,"maxScore":9,"error":0},"keyphraseLength":{"score":9,"maxScore":9,"error":0,"length":1},"keyphraseInURL":{"score":5,"maxScore":5,"error":0},"keyphraseInIntroduction":{"score":9,"maxScore":9,"error":0},"keyphraseInSubHeadings":{"score":9,"maxScore":9,"error":0},"keyphraseInImageAlt":{"score":9,"maxScore":9,"error":0}}},"additional":[]},"primary_term":null,"canonical_url":null,"og_title":null,"og_description":null,"og_object_type":"default","og_image_type":"default","og_image_url":null,"og_image_width":null,"og_image_height":null,"og_image_custom_url":null,"og_image_custom_fields":null,"og_video":"","og_custom_url":null,"og_article_section":null,"og_article_tags":[],"twitter_use_og":false,"twitter_card":"default","twitter_image_type":"default","twitter_image_url":null,"twitter_image_custom_url":null,"twitter_image_custom_fields":null,"twitter_title":null,"twitter_description":null,"schema":{"blockGraphs":[],"customGraphs":[],"default":{"data":{"Article":[],"Course":[],"Dataset":[],"FAQPage":[],"Movie":[],"Person":[],"Product":[],"ProductReview":[],"Car":[],"Recipe":[],"Service":[],"SoftwareApplication":[],"WebPage":[]},"graphName":"","isEnabled":true},"graphs":[]},"schema_type":"default","schema_type_options":null,"pillar_content":false,"robots_default":true,"robots_noindex":false,"robots_noarchive":false,"robots_nosnippet":false,"robots_nofollow":false,"robots_noimageindex":false,"robots_noodp":false,"robots_notranslate":false,"robots_max_snippet":"-1","robots_max_videopreview":"-1","robots_max_imagepreview":"large","priority":null,"frequency":"default","local_seo":null,"breadcrumb_settings":null,"limit_modified_date":false,"ai":null,"created":"2023-02-26 02:13:58","updated":"2025-06-03 23:00:06","seo_analyzer_scan_date":null,"focus_keyword":"Guatemala","additional_keywords":null,"truseo_locale":null},"aioseo_breadcrumb":"<div class=\"aioseo-breadcrumbs\"><span class=\"aioseo-breadcrumb\">\n\t\t\t<a href=\"https:\/\/antoniobosch.com\/en\" title=\"Inicio\">Inicio<\/a>\n\t\t<\/span><span class=\"aioseo-breadcrumb-separator\">&raquo;<\/span><span class=\"aioseo-breadcrumb\">\n\t\t\t<a href=\"https:\/\/antoniobosch.com\/en\/category\/guatemala\/\" title=\"Guatemala\">Guatemala<\/a>\n\t\t<\/span><span class=\"aioseo-breadcrumb-separator\">&raquo;<\/span><span class=\"aioseo-breadcrumb\">\n\t\t\tA bit of history about the music of Guatemala\n\t\t<\/span><\/div>","aioseo_breadcrumb_json":[{"label":"Inicio","link":"https:\/\/antoniobosch.com\/en"},{"label":"Guatemala","link":"https:\/\/antoniobosch.com\/en\/category\/guatemala\/"},{"label":"A bit of history about the music of Guatemala","link":"https:\/\/antoniobosch.com\/en\/un-poco-de-historia-sobre-la-musica-de-guatemala\/"}],"_links":{"self":[{"href":"https:\/\/antoniobosch.com\/en\/wp-json\/wp\/v2\/posts\/908","targetHints":{"allow":["GET"]}}],"collection":[{"href":"https:\/\/antoniobosch.com\/en\/wp-json\/wp\/v2\/posts"}],"about":[{"href":"https:\/\/antoniobosch.com\/en\/wp-json\/wp\/v2\/types\/post"}],"author":[{"embeddable":true,"href":"https:\/\/antoniobosch.com\/en\/wp-json\/wp\/v2\/users\/1"}],"replies":[{"embeddable":true,"href":"https:\/\/antoniobosch.com\/en\/wp-json\/wp\/v2\/comments?post=908"}],"version-history":[{"count":7,"href":"https:\/\/antoniobosch.com\/en\/wp-json\/wp\/v2\/posts\/908\/revisions"}],"predecessor-version":[{"id":972,"href":"https:\/\/antoniobosch.com\/en\/wp-json\/wp\/v2\/posts\/908\/revisions\/972"}],"wp:featuredmedia":[{"embeddable":true,"href":"https:\/\/antoniobosch.com\/en\/wp-json\/wp\/v2\/media\/974"}],"wp:attachment":[{"href":"https:\/\/antoniobosch.com\/en\/wp-json\/wp\/v2\/media?parent=908"}],"wp:term":[{"taxonomy":"category","embeddable":true,"href":"https:\/\/antoniobosch.com\/en\/wp-json\/wp\/v2\/categories?post=908"},{"taxonomy":"post_tag","embeddable":true,"href":"https:\/\/antoniobosch.com\/en\/wp-json\/wp\/v2\/tags?post=908"}],"curies":[{"name":"wp","href":"https:\/\/api.w.org\/{rel}","templated":true}]}}