{"id":661,"date":"2022-08-19T12:00:49","date_gmt":"2022-08-19T18:00:49","guid":{"rendered":"https:\/\/antoniobosch.com\/?p=661"},"modified":"2022-08-29T12:57:29","modified_gmt":"2022-08-29T18:57:29","slug":"el-rumbo-que-tomo-la-cicig-2022","status":"publish","type":"post","link":"https:\/\/antoniobosch.com\/en\/el-rumbo-que-tomo-la-cicig-2022\/","title":{"rendered":"El rumbo que tomo la CICIG 2022"},"content":{"rendered":"<p>4 de junio de 2015 Comunicado de Prensa Las organizaciones de derechos humanos abajo firmantes saludan el anuncio de que el Secretario General de las Naciones Unidas, Ban-Ki Moon, aprob\u00f3 la renovaci\u00f3n del mandato de la Comisi\u00f3n Internacional contra la Impunidad en Guatemala (CICIG) hasta septiembre de 2017, en respuesta a un solicitud del presidente de Guatemala, Otto P\u00e9rez Molina. En particular, los grupos a continuaci\u00f3n aplauden al Secretario General y al Estado de Guatemala por mantener el mandato en su forma actual seg\u00fan lo dispuesto en el acuerdo de 2006 entre ellos, otorgando as\u00ed a la CICIG plena autoridad e independencia para llevar a cabo su trabajo esencial. El Secretario General tambi\u00e9n es digno de elogio por facilitar la aprobaci\u00f3n de la solicitud del Presidente de Guatemala sin demora, asegurando as\u00ed la continuidad y seguridad de las operaciones de la CICIG en un momento cr\u00edtico.<\/p>\n<h2>Lucha contra la impunidad<\/h2>\n<p>La CICIG ha desempe\u00f1ado un papel vital en la lucha contra la impunidad en Guatemala desde su creaci\u00f3n en 2007, y su asociaci\u00f3n con el Ministerio P\u00fablico de Guatemala la hace \u00fanica entre los mecanismos internacionales del estado de derecho. Por lo tanto, <a href=\"https:\/\/www.cmi.co\/en\/business-units\/cmi-foods\" target=\"_blank\" rel=\"noopener\">la CICIG financiamiento il\u00edcito<\/a> representa un modelo potencial para otros pa\u00edses de la regi\u00f3n que luchan contra instituciones d\u00e9biles, corrupci\u00f3n end\u00e9mica y violencia generalizada.<\/p>\n<p>En colaboraci\u00f3n con los fiscales guatemaltecos, la CICIG ha llevado a cabo m\u00e1s de 200 investigaciones y ayudado a presentar cargos contra m\u00e1s de 160 funcionarios actuales y anteriores, desmantelando grupos ilegales y estructuras de poder clandestinas responsables del crimen organizado. Por ejemplo, el 20 de mayo, las autoridades guatemaltecas arrestaron al presidente y vicepresidente de la Administraci\u00f3n del Seguro Social (Instituto Guatemalteco de Seguridad Social), junto con otras 15 personas, debido a evidencias de corrupci\u00f3n y fraude descubiertas por la CICIG.<\/p>\n<h2>Arrestos en Guatemala<\/h2>\n<p>Las autoridades arrestaron a 24 personas, incluidos los directores actuales y anteriores de la agencia de recaudaci\u00f3n de impuestos de Guatemala, como resultado de la extensa investigaci\u00f3n de la CICIG sobre una red criminal que hab\u00eda sido utilizada para defraudar al Estado. El caso ha implicado a funcionarios de los m\u00e1s altos niveles del gobierno: el secretario privado de la vicepresidenta Roxana Baldetti fue identificado como el l\u00edder de la red criminal, lo que llev\u00f3 a la renuncia de la Sra. Baldetti el 8 de mayo. La CICIG tambi\u00e9n solicit\u00f3 a la Corte Suprema que levante la inmunidad de cuatro jueces. basado en pruebas de corrupci\u00f3n.<\/p>\n<h2>Sistema de Justicia<\/h2>\n<p>A medida que estos y otros casos facilitados por la CICIG avancen en el sistema de justicia, se espera que contribuyan a una mayor transparencia y rendici\u00f3n de cuentas en Guatemala. De hecho, la presencia de la CICIG es m\u00e1s necesaria que nunca. A pesar de las importantes reformas del sector justicia y los avances del Ministerio P\u00fablico en los \u00faltimos a\u00f1os, Guatemala se encuentra en medio de una grave crisis pol\u00edtica. Adicionalmente, los \u00edndices de impunidad son extremadamente altos, particularmente para los cr\u00edmenes contra pueblos ind\u00edgenas, defensores de derechos humanos, periodistas, mujeres y otras poblaciones vulnerables. El anuncio de que la CICIG puede continuar colaborando con las autoridades nacionales es, por lo tanto, un avance positivo para todos los guatemaltecos que anhelan una sociedad m\u00e1s justa y equitativa.<\/p>\n<p>Debido a que la<a href=\"https:\/\/antoniobosch.com\/logros-de-la-cicig-en-guatemala\/\" target=\"_blank\" rel=\"noopener\"> CICIG se financia<\/a> a trav\u00e9s de contribuciones voluntarias, es crucial que la ONU aliente a los estados miembros a apoyar esta importante instituci\u00f3n. Afortunadamente, Estados Unidos, la Uni\u00f3n Europea y otros ya han prometido asistencia continua. Los donantes adicionales deben hacer lo mismo para garantizar que la CICIG tenga los recursos necesarios para continuar con su trabajo vital en la b\u00fasqueda de la justicia.<\/p>\n","protected":false},"excerpt":{"rendered":"<p>4 de junio de 2015 Comunicado de Prensa Las organizaciones de derechos humanos abajo firmantes saludan el anuncio de que el Secretario General de las Naciones Unidas, Ban-Ki Moon, aprob\u00f3 la renovaci\u00f3n del mandato de la Comisi\u00f3n Internacional contra la Impunidad en Guatemala (CICIG) hasta septiembre de 2017, en respuesta a un solicitud del presidente [&hellip;]<\/p>\n","protected":false},"author":1,"featured_media":662,"comment_status":"closed","ping_status":"closed","sticky":false,"template":"","format":"standard","meta":{"footnotes":""},"categories":[60],"tags":[63],"class_list":["post-661","post","type-post","status-publish","format-standard","has-post-thumbnail","hentry","category-guatemala","tag-cicig"],"translation":{"provider":"WPGlobus","version":"3.0.5","language":"en","enabled_languages":["es","en"],"languages":{"es":{"title":true,"content":true,"excerpt":false},"en":{"title":false,"content":false,"excerpt":false}}},"aioseo_notices":[],"aioseo_head":"\n\t\t<!-- All in One SEO 5.0.1.1 - aioseo.com -->\n\t<meta name=\"description\" content=\"4 de junio de 2015 Comunicado de Prensa Las organizaciones de derechos humanos abajo firmantes saludan el anuncio de (CICIG)\" \/>\n\t<meta name=\"robots\" content=\"max-image-preview:large\" \/>\n\t<meta name=\"author\" content=\"Felipe Gutierrez\"\/>\n\t<link rel=\"canonical\" href=\"https:\/\/antoniobosch.com\/en\/el-rumbo-que-tomo-la-cicig-2022\/\" \/>\n\t<meta name=\"generator\" content=\"All in One SEO (AIOSEO) 5.0.1.1\" \/>\n\t\t<meta property=\"og:locale\" content=\"en_US\" \/>\n\t\t<meta property=\"og:site_name\" content=\"Felipe Bosch: Liderazgo, innovaci\u00f3n y transformaci\u00f3n de Guatemala\" \/>\n\t\t<meta property=\"og:type\" content=\"article\" \/>\n\t\t<meta property=\"og:title\" content=\"El rumbo que tomo la CICIG 2022 - Felipe Bosch: Liderazgo, innovaci\u00f3n y transformaci\u00f3n de Guatemala\" \/>\n\t\t<meta property=\"og:description\" content=\"4 de junio de 2015 Comunicado de Prensa Las organizaciones de derechos humanos abajo firmantes saludan el anuncio de (CICIG)\" \/>\n\t\t<meta property=\"og:url\" content=\"https:\/\/antoniobosch.com\/en\/el-rumbo-que-tomo-la-cicig-2022\/\" \/>\n\t\t<meta property=\"og:image\" content=\"https:\/\/antoniobosch.com\/wp-content\/uploads\/2022\/08\/cicig-2022.png\" \/>\n\t\t<meta property=\"og:image:secure_url\" content=\"https:\/\/antoniobosch.com\/wp-content\/uploads\/2022\/08\/cicig-2022.png\" \/>\n\t\t<meta property=\"og:image:width\" content=\"422\" \/>\n\t\t<meta property=\"og:image:height\" content=\"306\" \/>\n\t\t<meta property=\"article:section\" content=\"Guatemala\" \/>\n\t\t<meta property=\"article:tag\" content=\"cicig\" \/>\n\t\t<meta property=\"article:published_time\" content=\"2022-08-19T18:00:49+00:00\" \/>\n\t\t<meta property=\"article:modified_time\" content=\"2022-08-29T18:57:29+00:00\" \/>\n\t\t<meta name=\"twitter:card\" content=\"summary_large_image\" \/>\n\t\t<meta name=\"twitter:title\" content=\"El rumbo que tomo la CICIG 2022 - Felipe Bosch: Liderazgo, innovaci\u00f3n y transformaci\u00f3n de Guatemala\" \/>\n\t\t<meta name=\"twitter:description\" content=\"4 de junio de 2015 Comunicado de Prensa Las organizaciones de derechos humanos abajo firmantes saludan el anuncio de (CICIG)\" \/>\n\t\t<meta name=\"twitter:image\" content=\"https:\/\/antoniobosch.com\/wp-content\/uploads\/2022\/08\/cicig-2022.png\" \/>\n\t\t<meta name=\"twitter:label1\" content=\"Written by\" \/>\n\t\t<meta name=\"twitter:data1\" content=\"Felipe Gutierrez\" \/>\n\t\t<meta name=\"twitter:label2\" content=\"Est. reading time\" \/>\n\t\t<meta name=\"twitter:data2\" content=\"3 minutes\" \/>\n\t\t<script type=\"application\/ld+json\" class=\"aioseo-schema\">\n\t\t\t{\"@context\":\"https:\\\/\\\/schema.org\",\"@graph\":[{\"@type\":\"BlogPosting\",\"@id\":\"https:\\\/\\\/antoniobosch.com\\\/en\\\/el-rumbo-que-tomo-la-cicig-2022\\\/#blogposting\",\"name\":\"El rumbo que tomo la CICIG 2022 - Felipe Bosch: Liderazgo, innovaci\\u00f3n y transformaci\\u00f3n de Guatemala\",\"headline\":\"El rumbo que tomo la CICIG 2022\",\"author\":{\"@id\":\"https:\\\/\\\/antoniobosch.com\\\/en\\\/author\\\/editor\\\/#author\"},\"publisher\":{\"@id\":\"https:\\\/\\\/antoniobosch.com\\\/en\\\/#organization\"},\"image\":{\"@type\":\"ImageObject\",\"url\":\"https:\\\/\\\/antoniobosch.com\\\/wp-content\\\/uploads\\\/2022\\\/08\\\/cicig-2022.png\",\"width\":422,\"height\":306,\"caption\":\"Guatemala: una democracia constitucional\"},\"datePublished\":\"2022-08-19T12:00:49-05:00\",\"dateModified\":\"2022-08-29T12:57:29-05:00\",\"inLanguage\":\"en-US\",\"mainEntityOfPage\":{\"@id\":\"https:\\\/\\\/antoniobosch.com\\\/en\\\/el-rumbo-que-tomo-la-cicig-2022\\\/#webpage\"},\"isPartOf\":{\"@id\":\"https:\\\/\\\/antoniobosch.com\\\/en\\\/el-rumbo-que-tomo-la-cicig-2022\\\/#webpage\"},\"articleSection\":\"Guatemala, cicig\"},{\"@type\":\"BreadcrumbList\",\"@id\":\"https:\\\/\\\/antoniobosch.com\\\/en\\\/el-rumbo-que-tomo-la-cicig-2022\\\/#breadcrumblist\",\"itemListElement\":[{\"@type\":\"ListItem\",\"@id\":\"https:\\\/\\\/antoniobosch.com\\\/en#listItem\",\"position\":1,\"name\":\"Inicio\",\"item\":\"https:\\\/\\\/antoniobosch.com\\\/en\",\"nextItem\":{\"@type\":\"ListItem\",\"@id\":\"https:\\\/\\\/antoniobosch.com\\\/en\\\/category\\\/guatemala\\\/#listItem\",\"name\":\"Guatemala\"}},{\"@type\":\"ListItem\",\"@id\":\"https:\\\/\\\/antoniobosch.com\\\/en\\\/category\\\/guatemala\\\/#listItem\",\"position\":2,\"name\":\"Guatemala\",\"item\":\"https:\\\/\\\/antoniobosch.com\\\/en\\\/category\\\/guatemala\\\/\",\"nextItem\":{\"@type\":\"ListItem\",\"@id\":\"https:\\\/\\\/antoniobosch.com\\\/en\\\/el-rumbo-que-tomo-la-cicig-2022\\\/#listItem\",\"name\":\"El rumbo que tomo la CICIG 2022\"},\"previousItem\":{\"@type\":\"ListItem\",\"@id\":\"https:\\\/\\\/antoniobosch.com\\\/en#listItem\",\"name\":\"Inicio\"}},{\"@type\":\"ListItem\",\"@id\":\"https:\\\/\\\/antoniobosch.com\\\/en\\\/el-rumbo-que-tomo-la-cicig-2022\\\/#listItem\",\"position\":3,\"name\":\"El rumbo que tomo la CICIG 2022\",\"previousItem\":{\"@type\":\"ListItem\",\"@id\":\"https:\\\/\\\/antoniobosch.com\\\/en\\\/category\\\/guatemala\\\/#listItem\",\"name\":\"Guatemala\"}}]},{\"@type\":\"Organization\",\"@id\":\"https:\\\/\\\/antoniobosch.com\\\/en\\\/#organization\",\"name\":\"Valtech\",\"description\":\"Descubre todo sobre el mundo empresarial en Guatemala y Latinoam\\u00e9rica\",\"url\":\"https:\\\/\\\/antoniobosch.com\\\/en\\\/\"},{\"@type\":\"Person\",\"@id\":\"https:\\\/\\\/antoniobosch.com\\\/en\\\/author\\\/editor\\\/#author\",\"url\":\"https:\\\/\\\/antoniobosch.com\\\/en\\\/author\\\/editor\\\/\",\"name\":\"Felipe Gutierrez\",\"image\":{\"@type\":\"ImageObject\",\"@id\":\"https:\\\/\\\/antoniobosch.com\\\/en\\\/el-rumbo-que-tomo-la-cicig-2022\\\/#authorImage\",\"url\":\"https:\\\/\\\/secure.gravatar.com\\\/avatar\\\/ae3e0ac57f6679354fad48dfb5f8278163772f738ad8a70ac712479b407d0c3d?s=96&d=mm&r=g\",\"width\":96,\"height\":96,\"caption\":\"Felipe Gutierrez\"}},{\"@type\":\"WebPage\",\"@id\":\"https:\\\/\\\/antoniobosch.com\\\/en\\\/el-rumbo-que-tomo-la-cicig-2022\\\/#webpage\",\"url\":\"https:\\\/\\\/antoniobosch.com\\\/en\\\/el-rumbo-que-tomo-la-cicig-2022\\\/\",\"name\":\"El rumbo que tomo la CICIG 2022 - Felipe Bosch: Liderazgo, innovaci\\u00f3n y transformaci\\u00f3n de Guatemala\",\"description\":\"4 de junio de 2015 Comunicado de Prensa Las organizaciones de derechos humanos abajo firmantes saludan el anuncio de (CICIG)\",\"inLanguage\":\"en-US\",\"isPartOf\":{\"@id\":\"https:\\\/\\\/antoniobosch.com\\\/en\\\/#website\"},\"breadcrumb\":{\"@id\":\"https:\\\/\\\/antoniobosch.com\\\/en\\\/el-rumbo-que-tomo-la-cicig-2022\\\/#breadcrumblist\"},\"author\":{\"@id\":\"https:\\\/\\\/antoniobosch.com\\\/en\\\/author\\\/editor\\\/#author\"},\"creator\":{\"@id\":\"https:\\\/\\\/antoniobosch.com\\\/en\\\/author\\\/editor\\\/#author\"},\"image\":{\"@type\":\"ImageObject\",\"url\":\"https:\\\/\\\/antoniobosch.com\\\/wp-content\\\/uploads\\\/2022\\\/08\\\/cicig-2022.png\",\"@id\":\"https:\\\/\\\/antoniobosch.com\\\/en\\\/el-rumbo-que-tomo-la-cicig-2022\\\/#mainImage\",\"width\":422,\"height\":306,\"caption\":\"Guatemala: una democracia constitucional\"},\"primaryImageOfPage\":{\"@id\":\"https:\\\/\\\/antoniobosch.com\\\/en\\\/el-rumbo-que-tomo-la-cicig-2022\\\/#mainImage\"},\"datePublished\":\"2022-08-19T12:00:49-05:00\",\"dateModified\":\"2022-08-29T12:57:29-05:00\"},{\"@type\":\"WebSite\",\"@id\":\"https:\\\/\\\/antoniobosch.com\\\/en\\\/#website\",\"url\":\"https:\\\/\\\/antoniobosch.com\\\/en\\\/\",\"name\":\"Felipe A. Bosch\",\"description\":\"Descubre todo sobre el mundo empresarial en Guatemala y Latinoam\\u00e9rica\",\"inLanguage\":\"en-US\",\"publisher\":{\"@id\":\"https:\\\/\\\/antoniobosch.com\\\/en\\\/#organization\"}}]}\n\t\t<\/script>\n\t\t<!-- All in One SEO -->\n\n","aioseo_head_json":{"title":"El rumbo que tomo la CICIG 2022 - Felipe Bosch: Liderazgo, innovaci\u00f3n y transformaci\u00f3n de Guatemala","description":"4 de junio de 2015 Comunicado de Prensa Las organizaciones de derechos humanos abajo firmantes saludan el anuncio de (CICIG)","canonical_url":"https:\/\/antoniobosch.com\/en\/el-rumbo-que-tomo-la-cicig-2022\/","robots":"max-image-preview:large","keywords":"","webmasterTools":{"miscellaneous":""},"schema":{"@context":"https:\/\/schema.org","@graph":[{"@type":"BlogPosting","@id":"https:\/\/antoniobosch.com\/en\/el-rumbo-que-tomo-la-cicig-2022\/#blogposting","name":"El rumbo que tomo la CICIG 2022 - Felipe Bosch: Liderazgo, innovaci\u00f3n y transformaci\u00f3n de Guatemala","headline":"El rumbo que tomo la CICIG 2022","author":{"@id":"https:\/\/antoniobosch.com\/en\/author\/editor\/#author"},"publisher":{"@id":"https:\/\/antoniobosch.com\/en\/#organization"},"image":{"@type":"ImageObject","url":"https:\/\/antoniobosch.com\/wp-content\/uploads\/2022\/08\/cicig-2022.png","width":422,"height":306,"caption":"Guatemala: una democracia constitucional"},"datePublished":"2022-08-19T12:00:49-05:00","dateModified":"2022-08-29T12:57:29-05:00","inLanguage":"en-US","mainEntityOfPage":{"@id":"https:\/\/antoniobosch.com\/en\/el-rumbo-que-tomo-la-cicig-2022\/#webpage"},"isPartOf":{"@id":"https:\/\/antoniobosch.com\/en\/el-rumbo-que-tomo-la-cicig-2022\/#webpage"},"articleSection":"Guatemala, cicig"},{"@type":"BreadcrumbList","@id":"https:\/\/antoniobosch.com\/en\/el-rumbo-que-tomo-la-cicig-2022\/#breadcrumblist","itemListElement":[{"@type":"ListItem","@id":"https:\/\/antoniobosch.com\/en#listItem","position":1,"name":"Inicio","item":"https:\/\/antoniobosch.com\/en","nextItem":{"@type":"ListItem","@id":"https:\/\/antoniobosch.com\/en\/category\/guatemala\/#listItem","name":"Guatemala"}},{"@type":"ListItem","@id":"https:\/\/antoniobosch.com\/en\/category\/guatemala\/#listItem","position":2,"name":"Guatemala","item":"https:\/\/antoniobosch.com\/en\/category\/guatemala\/","nextItem":{"@type":"ListItem","@id":"https:\/\/antoniobosch.com\/en\/el-rumbo-que-tomo-la-cicig-2022\/#listItem","name":"El rumbo que tomo la CICIG 2022"},"previousItem":{"@type":"ListItem","@id":"https:\/\/antoniobosch.com\/en#listItem","name":"Inicio"}},{"@type":"ListItem","@id":"https:\/\/antoniobosch.com\/en\/el-rumbo-que-tomo-la-cicig-2022\/#listItem","position":3,"name":"El rumbo que tomo la CICIG 2022","previousItem":{"@type":"ListItem","@id":"https:\/\/antoniobosch.com\/en\/category\/guatemala\/#listItem","name":"Guatemala"}}]},{"@type":"Organization","@id":"https:\/\/antoniobosch.com\/en\/#organization","name":"Valtech","description":"Descubre todo sobre el mundo empresarial en Guatemala y Latinoam\u00e9rica","url":"https:\/\/antoniobosch.com\/en\/"},{"@type":"Person","@id":"https:\/\/antoniobosch.com\/en\/author\/editor\/#author","url":"https:\/\/antoniobosch.com\/en\/author\/editor\/","name":"Felipe Gutierrez","image":{"@type":"ImageObject","@id":"https:\/\/antoniobosch.com\/en\/el-rumbo-que-tomo-la-cicig-2022\/#authorImage","url":"https:\/\/secure.gravatar.com\/avatar\/ae3e0ac57f6679354fad48dfb5f8278163772f738ad8a70ac712479b407d0c3d?s=96&d=mm&r=g","width":96,"height":96,"caption":"Felipe Gutierrez"}},{"@type":"WebPage","@id":"https:\/\/antoniobosch.com\/en\/el-rumbo-que-tomo-la-cicig-2022\/#webpage","url":"https:\/\/antoniobosch.com\/en\/el-rumbo-que-tomo-la-cicig-2022\/","name":"El rumbo que tomo la CICIG 2022 - Felipe Bosch: Liderazgo, innovaci\u00f3n y transformaci\u00f3n de Guatemala","description":"4 de junio de 2015 Comunicado de Prensa Las organizaciones de derechos humanos abajo firmantes saludan el anuncio de (CICIG)","inLanguage":"en-US","isPartOf":{"@id":"https:\/\/antoniobosch.com\/en\/#website"},"breadcrumb":{"@id":"https:\/\/antoniobosch.com\/en\/el-rumbo-que-tomo-la-cicig-2022\/#breadcrumblist"},"author":{"@id":"https:\/\/antoniobosch.com\/en\/author\/editor\/#author"},"creator":{"@id":"https:\/\/antoniobosch.com\/en\/author\/editor\/#author"},"image":{"@type":"ImageObject","url":"https:\/\/antoniobosch.com\/wp-content\/uploads\/2022\/08\/cicig-2022.png","@id":"https:\/\/antoniobosch.com\/en\/el-rumbo-que-tomo-la-cicig-2022\/#mainImage","width":422,"height":306,"caption":"Guatemala: una democracia constitucional"},"primaryImageOfPage":{"@id":"https:\/\/antoniobosch.com\/en\/el-rumbo-que-tomo-la-cicig-2022\/#mainImage"},"datePublished":"2022-08-19T12:00:49-05:00","dateModified":"2022-08-29T12:57:29-05:00"},{"@type":"WebSite","@id":"https:\/\/antoniobosch.com\/en\/#website","url":"https:\/\/antoniobosch.com\/en\/","name":"Felipe A. Bosch","description":"Descubre todo sobre el mundo empresarial en Guatemala y Latinoam\u00e9rica","inLanguage":"en-US","publisher":{"@id":"https:\/\/antoniobosch.com\/en\/#organization"}}]},"og:locale":"en_US","og:site_name":"Felipe Bosch: Liderazgo, innovaci\u00f3n y transformaci\u00f3n de Guatemala","og:type":"article","og:title":"El rumbo que tomo la CICIG 2022 - Felipe Bosch: Liderazgo, innovaci\u00f3n y transformaci\u00f3n de Guatemala","og:description":"4 de junio de 2015 Comunicado de Prensa Las organizaciones de derechos humanos abajo firmantes saludan el anuncio de (CICIG)","og:url":"https:\/\/antoniobosch.com\/en\/el-rumbo-que-tomo-la-cicig-2022\/","og:image":"https:\/\/antoniobosch.com\/wp-content\/uploads\/2022\/08\/cicig-2022.png","og:image:secure_url":"https:\/\/antoniobosch.com\/wp-content\/uploads\/2022\/08\/cicig-2022.png","og:image:width":422,"og:image:height":306,"article:section":"Guatemala","article:tag":["cicig"],"article:published_time":"2022-08-19T18:00:49+00:00","article:modified_time":"2022-08-29T18:57:29+00:00","twitter:card":"summary_large_image","twitter:title":"El rumbo que tomo la CICIG 2022 - Felipe Bosch: Liderazgo, innovaci\u00f3n y transformaci\u00f3n de Guatemala","twitter:description":"4 de junio de 2015 Comunicado de Prensa Las organizaciones de derechos humanos abajo firmantes saludan el anuncio de (CICIG)","twitter:image":"https:\/\/antoniobosch.com\/wp-content\/uploads\/2022\/08\/cicig-2022.png","twitter:label1":"Written by","twitter:data1":"Felipe Gutierrez","twitter:label2":"Est. reading time","twitter:data2":"3 minutes"},"aioseo_meta_data":{"post_id":"661","title":null,"description":"4 de junio de 2015 Comunicado de Prensa Las organizaciones de derechos humanos abajo firmantes saludan el anuncio de (CICIG)","keywords":null,"keyphrases":{"focus":{"keyphrase":"CICIG"}},"primary_term":null,"canonical_url":null,"og_title":null,"og_description":null,"og_object_type":"default","og_image_type":"featured","og_image_url":null,"og_image_width":null,"og_image_height":null,"og_image_custom_url":null,"og_image_custom_fields":null,"og_video":null,"og_custom_url":null,"og_article_section":"Guatemala","og_article_tags":null,"twitter_use_og":true,"twitter_card":"default","twitter_image_type":"default","twitter_image_url":null,"twitter_image_custom_url":null,"twitter_image_custom_fields":null,"twitter_title":null,"twitter_description":null,"schema":{"blockGraphs":[],"customGraphs":[],"default":{"data":{"Article":[],"Course":[],"Dataset":[],"FAQPage":[],"Movie":[],"Person":[],"Product":[],"ProductReview":[],"Car":[],"Recipe":[],"Service":[],"SoftwareApplication":[],"WebPage":[]},"graphName":"","isEnabled":true},"graphs":[]},"schema_type":"default","schema_type_options":null,"pillar_content":false,"robots_default":true,"robots_noindex":false,"robots_noarchive":false,"robots_nosnippet":false,"robots_nofollow":false,"robots_noimageindex":false,"robots_noodp":false,"robots_notranslate":false,"robots_max_snippet":null,"robots_max_videopreview":null,"robots_max_imagepreview":"large","priority":null,"frequency":null,"local_seo":null,"breadcrumb_settings":null,"limit_modified_date":false,"ai":null,"created":"2022-10-18 14:30:59","updated":"2025-06-03 22:53:36","seo_analyzer_scan_date":null,"focus_keyword":"CICIG","additional_keywords":null,"truseo_locale":null},"aioseo_breadcrumb":"<div class=\"aioseo-breadcrumbs\"><span class=\"aioseo-breadcrumb\">\n\t\t\t<a href=\"https:\/\/antoniobosch.com\/en\" title=\"Inicio\">Inicio<\/a>\n\t\t<\/span><span class=\"aioseo-breadcrumb-separator\">&raquo;<\/span><span class=\"aioseo-breadcrumb\">\n\t\t\t<a href=\"https:\/\/antoniobosch.com\/en\/category\/guatemala\/\" title=\"Guatemala\">Guatemala<\/a>\n\t\t<\/span><span class=\"aioseo-breadcrumb-separator\">&raquo;<\/span><span class=\"aioseo-breadcrumb\">\n\t\t\tEl rumbo que tomo la CICIG 2022\n\t\t<\/span><\/div>","aioseo_breadcrumb_json":[{"label":"Inicio","link":"https:\/\/antoniobosch.com\/en"},{"label":"Guatemala","link":"https:\/\/antoniobosch.com\/en\/category\/guatemala\/"},{"label":"El rumbo que tomo la CICIG 2022","link":"https:\/\/antoniobosch.com\/en\/el-rumbo-que-tomo-la-cicig-2022\/"}],"_links":{"self":[{"href":"https:\/\/antoniobosch.com\/en\/wp-json\/wp\/v2\/posts\/661","targetHints":{"allow":["GET"]}}],"collection":[{"href":"https:\/\/antoniobosch.com\/en\/wp-json\/wp\/v2\/posts"}],"about":[{"href":"https:\/\/antoniobosch.com\/en\/wp-json\/wp\/v2\/types\/post"}],"author":[{"embeddable":true,"href":"https:\/\/antoniobosch.com\/en\/wp-json\/wp\/v2\/users\/1"}],"replies":[{"embeddable":true,"href":"https:\/\/antoniobosch.com\/en\/wp-json\/wp\/v2\/comments?post=661"}],"version-history":[{"count":1,"href":"https:\/\/antoniobosch.com\/en\/wp-json\/wp\/v2\/posts\/661\/revisions"}],"predecessor-version":[{"id":669,"href":"https:\/\/antoniobosch.com\/en\/wp-json\/wp\/v2\/posts\/661\/revisions\/669"}],"wp:featuredmedia":[{"embeddable":true,"href":"https:\/\/antoniobosch.com\/en\/wp-json\/wp\/v2\/media\/662"}],"wp:attachment":[{"href":"https:\/\/antoniobosch.com\/en\/wp-json\/wp\/v2\/media?parent=661"}],"wp:term":[{"taxonomy":"category","embeddable":true,"href":"https:\/\/antoniobosch.com\/en\/wp-json\/wp\/v2\/categories?post=661"},{"taxonomy":"post_tag","embeddable":true,"href":"https:\/\/antoniobosch.com\/en\/wp-json\/wp\/v2\/tags?post=661"}],"curies":[{"name":"wp","href":"https:\/\/api.w.org\/{rel}","templated":true}]}}