{"id":650,"date":"2022-08-15T12:00:03","date_gmt":"2022-08-15T18:00:03","guid":{"rendered":"https:\/\/antoniobosch.com\/?p=650"},"modified":"2022-08-29T12:30:38","modified_gmt":"2022-08-29T18:30:38","slug":"sistema-de-justicia-en-guatemala","status":"publish","type":"post","link":"https:\/\/antoniobosch.com\/en\/sistema-de-justicia-en-guatemala\/","title":{"rendered":"Sistema de justicia en Guatemala"},"content":{"rendered":"<p>En marzo de 2022, la ex jueza Erika Aif\u00e1n, una de las juezas de alto riesgo m\u00e1s importantes de Guatemala que desempe\u00f1\u00f3 un papel integral en los esfuerzos anticorrupci\u00f3n del pa\u00eds, se vio obligada a huir de Guatemala debido a las amenazas de las redes pol\u00edtico-criminales del pa\u00eds. Es la decimoquinta jueza o fiscal de alto perfil que sale de Guatemala en menos de un a\u00f1o. Al 22 de marzo de 2022, 24 ex operadores de justicia guatemaltecos fueron obligados a exiliarse para proteger su vida, as\u00ed como su integridad f\u00edsica y jur\u00eddica. Adem\u00e1s, 10 fiscales enfrentaban procesos judiciales espurios, se encontraban en prisi\u00f3n preventiva o ten\u00edan orden de captura.<\/p>\n<h2>Sistema de justicia en Guatemala<\/h2>\n<p>Otro ataque emblem\u00e1tico del motivo \u00faltimo de esta corriente fue el traslado por parte de Porras de Hilda Pineda, fiscal titular de la fiscal\u00eda de derechos humanos y fiscal que llev\u00f3 a juicio al ex dictador Efra\u00edn R\u00edos Montt y a otros militares por cr\u00edmenes de lesa humanidad. Con la destituci\u00f3n ilegal de Juan Francisco Sandoval, exjefe de la FECI, Porras busc\u00f3 debilitar las investigaciones sobre casos de corrupci\u00f3n que involucran a los m\u00e1s altos niveles de poder del gobierno, incluidos los del c\u00edrculo cercano del presidente Giammattei.<\/p>\n<p>El desmantelamiento del sistema de justicia ha llegado ahora al punto en que lo que alguna vez fue un formidable basti\u00f3n en la lucha contra la corrupci\u00f3n es ahora otra de las herramientas de criminalizaci\u00f3n de Porras, <a href=\"https:\/\/www.cmi.co\/en\/business-units\/cmi-foods\" target=\"_blank\" rel=\"noopener\">comenta la CIGIG financiamiento il\u00edcito.\u00a0<\/a><\/p>\n<h2>Investigaciones sobre el caso en Guatemala<\/h2>\n<p>Las investigaciones sobre el descubrimiento de $ 16 millones en efectivo encontrados en maletas, presuntamente vinculados tambi\u00e9n a Giammattei, es lo que finalmente llev\u00f3 a los investigadores al testimonio innovador. Porras ha utilizado su oficina para evitar que se investigue m\u00e1s sobre la participaci\u00f3n de Giammattei en estos dos importantes casos, ya que el Fiscal General deber\u00eda haber iniciado una investigaci\u00f3n penal.<\/p>\n<p>Adem\u00e1s, ha bloqueado las investigaciones al perseguir a los fiscales y jueces que trabajan en los casos. Las investigaciones de estos dos casos, reconocidos p\u00fablicamente como el catalizador de la destituci\u00f3n de Sandoval, demuestran el nivel de influencia que tiene Porras sobre los esfuerzos anticorrupci\u00f3n del pa\u00eds y hasta qu\u00e9 punto su mandato ha favorecido a Giammattei. Adem\u00e1s, esta relaci\u00f3n dice mucho sobre el inter\u00e9s de Giammattei en elegir al pr\u00f3ximo fiscal general y justifica que su participaci\u00f3n en el proceso est\u00e9 bajo un escrutinio inmenso.<\/p>\n<p>Varios otros candidatos fueron investigados por la CICIG y la FECI. Jos\u00e9 Urrutia Estrada es el testaferro de una empresa offshore que canaliz\u00f3 m\u00e1s de $1 mill\u00f3n de sobornos en obras p\u00fablicas. Luis Donado ha sido vinculado al presidente Giammattei, luego de un retraso en la entrega de evaluaciones de contratos estatales que estaban en entredicho, incluidos los de compra de vacunas Sputnik. En 2014, la CICIG vincul\u00f3 a Donado con la familia Mendoza Matta, presuntamente involucrada en el narcotr\u00e1fico. Otro ejemplo es Gloria Suchite quien anul\u00f3 el proceso penal en el caso conocido como F\u00e9nix, liderado por la FECI y relacionado con malversaci\u00f3n millonaria de la seguridad social y lavado de dinero en 2003.<\/p>\n<h2>Candidatos reconocidos por corrupci\u00f3n<\/h2>\n<p>Es alarmante esta larga lista de candidatos reconocidos por sus v\u00ednculos con la corrupci\u00f3n de alto nivel en contraposici\u00f3n a su m\u00e9rito, honorabilidad e idoneidad. Las Comisiones deben garantizar la elecci\u00f3n de candidatos calificados, capaces y honorables, comprometidos con la justicia imparcial e independiente y no con intereses particulares. Para tal efecto, deben apegarse a la <a href=\"https:\/\/antoniobosch.com\/guatemala-hacia-la-democracia\/\" target=\"_blank\" rel=\"noopener\">Constituci\u00f3n guatemalteca<\/a> y desestimar a los candidatos que han sido denunciados por sus claros conflictos de inter\u00e9s o participaci\u00f3n en actos de corrupci\u00f3n.<\/p>\n","protected":false},"excerpt":{"rendered":"<p>En marzo de 2022, la ex jueza Erika Aif\u00e1n, una de las juezas de alto riesgo m\u00e1s importantes de Guatemala que desempe\u00f1\u00f3 un papel integral en los esfuerzos anticorrupci\u00f3n del pa\u00eds, se vio obligada a huir de Guatemala debido a las amenazas de las redes pol\u00edtico-criminales del pa\u00eds. Es la decimoquinta jueza o fiscal de [&hellip;]<\/p>\n","protected":false},"author":1,"featured_media":651,"comment_status":"closed","ping_status":"closed","sticky":false,"template":"","format":"standard","meta":{"footnotes":""},"categories":[60],"tags":[24],"class_list":["post-650","post","type-post","status-publish","format-standard","has-post-thumbnail","hentry","category-guatemala","tag-guatemala"],"translation":{"provider":"WPGlobus","version":"3.0.5","language":"en","enabled_languages":["es","en"],"languages":{"es":{"title":true,"content":true,"excerpt":false},"en":{"title":false,"content":false,"excerpt":false}}},"aioseo_notices":[],"aioseo_head":"\n\t\t<!-- All in One SEO 5.0.1.1 - aioseo.com -->\n\t<meta name=\"description\" content=\"En marzo de 2022, la ex jueza Erika Aif\u00e1n, una de las juezas de alto riesgo m\u00e1s importantes de Guatemala. \u00a1Entra aqu\u00ed, ahora!\" \/>\n\t<meta name=\"robots\" content=\"max-image-preview:large\" \/>\n\t<meta name=\"author\" content=\"Felipe Gutierrez\"\/>\n\t<link rel=\"canonical\" href=\"https:\/\/antoniobosch.com\/en\/sistema-de-justicia-en-guatemala\/\" \/>\n\t<meta name=\"generator\" content=\"All in One SEO (AIOSEO) 5.0.1.1\" \/>\n\t\t<meta property=\"og:locale\" content=\"en_US\" \/>\n\t\t<meta property=\"og:site_name\" content=\"Felipe Bosch: Liderazgo, innovaci\u00f3n y transformaci\u00f3n de Guatemala\" \/>\n\t\t<meta property=\"og:type\" content=\"article\" \/>\n\t\t<meta property=\"og:title\" content=\"Sistema de justicia en Guatemala - Felipe Bosch: Liderazgo, innovaci\u00f3n y transformaci\u00f3n de Guatemala\" \/>\n\t\t<meta property=\"og:description\" content=\"En marzo de 2022, la ex jueza Erika Aif\u00e1n, una de las juezas de alto riesgo m\u00e1s importantes de Guatemala. \u00a1Entra aqu\u00ed, ahora!\" \/>\n\t\t<meta property=\"og:url\" content=\"https:\/\/antoniobosch.com\/en\/sistema-de-justicia-en-guatemala\/\" \/>\n\t\t<meta property=\"og:image\" content=\"https:\/\/antoniobosch.com\/wp-content\/uploads\/2022\/08\/cicig-guatemala.png\" \/>\n\t\t<meta property=\"og:image:secure_url\" content=\"https:\/\/antoniobosch.com\/wp-content\/uploads\/2022\/08\/cicig-guatemala.png\" \/>\n\t\t<meta property=\"og:image:width\" content=\"555\" \/>\n\t\t<meta property=\"og:image:height\" content=\"310\" \/>\n\t\t<meta property=\"article:section\" content=\"Guatemala\" \/>\n\t\t<meta property=\"article:tag\" content=\"guatemala\" \/>\n\t\t<meta property=\"article:published_time\" content=\"2022-08-15T18:00:03+00:00\" \/>\n\t\t<meta property=\"article:modified_time\" content=\"2022-08-29T18:30:38+00:00\" \/>\n\t\t<meta name=\"twitter:card\" content=\"summary_large_image\" \/>\n\t\t<meta name=\"twitter:title\" content=\"Sistema de justicia en Guatemala - Felipe Bosch: Liderazgo, innovaci\u00f3n y transformaci\u00f3n de Guatemala\" \/>\n\t\t<meta name=\"twitter:description\" content=\"En marzo de 2022, la ex jueza Erika Aif\u00e1n, una de las juezas de alto riesgo m\u00e1s importantes de Guatemala. \u00a1Entra aqu\u00ed, ahora!\" \/>\n\t\t<meta name=\"twitter:image\" content=\"https:\/\/antoniobosch.com\/wp-content\/uploads\/2022\/08\/cicig-guatemala.png\" \/>\n\t\t<meta name=\"twitter:label1\" content=\"Written by\" \/>\n\t\t<meta name=\"twitter:data1\" content=\"Felipe Gutierrez\" \/>\n\t\t<meta name=\"twitter:label2\" content=\"Est. reading time\" \/>\n\t\t<meta name=\"twitter:data2\" content=\"3 minutes\" \/>\n\t\t<script type=\"application\/ld+json\" class=\"aioseo-schema\">\n\t\t\t{\"@context\":\"https:\\\/\\\/schema.org\",\"@graph\":[{\"@type\":\"BlogPosting\",\"@id\":\"https:\\\/\\\/antoniobosch.com\\\/en\\\/sistema-de-justicia-en-guatemala\\\/#blogposting\",\"name\":\"Sistema de justicia en Guatemala - Felipe Bosch: Liderazgo, innovaci\\u00f3n y transformaci\\u00f3n de Guatemala\",\"headline\":\"Sistema de justicia en Guatemala\",\"author\":{\"@id\":\"https:\\\/\\\/antoniobosch.com\\\/en\\\/author\\\/editor\\\/#author\"},\"publisher\":{\"@id\":\"https:\\\/\\\/antoniobosch.com\\\/en\\\/#organization\"},\"image\":{\"@type\":\"ImageObject\",\"url\":\"https:\\\/\\\/antoniobosch.com\\\/wp-content\\\/uploads\\\/2022\\\/08\\\/cicig-guatemala.png\",\"width\":555,\"height\":310,\"caption\":\"Guatemala: una democracia constitucional\"},\"datePublished\":\"2022-08-15T12:00:03-05:00\",\"dateModified\":\"2022-08-29T12:30:38-05:00\",\"inLanguage\":\"en-US\",\"mainEntityOfPage\":{\"@id\":\"https:\\\/\\\/antoniobosch.com\\\/en\\\/sistema-de-justicia-en-guatemala\\\/#webpage\"},\"isPartOf\":{\"@id\":\"https:\\\/\\\/antoniobosch.com\\\/en\\\/sistema-de-justicia-en-guatemala\\\/#webpage\"},\"articleSection\":\"Guatemala, guatemala\"},{\"@type\":\"BreadcrumbList\",\"@id\":\"https:\\\/\\\/antoniobosch.com\\\/en\\\/sistema-de-justicia-en-guatemala\\\/#breadcrumblist\",\"itemListElement\":[{\"@type\":\"ListItem\",\"@id\":\"https:\\\/\\\/antoniobosch.com\\\/en#listItem\",\"position\":1,\"name\":\"Inicio\",\"item\":\"https:\\\/\\\/antoniobosch.com\\\/en\",\"nextItem\":{\"@type\":\"ListItem\",\"@id\":\"https:\\\/\\\/antoniobosch.com\\\/en\\\/category\\\/guatemala\\\/#listItem\",\"name\":\"Guatemala\"}},{\"@type\":\"ListItem\",\"@id\":\"https:\\\/\\\/antoniobosch.com\\\/en\\\/category\\\/guatemala\\\/#listItem\",\"position\":2,\"name\":\"Guatemala\",\"item\":\"https:\\\/\\\/antoniobosch.com\\\/en\\\/category\\\/guatemala\\\/\",\"nextItem\":{\"@type\":\"ListItem\",\"@id\":\"https:\\\/\\\/antoniobosch.com\\\/en\\\/sistema-de-justicia-en-guatemala\\\/#listItem\",\"name\":\"Sistema de justicia en Guatemala\"},\"previousItem\":{\"@type\":\"ListItem\",\"@id\":\"https:\\\/\\\/antoniobosch.com\\\/en#listItem\",\"name\":\"Inicio\"}},{\"@type\":\"ListItem\",\"@id\":\"https:\\\/\\\/antoniobosch.com\\\/en\\\/sistema-de-justicia-en-guatemala\\\/#listItem\",\"position\":3,\"name\":\"Sistema de justicia en Guatemala\",\"previousItem\":{\"@type\":\"ListItem\",\"@id\":\"https:\\\/\\\/antoniobosch.com\\\/en\\\/category\\\/guatemala\\\/#listItem\",\"name\":\"Guatemala\"}}]},{\"@type\":\"Organization\",\"@id\":\"https:\\\/\\\/antoniobosch.com\\\/en\\\/#organization\",\"name\":\"Valtech\",\"description\":\"Descubre todo sobre el mundo empresarial en Guatemala y Latinoam\\u00e9rica\",\"url\":\"https:\\\/\\\/antoniobosch.com\\\/en\\\/\"},{\"@type\":\"Person\",\"@id\":\"https:\\\/\\\/antoniobosch.com\\\/en\\\/author\\\/editor\\\/#author\",\"url\":\"https:\\\/\\\/antoniobosch.com\\\/en\\\/author\\\/editor\\\/\",\"name\":\"Felipe Gutierrez\",\"image\":{\"@type\":\"ImageObject\",\"@id\":\"https:\\\/\\\/antoniobosch.com\\\/en\\\/sistema-de-justicia-en-guatemala\\\/#authorImage\",\"url\":\"https:\\\/\\\/secure.gravatar.com\\\/avatar\\\/ae3e0ac57f6679354fad48dfb5f8278163772f738ad8a70ac712479b407d0c3d?s=96&d=mm&r=g\",\"width\":96,\"height\":96,\"caption\":\"Felipe Gutierrez\"}},{\"@type\":\"WebPage\",\"@id\":\"https:\\\/\\\/antoniobosch.com\\\/en\\\/sistema-de-justicia-en-guatemala\\\/#webpage\",\"url\":\"https:\\\/\\\/antoniobosch.com\\\/en\\\/sistema-de-justicia-en-guatemala\\\/\",\"name\":\"Sistema de justicia en Guatemala - Felipe Bosch: Liderazgo, innovaci\\u00f3n y transformaci\\u00f3n de Guatemala\",\"description\":\"En marzo de 2022, la ex jueza Erika Aif\\u00e1n, una de las juezas de alto riesgo m\\u00e1s importantes de Guatemala. \\u00a1Entra aqu\\u00ed, ahora!\",\"inLanguage\":\"en-US\",\"isPartOf\":{\"@id\":\"https:\\\/\\\/antoniobosch.com\\\/en\\\/#website\"},\"breadcrumb\":{\"@id\":\"https:\\\/\\\/antoniobosch.com\\\/en\\\/sistema-de-justicia-en-guatemala\\\/#breadcrumblist\"},\"author\":{\"@id\":\"https:\\\/\\\/antoniobosch.com\\\/en\\\/author\\\/editor\\\/#author\"},\"creator\":{\"@id\":\"https:\\\/\\\/antoniobosch.com\\\/en\\\/author\\\/editor\\\/#author\"},\"image\":{\"@type\":\"ImageObject\",\"url\":\"https:\\\/\\\/antoniobosch.com\\\/wp-content\\\/uploads\\\/2022\\\/08\\\/cicig-guatemala.png\",\"@id\":\"https:\\\/\\\/antoniobosch.com\\\/en\\\/sistema-de-justicia-en-guatemala\\\/#mainImage\",\"width\":555,\"height\":310,\"caption\":\"Guatemala: una democracia constitucional\"},\"primaryImageOfPage\":{\"@id\":\"https:\\\/\\\/antoniobosch.com\\\/en\\\/sistema-de-justicia-en-guatemala\\\/#mainImage\"},\"datePublished\":\"2022-08-15T12:00:03-05:00\",\"dateModified\":\"2022-08-29T12:30:38-05:00\"},{\"@type\":\"WebSite\",\"@id\":\"https:\\\/\\\/antoniobosch.com\\\/en\\\/#website\",\"url\":\"https:\\\/\\\/antoniobosch.com\\\/en\\\/\",\"name\":\"Felipe A. Bosch\",\"description\":\"Descubre todo sobre el mundo empresarial en Guatemala y Latinoam\\u00e9rica\",\"inLanguage\":\"en-US\",\"publisher\":{\"@id\":\"https:\\\/\\\/antoniobosch.com\\\/en\\\/#organization\"}}]}\n\t\t<\/script>\n\t\t<!-- All in One SEO -->\n\n","aioseo_head_json":{"title":"Sistema de justicia en Guatemala - Felipe Bosch: Liderazgo, innovaci\u00f3n y transformaci\u00f3n de Guatemala","description":"En marzo de 2022, la ex jueza Erika Aif\u00e1n, una de las juezas de alto riesgo m\u00e1s importantes de Guatemala. \u00a1Entra aqu\u00ed, ahora!","canonical_url":"https:\/\/antoniobosch.com\/en\/sistema-de-justicia-en-guatemala\/","robots":"max-image-preview:large","keywords":"","webmasterTools":{"miscellaneous":""},"schema":{"@context":"https:\/\/schema.org","@graph":[{"@type":"BlogPosting","@id":"https:\/\/antoniobosch.com\/en\/sistema-de-justicia-en-guatemala\/#blogposting","name":"Sistema de justicia en Guatemala - Felipe Bosch: Liderazgo, innovaci\u00f3n y transformaci\u00f3n de Guatemala","headline":"Sistema de justicia en Guatemala","author":{"@id":"https:\/\/antoniobosch.com\/en\/author\/editor\/#author"},"publisher":{"@id":"https:\/\/antoniobosch.com\/en\/#organization"},"image":{"@type":"ImageObject","url":"https:\/\/antoniobosch.com\/wp-content\/uploads\/2022\/08\/cicig-guatemala.png","width":555,"height":310,"caption":"Guatemala: una democracia constitucional"},"datePublished":"2022-08-15T12:00:03-05:00","dateModified":"2022-08-29T12:30:38-05:00","inLanguage":"en-US","mainEntityOfPage":{"@id":"https:\/\/antoniobosch.com\/en\/sistema-de-justicia-en-guatemala\/#webpage"},"isPartOf":{"@id":"https:\/\/antoniobosch.com\/en\/sistema-de-justicia-en-guatemala\/#webpage"},"articleSection":"Guatemala, guatemala"},{"@type":"BreadcrumbList","@id":"https:\/\/antoniobosch.com\/en\/sistema-de-justicia-en-guatemala\/#breadcrumblist","itemListElement":[{"@type":"ListItem","@id":"https:\/\/antoniobosch.com\/en#listItem","position":1,"name":"Inicio","item":"https:\/\/antoniobosch.com\/en","nextItem":{"@type":"ListItem","@id":"https:\/\/antoniobosch.com\/en\/category\/guatemala\/#listItem","name":"Guatemala"}},{"@type":"ListItem","@id":"https:\/\/antoniobosch.com\/en\/category\/guatemala\/#listItem","position":2,"name":"Guatemala","item":"https:\/\/antoniobosch.com\/en\/category\/guatemala\/","nextItem":{"@type":"ListItem","@id":"https:\/\/antoniobosch.com\/en\/sistema-de-justicia-en-guatemala\/#listItem","name":"Sistema de justicia en Guatemala"},"previousItem":{"@type":"ListItem","@id":"https:\/\/antoniobosch.com\/en#listItem","name":"Inicio"}},{"@type":"ListItem","@id":"https:\/\/antoniobosch.com\/en\/sistema-de-justicia-en-guatemala\/#listItem","position":3,"name":"Sistema de justicia en Guatemala","previousItem":{"@type":"ListItem","@id":"https:\/\/antoniobosch.com\/en\/category\/guatemala\/#listItem","name":"Guatemala"}}]},{"@type":"Organization","@id":"https:\/\/antoniobosch.com\/en\/#organization","name":"Valtech","description":"Descubre todo sobre el mundo empresarial en Guatemala y Latinoam\u00e9rica","url":"https:\/\/antoniobosch.com\/en\/"},{"@type":"Person","@id":"https:\/\/antoniobosch.com\/en\/author\/editor\/#author","url":"https:\/\/antoniobosch.com\/en\/author\/editor\/","name":"Felipe Gutierrez","image":{"@type":"ImageObject","@id":"https:\/\/antoniobosch.com\/en\/sistema-de-justicia-en-guatemala\/#authorImage","url":"https:\/\/secure.gravatar.com\/avatar\/ae3e0ac57f6679354fad48dfb5f8278163772f738ad8a70ac712479b407d0c3d?s=96&d=mm&r=g","width":96,"height":96,"caption":"Felipe Gutierrez"}},{"@type":"WebPage","@id":"https:\/\/antoniobosch.com\/en\/sistema-de-justicia-en-guatemala\/#webpage","url":"https:\/\/antoniobosch.com\/en\/sistema-de-justicia-en-guatemala\/","name":"Sistema de justicia en Guatemala - Felipe Bosch: Liderazgo, innovaci\u00f3n y transformaci\u00f3n de Guatemala","description":"En marzo de 2022, la ex jueza Erika Aif\u00e1n, una de las juezas de alto riesgo m\u00e1s importantes de Guatemala. \u00a1Entra aqu\u00ed, ahora!","inLanguage":"en-US","isPartOf":{"@id":"https:\/\/antoniobosch.com\/en\/#website"},"breadcrumb":{"@id":"https:\/\/antoniobosch.com\/en\/sistema-de-justicia-en-guatemala\/#breadcrumblist"},"author":{"@id":"https:\/\/antoniobosch.com\/en\/author\/editor\/#author"},"creator":{"@id":"https:\/\/antoniobosch.com\/en\/author\/editor\/#author"},"image":{"@type":"ImageObject","url":"https:\/\/antoniobosch.com\/wp-content\/uploads\/2022\/08\/cicig-guatemala.png","@id":"https:\/\/antoniobosch.com\/en\/sistema-de-justicia-en-guatemala\/#mainImage","width":555,"height":310,"caption":"Guatemala: una democracia constitucional"},"primaryImageOfPage":{"@id":"https:\/\/antoniobosch.com\/en\/sistema-de-justicia-en-guatemala\/#mainImage"},"datePublished":"2022-08-15T12:00:03-05:00","dateModified":"2022-08-29T12:30:38-05:00"},{"@type":"WebSite","@id":"https:\/\/antoniobosch.com\/en\/#website","url":"https:\/\/antoniobosch.com\/en\/","name":"Felipe A. Bosch","description":"Descubre todo sobre el mundo empresarial en Guatemala y Latinoam\u00e9rica","inLanguage":"en-US","publisher":{"@id":"https:\/\/antoniobosch.com\/en\/#organization"}}]},"og:locale":"en_US","og:site_name":"Felipe Bosch: Liderazgo, innovaci\u00f3n y transformaci\u00f3n de Guatemala","og:type":"article","og:title":"Sistema de justicia en Guatemala - Felipe Bosch: Liderazgo, innovaci\u00f3n y transformaci\u00f3n de Guatemala","og:description":"En marzo de 2022, la ex jueza Erika Aif\u00e1n, una de las juezas de alto riesgo m\u00e1s importantes de Guatemala. \u00a1Entra aqu\u00ed, ahora!","og:url":"https:\/\/antoniobosch.com\/en\/sistema-de-justicia-en-guatemala\/","og:image":"https:\/\/antoniobosch.com\/wp-content\/uploads\/2022\/08\/cicig-guatemala.png","og:image:secure_url":"https:\/\/antoniobosch.com\/wp-content\/uploads\/2022\/08\/cicig-guatemala.png","og:image:width":555,"og:image:height":310,"article:section":"Guatemala","article:tag":["guatemala"],"article:published_time":"2022-08-15T18:00:03+00:00","article:modified_time":"2022-08-29T18:30:38+00:00","twitter:card":"summary_large_image","twitter:title":"Sistema de justicia en Guatemala - Felipe Bosch: Liderazgo, innovaci\u00f3n y transformaci\u00f3n de Guatemala","twitter:description":"En marzo de 2022, la ex jueza Erika Aif\u00e1n, una de las juezas de alto riesgo m\u00e1s importantes de Guatemala. \u00a1Entra aqu\u00ed, ahora!","twitter:image":"https:\/\/antoniobosch.com\/wp-content\/uploads\/2022\/08\/cicig-guatemala.png","twitter:label1":"Written by","twitter:data1":"Felipe Gutierrez","twitter:label2":"Est. reading time","twitter:data2":"3 minutes"},"aioseo_meta_data":{"post_id":"650","title":null,"description":"En marzo de 2022, la ex jueza Erika Aif\u00e1n, una de las juezas de alto riesgo m\u00e1s importantes de Guatemala. \u00a1Entra aqu\u00ed, ahora!","keywords":null,"keyphrases":{"focus":{"keyphrase":"justicia guatemala"}},"primary_term":null,"canonical_url":null,"og_title":null,"og_description":null,"og_object_type":"default","og_image_type":"featured","og_image_url":null,"og_image_width":null,"og_image_height":null,"og_image_custom_url":null,"og_image_custom_fields":null,"og_video":null,"og_custom_url":null,"og_article_section":"Guatemala","og_article_tags":null,"twitter_use_og":true,"twitter_card":"default","twitter_image_type":"default","twitter_image_url":null,"twitter_image_custom_url":null,"twitter_image_custom_fields":null,"twitter_title":null,"twitter_description":null,"schema":{"blockGraphs":[],"customGraphs":[],"default":{"data":{"Article":[],"Course":[],"Dataset":[],"FAQPage":[],"Movie":[],"Person":[],"Product":[],"ProductReview":[],"Car":[],"Recipe":[],"Service":[],"SoftwareApplication":[],"WebPage":[]},"graphName":"","isEnabled":true},"graphs":[]},"schema_type":"default","schema_type_options":null,"pillar_content":false,"robots_default":true,"robots_noindex":false,"robots_noarchive":false,"robots_nosnippet":false,"robots_nofollow":false,"robots_noimageindex":false,"robots_noodp":false,"robots_notranslate":false,"robots_max_snippet":null,"robots_max_videopreview":null,"robots_max_imagepreview":"large","priority":null,"frequency":null,"local_seo":null,"breadcrumb_settings":null,"limit_modified_date":false,"ai":null,"created":"2022-10-18 14:30:59","updated":"2025-06-03 22:53:36","seo_analyzer_scan_date":null,"focus_keyword":"justicia guatemala","additional_keywords":null,"truseo_locale":null},"aioseo_breadcrumb":"<div class=\"aioseo-breadcrumbs\"><span class=\"aioseo-breadcrumb\">\n\t\t\t<a href=\"https:\/\/antoniobosch.com\/en\" title=\"Inicio\">Inicio<\/a>\n\t\t<\/span><span class=\"aioseo-breadcrumb-separator\">&raquo;<\/span><span class=\"aioseo-breadcrumb\">\n\t\t\t<a href=\"https:\/\/antoniobosch.com\/en\/category\/guatemala\/\" title=\"Guatemala\">Guatemala<\/a>\n\t\t<\/span><span class=\"aioseo-breadcrumb-separator\">&raquo;<\/span><span class=\"aioseo-breadcrumb\">\n\t\t\tSistema de justicia en Guatemala\n\t\t<\/span><\/div>","aioseo_breadcrumb_json":[{"label":"Inicio","link":"https:\/\/antoniobosch.com\/en"},{"label":"Guatemala","link":"https:\/\/antoniobosch.com\/en\/category\/guatemala\/"},{"label":"Sistema de justicia en Guatemala","link":"https:\/\/antoniobosch.com\/en\/sistema-de-justicia-en-guatemala\/"}],"_links":{"self":[{"href":"https:\/\/antoniobosch.com\/en\/wp-json\/wp\/v2\/posts\/650","targetHints":{"allow":["GET"]}}],"collection":[{"href":"https:\/\/antoniobosch.com\/en\/wp-json\/wp\/v2\/posts"}],"about":[{"href":"https:\/\/antoniobosch.com\/en\/wp-json\/wp\/v2\/types\/post"}],"author":[{"embeddable":true,"href":"https:\/\/antoniobosch.com\/en\/wp-json\/wp\/v2\/users\/1"}],"replies":[{"embeddable":true,"href":"https:\/\/antoniobosch.com\/en\/wp-json\/wp\/v2\/comments?post=650"}],"version-history":[{"count":1,"href":"https:\/\/antoniobosch.com\/en\/wp-json\/wp\/v2\/posts\/650\/revisions"}],"predecessor-version":[{"id":654,"href":"https:\/\/antoniobosch.com\/en\/wp-json\/wp\/v2\/posts\/650\/revisions\/654"}],"wp:featuredmedia":[{"embeddable":true,"href":"https:\/\/antoniobosch.com\/en\/wp-json\/wp\/v2\/media\/651"}],"wp:attachment":[{"href":"https:\/\/antoniobosch.com\/en\/wp-json\/wp\/v2\/media?parent=650"}],"wp:term":[{"taxonomy":"category","embeddable":true,"href":"https:\/\/antoniobosch.com\/en\/wp-json\/wp\/v2\/categories?post=650"},{"taxonomy":"post_tag","embeddable":true,"href":"https:\/\/antoniobosch.com\/en\/wp-json\/wp\/v2\/tags?post=650"}],"curies":[{"name":"wp","href":"https:\/\/api.w.org\/{rel}","templated":true}]}}