{"id":622,"date":"2022-08-12T10:22:04","date_gmt":"2022-08-12T16:22:04","guid":{"rendered":"https:\/\/antoniobosch.com\/?p=622"},"modified":"2022-08-23T10:47:32","modified_gmt":"2022-08-23T16:47:32","slug":"animales-en-peligro-de-extincion-guatemala","status":"publish","type":"post","link":"https:\/\/antoniobosch.com\/en\/animales-en-peligro-de-extincion-guatemala\/","title":{"rendered":"Animales en peligro de extinci\u00f3n, Guatemala"},"content":{"rendered":"<p>El Gobierno de Guatemala, se esfuerza a trav\u00e9s de varios organismos como el Consejo Nacional de \u00c1reas Protegidas (CONAP), para crear \u00e1reas protegidas para estas especies, pero sin la conciencia de todos, llevaremos a la desaparici\u00f3n de estos hermosos ejemplares.<\/p>\n<p>A continuaci\u00f3n, en este art\u00edculo mencionaremos los animales en peligro de extinci\u00f3n m\u00e1s amenazados en Guatemala.<\/p>\n<h2>Jaguar<\/h2>\n<p>En la actualidad, su distribuci\u00f3n cubre el 58% del territorio, el 47,2% del cual se encuentra en \u00e1reas preservadas, habiendo perdido el 37% de su h\u00e1bitat natural.<\/p>\n<p>Sin embargo, en las 2.5 millones de hect\u00e1reas de la Reserva de la Biosfera Maya ubicada en la parte norte de este pa\u00eds es donde se encuentran la mayor\u00eda de estos mam\u00edferos, con un total estimado de 345 jaguares que mantienen un continuo intercambio gen\u00e9tico con los jaguares lim\u00edtrofes de los pa\u00edses de M\u00e9xico y Belice.<\/p>\n<p>Este felino vive en casi todas partes de las Am\u00e9ricas, desde el Yuc\u00f3n en Canad\u00e1 hasta las monta\u00f1as de los Andes en Chile y la Patagonia en Argentina.<\/p>\n<p>Este felino vive en casi todas partes de las Am\u00e9ricas, desde el Yuc\u00f3n en Canad\u00e1 hasta las monta\u00f1as de los Andes en Chile y la Patagonia en Argentina.<\/p>\n<p>La p\u00e9rdida de su h\u00e1bitat, la escasez de su alimento natural y las muertes causadas por los ganaderos que viven cerca de sus h\u00e1bitats, ha provocado que la Uni\u00f3n Internacional para la Conservaci\u00f3n de la Naturaleza (UICN) cambie recientemente el estatus del puma de Preocupaci\u00f3n Menor a Casi Amenazado o Vulnerable. .<\/p>\n<h2>Tapir<\/h2>\n<p>La Danta en Guatemala estuvo presente hasta la d\u00e9cada de 1950 b\u00e1sicamente en todas las regiones del pa\u00eds, pero su cacer\u00eda indiscriminada y la p\u00e9rdida de su h\u00e1bitat provoc\u00f3 que hoy en d\u00eda solo se puedan observar en los bosques tropicales de las zonas por encima de los 2.000 metros en las regiones de Pet\u00e9n. , Alta Verapaz, Baja Verapaz, Quich\u00e9, Izabale, El Progreso y Zacapa.<\/p>\n<h2>Tigrillo<\/h2>\n<p>Es un felino nocturno que habita en las selvas tropicales ubicadas entre las altitudes de 1,00 a 1,500 metros sobre el nivel del mar en Am\u00e9rica Central y del Sur.<\/p>\n<p>La p\u00e9rdida de su h\u00e1bitat natural debido en su mayor\u00eda a la tala y agricultura descontrolada y a su caza ilegal para la comercializaci\u00f3n de su piel ha provocado que la Uni\u00f3n Internacional para la Conservaci\u00f3n de la Naturaleza catalogue al ocelote como especie vulnerable, aunque como ya hemos comentado anteriormente en muchos lugares donde su poblaci\u00f3n es casi inexistente.<\/p>\n<h2>Guacamayo de collar<\/h2>\n<p>La guacamaya roja, tambi\u00e9n conocida por su nombre cient\u00edfico Ara Macao, es una de las aves m\u00e1s grandes perteneciente a la familia de las psit\u00e1cidas a la que se agrupan los loros, periquitos y guacamayos.<\/p>\n<p>La guacamaya roja, tambi\u00e9n conocida por su nombre cient\u00edfico Ara Macao, es una de las aves m\u00e1s grandes perteneciente a la familia de las psit\u00e1cidas a la que se agrupan los loros, periquitos y guacamayos.<\/p>\n<p>La poblaci\u00f3n de la guacamaya roja en el pasado era una, aunque a partir de la d\u00e9cada de 1940 se dividi\u00f3 en dos subespecies que habitaban la costa sur de Guatemala y la otra la costa norte, espec\u00edficamente en la regi\u00f3n de Pet\u00e9n.<\/p>\n<p>Si a esto le sumamos la caza ilegal de estas hermosas aves para venderlas en el mercado negro como mascotas, la UICN ha catalogado a la guacamaya roja dentro de su lista roja como especie de menor preocupaci\u00f3n y esto se debe a la creciente protecci\u00f3n de sus santuarios. .<\/p>\n<h2>El quetzal<\/h2>\n<p>El Quetzal tambi\u00e9n es conocido por su nombre cient\u00edfico Pharomacrus mocinno. Esta hermosa ave es un ave de tama\u00f1o mediano cuya longitud es de entre 36 a 40 cm, el macho tiene una gran cola que puede alcanzar hasta los 65 cm de largo.<\/p>\n<p>El Quetzal tambi\u00e9n es conocido por su nombre cient\u00edfico Pharomacrus mocinno.<\/p>\n<p>Desafortunadamente, el quetzal figura como casi amenazado en la lista de especies en peligro de extinci\u00f3n de la UICN y su poblaci\u00f3n est\u00e1 disminuyendo cada a\u00f1o a un ritmo tan r\u00e1pido que en muy poco tiempo podr\u00eda incluso desaparecer. Cada vez m\u00e1s especies en peligro de extinci\u00f3n en Guatemala est\u00e1n al borde de la extinci\u00f3n, sin la ayuda de todos los habitantes, poco a poco este gran pa\u00eds se quedar\u00e1 sin la exquisita fauna que lo rodea.<\/p>\n<p>En Guatemala no est\u00e1 tan amenazada como en otros pa\u00edses como Argentina y Ecuador, donde se considera en peligro de extinci\u00f3n.<\/p>\n","protected":false},"excerpt":{"rendered":"<p>El Gobierno de Guatemala, se esfuerza a trav\u00e9s de varios organismos como el Consejo Nacional de \u00c1reas Protegidas (CONAP), para crear \u00e1reas protegidas para estas especies, pero sin la conciencia de todos, llevaremos a la desaparici\u00f3n de estos hermosos ejemplares. A continuaci\u00f3n, en este art\u00edculo mencionaremos los animales en peligro de extinci\u00f3n m\u00e1s amenazados en [&hellip;]<\/p>\n","protected":false},"author":1,"featured_media":629,"comment_status":"closed","ping_status":"closed","sticky":false,"template":"","format":"standard","meta":{"footnotes":""},"categories":[60],"tags":[],"class_list":["post-622","post","type-post","status-publish","format-standard","has-post-thumbnail","hentry","category-guatemala"],"translation":{"provider":"WPGlobus","version":"3.0.5","language":"en","enabled_languages":["es","en"],"languages":{"es":{"title":true,"content":true,"excerpt":false},"en":{"title":false,"content":false,"excerpt":false}}},"aioseo_notices":[],"aioseo_head":"\n\t\t<!-- All in One SEO 5.0.1.1 - aioseo.com -->\n\t<meta name=\"description\" content=\"El Gobierno de Guatemala, se esfuerza a trav\u00e9s de varios organismos como el Consejo Nacional de \u00c1reas Protegidas (CONAP)\" \/>\n\t<meta name=\"robots\" content=\"max-image-preview:large\" \/>\n\t<meta name=\"author\" content=\"Felipe Gutierrez\"\/>\n\t<link rel=\"canonical\" href=\"https:\/\/antoniobosch.com\/en\/animales-en-peligro-de-extincion-guatemala\/\" \/>\n\t<meta name=\"generator\" content=\"All in One SEO (AIOSEO) 5.0.1.1\" \/>\n\t\t<meta property=\"og:locale\" content=\"en_US\" \/>\n\t\t<meta property=\"og:site_name\" content=\"Felipe Bosch: Liderazgo, innovaci\u00f3n y transformaci\u00f3n de Guatemala\" \/>\n\t\t<meta property=\"og:type\" content=\"article\" \/>\n\t\t<meta property=\"og:title\" content=\"Animales en peligro de extinci\u00f3n, Guatemala - Felipe Bosch: Liderazgo, innovaci\u00f3n y transformaci\u00f3n de Guatemala\" \/>\n\t\t<meta property=\"og:description\" content=\"El Gobierno de Guatemala, se esfuerza a trav\u00e9s de varios organismos como el Consejo Nacional de \u00c1reas Protegidas (CONAP)\" \/>\n\t\t<meta property=\"og:url\" content=\"https:\/\/antoniobosch.com\/en\/animales-en-peligro-de-extincion-guatemala\/\" \/>\n\t\t<meta property=\"og:image\" content=\"https:\/\/antoniobosch.com\/wp-content\/uploads\/2022\/08\/Animales-en-peligro-de-extinsion.jpg\" \/>\n\t\t<meta property=\"og:image:secure_url\" content=\"https:\/\/antoniobosch.com\/wp-content\/uploads\/2022\/08\/Animales-en-peligro-de-extinsion.jpg\" \/>\n\t\t<meta property=\"og:image:width\" content=\"580\" \/>\n\t\t<meta property=\"og:image:height\" content=\"436\" \/>\n\t\t<meta property=\"article:section\" content=\"Guatemala\" \/>\n\t\t<meta property=\"article:published_time\" content=\"2022-08-12T16:22:04+00:00\" \/>\n\t\t<meta property=\"article:modified_time\" content=\"2022-08-23T16:47:32+00:00\" \/>\n\t\t<meta name=\"twitter:card\" content=\"summary_large_image\" \/>\n\t\t<meta name=\"twitter:title\" content=\"Animales en peligro de extinci\u00f3n, Guatemala - Felipe Bosch: Liderazgo, innovaci\u00f3n y transformaci\u00f3n de Guatemala\" \/>\n\t\t<meta name=\"twitter:description\" content=\"El Gobierno de Guatemala, se esfuerza a trav\u00e9s de varios organismos como el Consejo Nacional de \u00c1reas Protegidas (CONAP)\" \/>\n\t\t<meta name=\"twitter:image\" content=\"https:\/\/antoniobosch.com\/wp-content\/uploads\/2022\/08\/Animales-en-peligro-de-extinsion.jpg\" \/>\n\t\t<meta name=\"twitter:label1\" content=\"Written by\" \/>\n\t\t<meta name=\"twitter:data1\" content=\"Felipe Gutierrez\" \/>\n\t\t<meta name=\"twitter:label2\" content=\"Est. reading time\" \/>\n\t\t<meta name=\"twitter:data2\" content=\"4 minutes\" \/>\n\t\t<script type=\"application\/ld+json\" class=\"aioseo-schema\">\n\t\t\t{\"@context\":\"https:\\\/\\\/schema.org\",\"@graph\":[{\"@type\":\"BlogPosting\",\"@id\":\"https:\\\/\\\/antoniobosch.com\\\/en\\\/animales-en-peligro-de-extincion-guatemala\\\/#blogposting\",\"name\":\"Animales en peligro de extinci\\u00f3n, Guatemala - Felipe Bosch: Liderazgo, innovaci\\u00f3n y transformaci\\u00f3n de Guatemala\",\"headline\":\"Animales en peligro de extinci\\u00f3n, Guatemala\",\"author\":{\"@id\":\"https:\\\/\\\/antoniobosch.com\\\/en\\\/author\\\/editor\\\/#author\"},\"publisher\":{\"@id\":\"https:\\\/\\\/antoniobosch.com\\\/en\\\/#organization\"},\"image\":{\"@type\":\"ImageObject\",\"url\":\"https:\\\/\\\/antoniobosch.com\\\/wp-content\\\/uploads\\\/2022\\\/08\\\/Animales-en-peligro-de-extinsion.jpg\",\"width\":580,\"height\":436,\"caption\":\"Actualizaci\\u00f3n sobre la CICIG 2022\"},\"datePublished\":\"2022-08-12T10:22:04-05:00\",\"dateModified\":\"2022-08-23T10:47:32-05:00\",\"inLanguage\":\"en-US\",\"mainEntityOfPage\":{\"@id\":\"https:\\\/\\\/antoniobosch.com\\\/en\\\/animales-en-peligro-de-extincion-guatemala\\\/#webpage\"},\"isPartOf\":{\"@id\":\"https:\\\/\\\/antoniobosch.com\\\/en\\\/animales-en-peligro-de-extincion-guatemala\\\/#webpage\"},\"articleSection\":\"Guatemala\"},{\"@type\":\"BreadcrumbList\",\"@id\":\"https:\\\/\\\/antoniobosch.com\\\/en\\\/animales-en-peligro-de-extincion-guatemala\\\/#breadcrumblist\",\"itemListElement\":[{\"@type\":\"ListItem\",\"@id\":\"https:\\\/\\\/antoniobosch.com\\\/en#listItem\",\"position\":1,\"name\":\"Inicio\",\"item\":\"https:\\\/\\\/antoniobosch.com\\\/en\",\"nextItem\":{\"@type\":\"ListItem\",\"@id\":\"https:\\\/\\\/antoniobosch.com\\\/en\\\/category\\\/guatemala\\\/#listItem\",\"name\":\"Guatemala\"}},{\"@type\":\"ListItem\",\"@id\":\"https:\\\/\\\/antoniobosch.com\\\/en\\\/category\\\/guatemala\\\/#listItem\",\"position\":2,\"name\":\"Guatemala\",\"item\":\"https:\\\/\\\/antoniobosch.com\\\/en\\\/category\\\/guatemala\\\/\",\"nextItem\":{\"@type\":\"ListItem\",\"@id\":\"https:\\\/\\\/antoniobosch.com\\\/en\\\/animales-en-peligro-de-extincion-guatemala\\\/#listItem\",\"name\":\"Animales en peligro de extinci\\u00f3n, Guatemala\"},\"previousItem\":{\"@type\":\"ListItem\",\"@id\":\"https:\\\/\\\/antoniobosch.com\\\/en#listItem\",\"name\":\"Inicio\"}},{\"@type\":\"ListItem\",\"@id\":\"https:\\\/\\\/antoniobosch.com\\\/en\\\/animales-en-peligro-de-extincion-guatemala\\\/#listItem\",\"position\":3,\"name\":\"Animales en peligro de extinci\\u00f3n, Guatemala\",\"previousItem\":{\"@type\":\"ListItem\",\"@id\":\"https:\\\/\\\/antoniobosch.com\\\/en\\\/category\\\/guatemala\\\/#listItem\",\"name\":\"Guatemala\"}}]},{\"@type\":\"Organization\",\"@id\":\"https:\\\/\\\/antoniobosch.com\\\/en\\\/#organization\",\"name\":\"Valtech\",\"description\":\"Descubre todo sobre el mundo empresarial en Guatemala y Latinoam\\u00e9rica\",\"url\":\"https:\\\/\\\/antoniobosch.com\\\/en\\\/\"},{\"@type\":\"Person\",\"@id\":\"https:\\\/\\\/antoniobosch.com\\\/en\\\/author\\\/editor\\\/#author\",\"url\":\"https:\\\/\\\/antoniobosch.com\\\/en\\\/author\\\/editor\\\/\",\"name\":\"Felipe Gutierrez\",\"image\":{\"@type\":\"ImageObject\",\"@id\":\"https:\\\/\\\/antoniobosch.com\\\/en\\\/animales-en-peligro-de-extincion-guatemala\\\/#authorImage\",\"url\":\"https:\\\/\\\/secure.gravatar.com\\\/avatar\\\/ae3e0ac57f6679354fad48dfb5f8278163772f738ad8a70ac712479b407d0c3d?s=96&d=mm&r=g\",\"width\":96,\"height\":96,\"caption\":\"Felipe Gutierrez\"}},{\"@type\":\"WebPage\",\"@id\":\"https:\\\/\\\/antoniobosch.com\\\/en\\\/animales-en-peligro-de-extincion-guatemala\\\/#webpage\",\"url\":\"https:\\\/\\\/antoniobosch.com\\\/en\\\/animales-en-peligro-de-extincion-guatemala\\\/\",\"name\":\"Animales en peligro de extinci\\u00f3n, Guatemala - Felipe Bosch: Liderazgo, innovaci\\u00f3n y transformaci\\u00f3n de Guatemala\",\"description\":\"El Gobierno de Guatemala, se esfuerza a trav\\u00e9s de varios organismos como el Consejo Nacional de \\u00c1reas Protegidas (CONAP)\",\"inLanguage\":\"en-US\",\"isPartOf\":{\"@id\":\"https:\\\/\\\/antoniobosch.com\\\/en\\\/#website\"},\"breadcrumb\":{\"@id\":\"https:\\\/\\\/antoniobosch.com\\\/en\\\/animales-en-peligro-de-extincion-guatemala\\\/#breadcrumblist\"},\"author\":{\"@id\":\"https:\\\/\\\/antoniobosch.com\\\/en\\\/author\\\/editor\\\/#author\"},\"creator\":{\"@id\":\"https:\\\/\\\/antoniobosch.com\\\/en\\\/author\\\/editor\\\/#author\"},\"image\":{\"@type\":\"ImageObject\",\"url\":\"https:\\\/\\\/antoniobosch.com\\\/wp-content\\\/uploads\\\/2022\\\/08\\\/Animales-en-peligro-de-extinsion.jpg\",\"@id\":\"https:\\\/\\\/antoniobosch.com\\\/en\\\/animales-en-peligro-de-extincion-guatemala\\\/#mainImage\",\"width\":580,\"height\":436,\"caption\":\"Actualizaci\\u00f3n sobre la CICIG 2022\"},\"primaryImageOfPage\":{\"@id\":\"https:\\\/\\\/antoniobosch.com\\\/en\\\/animales-en-peligro-de-extincion-guatemala\\\/#mainImage\"},\"datePublished\":\"2022-08-12T10:22:04-05:00\",\"dateModified\":\"2022-08-23T10:47:32-05:00\"},{\"@type\":\"WebSite\",\"@id\":\"https:\\\/\\\/antoniobosch.com\\\/en\\\/#website\",\"url\":\"https:\\\/\\\/antoniobosch.com\\\/en\\\/\",\"name\":\"Felipe A. Bosch\",\"description\":\"Descubre todo sobre el mundo empresarial en Guatemala y Latinoam\\u00e9rica\",\"inLanguage\":\"en-US\",\"publisher\":{\"@id\":\"https:\\\/\\\/antoniobosch.com\\\/en\\\/#organization\"}}]}\n\t\t<\/script>\n\t\t<!-- All in One SEO -->\n\n","aioseo_head_json":{"title":"Animales en peligro de extinci\u00f3n, Guatemala - Felipe Bosch: Liderazgo, innovaci\u00f3n y transformaci\u00f3n de Guatemala","description":"El Gobierno de Guatemala, se esfuerza a trav\u00e9s de varios organismos como el Consejo Nacional de \u00c1reas Protegidas (CONAP)","canonical_url":"https:\/\/antoniobosch.com\/en\/animales-en-peligro-de-extincion-guatemala\/","robots":"max-image-preview:large","keywords":"","webmasterTools":{"miscellaneous":""},"schema":{"@context":"https:\/\/schema.org","@graph":[{"@type":"BlogPosting","@id":"https:\/\/antoniobosch.com\/en\/animales-en-peligro-de-extincion-guatemala\/#blogposting","name":"Animales en peligro de extinci\u00f3n, Guatemala - Felipe Bosch: Liderazgo, innovaci\u00f3n y transformaci\u00f3n de Guatemala","headline":"Animales en peligro de extinci\u00f3n, Guatemala","author":{"@id":"https:\/\/antoniobosch.com\/en\/author\/editor\/#author"},"publisher":{"@id":"https:\/\/antoniobosch.com\/en\/#organization"},"image":{"@type":"ImageObject","url":"https:\/\/antoniobosch.com\/wp-content\/uploads\/2022\/08\/Animales-en-peligro-de-extinsion.jpg","width":580,"height":436,"caption":"Actualizaci\u00f3n sobre la CICIG 2022"},"datePublished":"2022-08-12T10:22:04-05:00","dateModified":"2022-08-23T10:47:32-05:00","inLanguage":"en-US","mainEntityOfPage":{"@id":"https:\/\/antoniobosch.com\/en\/animales-en-peligro-de-extincion-guatemala\/#webpage"},"isPartOf":{"@id":"https:\/\/antoniobosch.com\/en\/animales-en-peligro-de-extincion-guatemala\/#webpage"},"articleSection":"Guatemala"},{"@type":"BreadcrumbList","@id":"https:\/\/antoniobosch.com\/en\/animales-en-peligro-de-extincion-guatemala\/#breadcrumblist","itemListElement":[{"@type":"ListItem","@id":"https:\/\/antoniobosch.com\/en#listItem","position":1,"name":"Inicio","item":"https:\/\/antoniobosch.com\/en","nextItem":{"@type":"ListItem","@id":"https:\/\/antoniobosch.com\/en\/category\/guatemala\/#listItem","name":"Guatemala"}},{"@type":"ListItem","@id":"https:\/\/antoniobosch.com\/en\/category\/guatemala\/#listItem","position":2,"name":"Guatemala","item":"https:\/\/antoniobosch.com\/en\/category\/guatemala\/","nextItem":{"@type":"ListItem","@id":"https:\/\/antoniobosch.com\/en\/animales-en-peligro-de-extincion-guatemala\/#listItem","name":"Animales en peligro de extinci\u00f3n, Guatemala"},"previousItem":{"@type":"ListItem","@id":"https:\/\/antoniobosch.com\/en#listItem","name":"Inicio"}},{"@type":"ListItem","@id":"https:\/\/antoniobosch.com\/en\/animales-en-peligro-de-extincion-guatemala\/#listItem","position":3,"name":"Animales en peligro de extinci\u00f3n, Guatemala","previousItem":{"@type":"ListItem","@id":"https:\/\/antoniobosch.com\/en\/category\/guatemala\/#listItem","name":"Guatemala"}}]},{"@type":"Organization","@id":"https:\/\/antoniobosch.com\/en\/#organization","name":"Valtech","description":"Descubre todo sobre el mundo empresarial en Guatemala y Latinoam\u00e9rica","url":"https:\/\/antoniobosch.com\/en\/"},{"@type":"Person","@id":"https:\/\/antoniobosch.com\/en\/author\/editor\/#author","url":"https:\/\/antoniobosch.com\/en\/author\/editor\/","name":"Felipe Gutierrez","image":{"@type":"ImageObject","@id":"https:\/\/antoniobosch.com\/en\/animales-en-peligro-de-extincion-guatemala\/#authorImage","url":"https:\/\/secure.gravatar.com\/avatar\/ae3e0ac57f6679354fad48dfb5f8278163772f738ad8a70ac712479b407d0c3d?s=96&d=mm&r=g","width":96,"height":96,"caption":"Felipe Gutierrez"}},{"@type":"WebPage","@id":"https:\/\/antoniobosch.com\/en\/animales-en-peligro-de-extincion-guatemala\/#webpage","url":"https:\/\/antoniobosch.com\/en\/animales-en-peligro-de-extincion-guatemala\/","name":"Animales en peligro de extinci\u00f3n, Guatemala - Felipe Bosch: Liderazgo, innovaci\u00f3n y transformaci\u00f3n de Guatemala","description":"El Gobierno de Guatemala, se esfuerza a trav\u00e9s de varios organismos como el Consejo Nacional de \u00c1reas Protegidas (CONAP)","inLanguage":"en-US","isPartOf":{"@id":"https:\/\/antoniobosch.com\/en\/#website"},"breadcrumb":{"@id":"https:\/\/antoniobosch.com\/en\/animales-en-peligro-de-extincion-guatemala\/#breadcrumblist"},"author":{"@id":"https:\/\/antoniobosch.com\/en\/author\/editor\/#author"},"creator":{"@id":"https:\/\/antoniobosch.com\/en\/author\/editor\/#author"},"image":{"@type":"ImageObject","url":"https:\/\/antoniobosch.com\/wp-content\/uploads\/2022\/08\/Animales-en-peligro-de-extinsion.jpg","@id":"https:\/\/antoniobosch.com\/en\/animales-en-peligro-de-extincion-guatemala\/#mainImage","width":580,"height":436,"caption":"Actualizaci\u00f3n sobre la CICIG 2022"},"primaryImageOfPage":{"@id":"https:\/\/antoniobosch.com\/en\/animales-en-peligro-de-extincion-guatemala\/#mainImage"},"datePublished":"2022-08-12T10:22:04-05:00","dateModified":"2022-08-23T10:47:32-05:00"},{"@type":"WebSite","@id":"https:\/\/antoniobosch.com\/en\/#website","url":"https:\/\/antoniobosch.com\/en\/","name":"Felipe A. Bosch","description":"Descubre todo sobre el mundo empresarial en Guatemala y Latinoam\u00e9rica","inLanguage":"en-US","publisher":{"@id":"https:\/\/antoniobosch.com\/en\/#organization"}}]},"og:locale":"en_US","og:site_name":"Felipe Bosch: Liderazgo, innovaci\u00f3n y transformaci\u00f3n de Guatemala","og:type":"article","og:title":"Animales en peligro de extinci\u00f3n, Guatemala - Felipe Bosch: Liderazgo, innovaci\u00f3n y transformaci\u00f3n de Guatemala","og:description":"El Gobierno de Guatemala, se esfuerza a trav\u00e9s de varios organismos como el Consejo Nacional de \u00c1reas Protegidas (CONAP)","og:url":"https:\/\/antoniobosch.com\/en\/animales-en-peligro-de-extincion-guatemala\/","og:image":"https:\/\/antoniobosch.com\/wp-content\/uploads\/2022\/08\/Animales-en-peligro-de-extinsion.jpg","og:image:secure_url":"https:\/\/antoniobosch.com\/wp-content\/uploads\/2022\/08\/Animales-en-peligro-de-extinsion.jpg","og:image:width":580,"og:image:height":436,"article:section":"Guatemala","article:published_time":"2022-08-12T16:22:04+00:00","article:modified_time":"2022-08-23T16:47:32+00:00","twitter:card":"summary_large_image","twitter:title":"Animales en peligro de extinci\u00f3n, Guatemala - Felipe Bosch: Liderazgo, innovaci\u00f3n y transformaci\u00f3n de Guatemala","twitter:description":"El Gobierno de Guatemala, se esfuerza a trav\u00e9s de varios organismos como el Consejo Nacional de \u00c1reas Protegidas (CONAP)","twitter:image":"https:\/\/antoniobosch.com\/wp-content\/uploads\/2022\/08\/Animales-en-peligro-de-extinsion.jpg","twitter:label1":"Written by","twitter:data1":"Felipe Gutierrez","twitter:label2":"Est. reading time","twitter:data2":"4 minutes"},"aioseo_meta_data":{"post_id":"622","title":null,"description":"El Gobierno de Guatemala, se esfuerza a trav\u00e9s de varios organismos como el Consejo Nacional de \u00c1reas Protegidas (CONAP)","keywords":null,"keyphrases":{"focus":{"keyphrase":"Guatemala"}},"primary_term":null,"canonical_url":null,"og_title":null,"og_description":null,"og_object_type":"default","og_image_type":"featured","og_image_url":null,"og_image_width":null,"og_image_height":null,"og_image_custom_url":null,"og_image_custom_fields":null,"og_video":null,"og_custom_url":null,"og_article_section":"Guatemala","og_article_tags":null,"twitter_use_og":true,"twitter_card":"default","twitter_image_type":"default","twitter_image_url":null,"twitter_image_custom_url":null,"twitter_image_custom_fields":null,"twitter_title":null,"twitter_description":null,"schema":{"blockGraphs":[],"customGraphs":[],"default":{"data":{"Article":[],"Course":[],"Dataset":[],"FAQPage":[],"Movie":[],"Person":[],"Product":[],"ProductReview":[],"Car":[],"Recipe":[],"Service":[],"SoftwareApplication":[],"WebPage":[]},"graphName":"","isEnabled":true},"graphs":[]},"schema_type":"default","schema_type_options":null,"pillar_content":false,"robots_default":true,"robots_noindex":false,"robots_noarchive":false,"robots_nosnippet":false,"robots_nofollow":false,"robots_noimageindex":false,"robots_noodp":false,"robots_notranslate":false,"robots_max_snippet":null,"robots_max_videopreview":null,"robots_max_imagepreview":"large","priority":null,"frequency":null,"local_seo":null,"breadcrumb_settings":null,"limit_modified_date":false,"ai":null,"created":"2022-10-18 14:30:59","updated":"2025-06-03 22:48:36","seo_analyzer_scan_date":null,"focus_keyword":"Guatemala","additional_keywords":null,"truseo_locale":null},"aioseo_breadcrumb":"<div class=\"aioseo-breadcrumbs\"><span class=\"aioseo-breadcrumb\">\n\t\t\t<a href=\"https:\/\/antoniobosch.com\/en\" title=\"Inicio\">Inicio<\/a>\n\t\t<\/span><span class=\"aioseo-breadcrumb-separator\">&raquo;<\/span><span class=\"aioseo-breadcrumb\">\n\t\t\t<a href=\"https:\/\/antoniobosch.com\/en\/category\/guatemala\/\" title=\"Guatemala\">Guatemala<\/a>\n\t\t<\/span><span class=\"aioseo-breadcrumb-separator\">&raquo;<\/span><span class=\"aioseo-breadcrumb\">\n\t\t\tAnimales en peligro de extinci\u00f3n, Guatemala\n\t\t<\/span><\/div>","aioseo_breadcrumb_json":[{"label":"Inicio","link":"https:\/\/antoniobosch.com\/en"},{"label":"Guatemala","link":"https:\/\/antoniobosch.com\/en\/category\/guatemala\/"},{"label":"Animales en peligro de extinci\u00f3n, Guatemala","link":"https:\/\/antoniobosch.com\/en\/animales-en-peligro-de-extincion-guatemala\/"}],"_links":{"self":[{"href":"https:\/\/antoniobosch.com\/en\/wp-json\/wp\/v2\/posts\/622","targetHints":{"allow":["GET"]}}],"collection":[{"href":"https:\/\/antoniobosch.com\/en\/wp-json\/wp\/v2\/posts"}],"about":[{"href":"https:\/\/antoniobosch.com\/en\/wp-json\/wp\/v2\/types\/post"}],"author":[{"embeddable":true,"href":"https:\/\/antoniobosch.com\/en\/wp-json\/wp\/v2\/users\/1"}],"replies":[{"embeddable":true,"href":"https:\/\/antoniobosch.com\/en\/wp-json\/wp\/v2\/comments?post=622"}],"version-history":[{"count":1,"href":"https:\/\/antoniobosch.com\/en\/wp-json\/wp\/v2\/posts\/622\/revisions"}],"predecessor-version":[{"id":633,"href":"https:\/\/antoniobosch.com\/en\/wp-json\/wp\/v2\/posts\/622\/revisions\/633"}],"wp:featuredmedia":[{"embeddable":true,"href":"https:\/\/antoniobosch.com\/en\/wp-json\/wp\/v2\/media\/629"}],"wp:attachment":[{"href":"https:\/\/antoniobosch.com\/en\/wp-json\/wp\/v2\/media?parent=622"}],"wp:term":[{"taxonomy":"category","embeddable":true,"href":"https:\/\/antoniobosch.com\/en\/wp-json\/wp\/v2\/categories?post=622"},{"taxonomy":"post_tag","embeddable":true,"href":"https:\/\/antoniobosch.com\/en\/wp-json\/wp\/v2\/tags?post=622"}],"curies":[{"name":"wp","href":"https:\/\/api.w.org\/{rel}","templated":true}]}}