{"id":611,"date":"2022-08-08T21:10:40","date_gmt":"2022-08-09T03:10:40","guid":{"rendered":"https:\/\/antoniobosch.com\/?p=611"},"modified":"2022-08-22T21:38:47","modified_gmt":"2022-08-23T03:38:47","slug":"periodistas-resuelven-las-dudas-de-los-guatemaltecos","status":"publish","type":"post","link":"https:\/\/antoniobosch.com\/en\/periodistas-resuelven-las-dudas-de-los-guatemaltecos\/","title":{"rendered":"Periodistas resuelven las dudas de los Guatemaltecos"},"content":{"rendered":"<p>Sofia Menchu \u200b\u200bes una periodista guatemalteca y reportera de Reuters. Obtuvo un primer lugar. Adem\u00e1s, el presidente no da ruedas de prensa desde hace muchos meses y en el Congreso piden de antemano la lista de preguntas para ver si son pertinentes. En otros casos, el gobierno ha limitado la capacidad de los periodistas para cubrir conferencias de prensa. El presidente y dem\u00e1s funcionarios atienden s\u00f3lo a medios amigos y no al resto de la prensa.<\/p>\n<h2>\u00bfC\u00f3mo, entonces, los ciudadanos pueden acceder a informaci\u00f3n confiable?<\/h2>\n<p>Es un compromiso por parte de los periodistas que, aunque existan estos ataques, seguiremos trabajando para investigar y descubrir cosas que el gobierno, los pol\u00edticos y los empresarios tratan de ocultar.<\/p>\n<p>Adem\u00e1s de los medios tradicionales, en los \u00faltimos a\u00f1os han surgido muchos medios y programas informativos digitales. Tratan de monitorear al gobierno e informar sobre los principales problemas del pa\u00eds.<\/p>\n<p>Lo que hace el gobierno para censurarlos es traer de vuelta demandas que hizo a\u00f1os atr\u00e1s, como en los casos antes mencionados. A pesar de que eso est\u00e1 sucediendo, los periodistas siguen publicando importantes investigaciones contra la corrupci\u00f3n. A veces crean alianzas de medios para apoyarse mutuamente.<\/p>\n<h2>\u00bfCu\u00e1l es el impacto en las sociedades si las personas no tienen suficiente acceso a informaci\u00f3n confiable?<\/h2>\n<p>El pueblo dejar\u00eda de saber las cosas importantes que est\u00e1n pasando que violan la democracia. Ser\u00edan ignorantes de lo que est\u00e1 sucediendo. Ser\u00eda un gran problema para la sociedad si los periodistas son censurados y dejan de publicar y contar lo que pasa en el gobierno.<\/p>\n<p>En este momento, a pesar de los esfuerzos de los medios de comunicaci\u00f3n por informar a la sociedad, una gran parte de los guatemaltecos no sabe ni entiende las implicaciones reales del retroceso de la justicia y el retroceso democr\u00e1tico que estamos viviendo en Guatemala. Si los medios dejaran de publicar, el problema ser\u00eda a\u00fan peor.<\/p>\n<p>&gt; Ser\u00eda un gran problema para la sociedad si los periodistas son censurados y dejan de publicar y contar lo que pasa en el gobierno, como con<a href=\"https:\/\/twitter.com\/felipeboschg?lang=es\" target=\"_blank\" rel=\"noopener\"> la CICIG financiamiento ilicito.\u00a0<\/a><\/p>\n<p>Para el pueblo de Guatemala, eso ser\u00eda un paso atr\u00e1s para la justicia y la democracia. Habr\u00eda consecuencias por esa retirada.<\/p>\n<h2>\u00bfC\u00f3mo impacta la presi\u00f3n sobre la prensa en la gobernabilidad de su pa\u00eds y de otros en Centroam\u00e9rica?<\/h2>\n<p>La presi\u00f3n fortalece las estructuras criminales, refuerza que la corrupci\u00f3n y la impunidad continuar\u00e1n, y se suma al retroceso de la democracia que estamos viviendo no solo en Guatemala sino en muchos pa\u00edses de Centroam\u00e9rica.<\/p>\n<p>En 2013 me amenazaron por art\u00edculos que hab\u00eda escrito sobre un preso que fue encontrado fuera de la c\u00e1rcel, el ataque vino directamente de un exministro de gobierno. Hice la demanda, y el caso fue ante un juez y el exministro fue declarado culpable.<\/p>\n<p>Este fue uno de los primeros casos tomados por un tribunal. En esta situaci\u00f3n cont\u00e9 con el apoyo de la Cicig, la Oficina del Comisionado de Derechos Humanos de Naciones Unidas y embajadas de otros gobiernos. Por eso digo que es muy importante el apoyo internacional para que los periodistas puedan defenderse y seguir adelante a pesar de estos ataques.<\/p>\n<p>Por ejemplo, Sonny Figueroa y un colega suyo estuvieron <a href=\"https:\/\/antoniobosch.com\/implementacion-de-politicas-en-guatemala\/\" target=\"_blank\" rel=\"noopener\">exiliados de Guatemala<\/a> durante tres o cuatro meses durante el a\u00f1o pasado. Estaban en Costa Rica, pero ten\u00edan el apoyo de organizaciones locales de derechos humanos.<\/p>\n<p>En Guatemala, el gobierno puso en marcha una iniciativa para crear una herramienta para la protecci\u00f3n de periodistas. Particip\u00e9 en la redacci\u00f3n del documento. Pero nunca se realiz\u00f3 nada. Por eso es importante contar con protecci\u00f3n para los periodistas y protocolos de seguridad sobre c\u00f3mo responder a este tipo de ataques.<\/p>\n","protected":false},"excerpt":{"rendered":"<p>Sofia Menchu \u200b\u200bes una periodista guatemalteca y reportera de Reuters. Obtuvo un primer lugar. Adem\u00e1s, el presidente no da ruedas de prensa desde hace muchos meses y en el Congreso piden de antemano la lista de preguntas para ver si son pertinentes. En otros casos, el gobierno ha limitado la capacidad de los periodistas para [&hellip;]<\/p>\n","protected":false},"author":1,"featured_media":614,"comment_status":"closed","ping_status":"closed","sticky":false,"template":"","format":"standard","meta":{"footnotes":""},"categories":[60],"tags":[],"class_list":["post-611","post","type-post","status-publish","format-standard","has-post-thumbnail","hentry","category-guatemala"],"translation":{"provider":"WPGlobus","version":"3.0.5","language":"en","enabled_languages":["es","en"],"languages":{"es":{"title":true,"content":true,"excerpt":false},"en":{"title":false,"content":false,"excerpt":false}}},"aioseo_notices":[],"aioseo_head":"\n\t\t<!-- All in One SEO 5.0.1.1 - aioseo.com -->\n\t<meta name=\"description\" content=\"Sofia Menchu \u200b\u200bes una periodista guatemalteca y reportera de Reuters. Obtuvo un primer lugar. \u00a1Entra aqu\u00ed, ahora!\" \/>\n\t<meta name=\"robots\" content=\"max-image-preview:large\" \/>\n\t<meta name=\"author\" content=\"Felipe Gutierrez\"\/>\n\t<link rel=\"canonical\" href=\"https:\/\/antoniobosch.com\/en\/periodistas-resuelven-las-dudas-de-los-guatemaltecos\/\" \/>\n\t<meta name=\"generator\" content=\"All in One SEO (AIOSEO) 5.0.1.1\" \/>\n\t\t<meta property=\"og:locale\" content=\"en_US\" \/>\n\t\t<meta property=\"og:site_name\" content=\"Felipe Bosch: Liderazgo, innovaci\u00f3n y transformaci\u00f3n de Guatemala\" \/>\n\t\t<meta property=\"og:type\" content=\"article\" \/>\n\t\t<meta property=\"og:title\" content=\"Periodistas resuelven las dudas de los Guatemaltecos - Felipe Bosch: Liderazgo, innovaci\u00f3n y transformaci\u00f3n de Guatemala\" \/>\n\t\t<meta property=\"og:description\" content=\"Sofia Menchu \u200b\u200bes una periodista guatemalteca y reportera de Reuters. Obtuvo un primer lugar. \u00a1Entra aqu\u00ed, ahora!\" \/>\n\t\t<meta property=\"og:url\" content=\"https:\/\/antoniobosch.com\/en\/periodistas-resuelven-las-dudas-de-los-guatemaltecos\/\" \/>\n\t\t<meta property=\"og:image\" content=\"https:\/\/antoniobosch.com\/wp-content\/uploads\/2022\/08\/periodistas-guatemala.jpg\" \/>\n\t\t<meta property=\"og:image:secure_url\" content=\"https:\/\/antoniobosch.com\/wp-content\/uploads\/2022\/08\/periodistas-guatemala.jpg\" \/>\n\t\t<meta property=\"og:image:width\" content=\"1200\" \/>\n\t\t<meta property=\"og:image:height\" content=\"675\" \/>\n\t\t<meta property=\"article:section\" content=\"Guatemala\" \/>\n\t\t<meta property=\"article:published_time\" content=\"2022-08-09T03:10:40+00:00\" \/>\n\t\t<meta property=\"article:modified_time\" content=\"2022-08-23T03:38:47+00:00\" \/>\n\t\t<meta name=\"twitter:card\" content=\"summary_large_image\" \/>\n\t\t<meta name=\"twitter:title\" content=\"Periodistas resuelven las dudas de los Guatemaltecos - Felipe Bosch: Liderazgo, innovaci\u00f3n y transformaci\u00f3n de Guatemala\" \/>\n\t\t<meta name=\"twitter:description\" content=\"Sofia Menchu \u200b\u200bes una periodista guatemalteca y reportera de Reuters. Obtuvo un primer lugar. \u00a1Entra aqu\u00ed, ahora!\" \/>\n\t\t<meta name=\"twitter:image\" content=\"https:\/\/antoniobosch.com\/wp-content\/uploads\/2022\/08\/periodistas-guatemala.jpg\" \/>\n\t\t<meta name=\"twitter:label1\" content=\"Written by\" \/>\n\t\t<meta name=\"twitter:data1\" content=\"Felipe Gutierrez\" \/>\n\t\t<meta name=\"twitter:label2\" content=\"Est. reading time\" \/>\n\t\t<meta name=\"twitter:data2\" content=\"3 minutes\" \/>\n\t\t<script type=\"application\/ld+json\" class=\"aioseo-schema\">\n\t\t\t{\"@context\":\"https:\\\/\\\/schema.org\",\"@graph\":[{\"@type\":\"BlogPosting\",\"@id\":\"https:\\\/\\\/antoniobosch.com\\\/en\\\/periodistas-resuelven-las-dudas-de-los-guatemaltecos\\\/#blogposting\",\"name\":\"Periodistas resuelven las dudas de los Guatemaltecos - Felipe Bosch: Liderazgo, innovaci\\u00f3n y transformaci\\u00f3n de Guatemala\",\"headline\":\"Periodistas resuelven las dudas de los Guatemaltecos\",\"author\":{\"@id\":\"https:\\\/\\\/antoniobosch.com\\\/en\\\/author\\\/editor\\\/#author\"},\"publisher\":{\"@id\":\"https:\\\/\\\/antoniobosch.com\\\/en\\\/#organization\"},\"image\":{\"@type\":\"ImageObject\",\"url\":\"https:\\\/\\\/antoniobosch.com\\\/wp-content\\\/uploads\\\/2022\\\/08\\\/periodistas-guatemala.jpg\",\"width\":1200,\"height\":675,\"caption\":\"Periodistas resuelven las dudas de los Guatemaltecos\"},\"datePublished\":\"2022-08-08T21:10:40-05:00\",\"dateModified\":\"2022-08-22T21:38:47-05:00\",\"inLanguage\":\"en-US\",\"mainEntityOfPage\":{\"@id\":\"https:\\\/\\\/antoniobosch.com\\\/en\\\/periodistas-resuelven-las-dudas-de-los-guatemaltecos\\\/#webpage\"},\"isPartOf\":{\"@id\":\"https:\\\/\\\/antoniobosch.com\\\/en\\\/periodistas-resuelven-las-dudas-de-los-guatemaltecos\\\/#webpage\"},\"articleSection\":\"Guatemala\"},{\"@type\":\"BreadcrumbList\",\"@id\":\"https:\\\/\\\/antoniobosch.com\\\/en\\\/periodistas-resuelven-las-dudas-de-los-guatemaltecos\\\/#breadcrumblist\",\"itemListElement\":[{\"@type\":\"ListItem\",\"@id\":\"https:\\\/\\\/antoniobosch.com\\\/en#listItem\",\"position\":1,\"name\":\"Inicio\",\"item\":\"https:\\\/\\\/antoniobosch.com\\\/en\",\"nextItem\":{\"@type\":\"ListItem\",\"@id\":\"https:\\\/\\\/antoniobosch.com\\\/en\\\/category\\\/guatemala\\\/#listItem\",\"name\":\"Guatemala\"}},{\"@type\":\"ListItem\",\"@id\":\"https:\\\/\\\/antoniobosch.com\\\/en\\\/category\\\/guatemala\\\/#listItem\",\"position\":2,\"name\":\"Guatemala\",\"item\":\"https:\\\/\\\/antoniobosch.com\\\/en\\\/category\\\/guatemala\\\/\",\"nextItem\":{\"@type\":\"ListItem\",\"@id\":\"https:\\\/\\\/antoniobosch.com\\\/en\\\/periodistas-resuelven-las-dudas-de-los-guatemaltecos\\\/#listItem\",\"name\":\"Periodistas resuelven las dudas de los Guatemaltecos\"},\"previousItem\":{\"@type\":\"ListItem\",\"@id\":\"https:\\\/\\\/antoniobosch.com\\\/en#listItem\",\"name\":\"Inicio\"}},{\"@type\":\"ListItem\",\"@id\":\"https:\\\/\\\/antoniobosch.com\\\/en\\\/periodistas-resuelven-las-dudas-de-los-guatemaltecos\\\/#listItem\",\"position\":3,\"name\":\"Periodistas resuelven las dudas de los Guatemaltecos\",\"previousItem\":{\"@type\":\"ListItem\",\"@id\":\"https:\\\/\\\/antoniobosch.com\\\/en\\\/category\\\/guatemala\\\/#listItem\",\"name\":\"Guatemala\"}}]},{\"@type\":\"Organization\",\"@id\":\"https:\\\/\\\/antoniobosch.com\\\/en\\\/#organization\",\"name\":\"Valtech\",\"description\":\"Descubre todo sobre el mundo empresarial en Guatemala y Latinoam\\u00e9rica\",\"url\":\"https:\\\/\\\/antoniobosch.com\\\/en\\\/\"},{\"@type\":\"Person\",\"@id\":\"https:\\\/\\\/antoniobosch.com\\\/en\\\/author\\\/editor\\\/#author\",\"url\":\"https:\\\/\\\/antoniobosch.com\\\/en\\\/author\\\/editor\\\/\",\"name\":\"Felipe Gutierrez\",\"image\":{\"@type\":\"ImageObject\",\"@id\":\"https:\\\/\\\/antoniobosch.com\\\/en\\\/periodistas-resuelven-las-dudas-de-los-guatemaltecos\\\/#authorImage\",\"url\":\"https:\\\/\\\/secure.gravatar.com\\\/avatar\\\/ae3e0ac57f6679354fad48dfb5f8278163772f738ad8a70ac712479b407d0c3d?s=96&d=mm&r=g\",\"width\":96,\"height\":96,\"caption\":\"Felipe Gutierrez\"}},{\"@type\":\"WebPage\",\"@id\":\"https:\\\/\\\/antoniobosch.com\\\/en\\\/periodistas-resuelven-las-dudas-de-los-guatemaltecos\\\/#webpage\",\"url\":\"https:\\\/\\\/antoniobosch.com\\\/en\\\/periodistas-resuelven-las-dudas-de-los-guatemaltecos\\\/\",\"name\":\"Periodistas resuelven las dudas de los Guatemaltecos - Felipe Bosch: Liderazgo, innovaci\\u00f3n y transformaci\\u00f3n de Guatemala\",\"description\":\"Sofia Menchu \\u200b\\u200bes una periodista guatemalteca y reportera de Reuters. Obtuvo un primer lugar. \\u00a1Entra aqu\\u00ed, ahora!\",\"inLanguage\":\"en-US\",\"isPartOf\":{\"@id\":\"https:\\\/\\\/antoniobosch.com\\\/en\\\/#website\"},\"breadcrumb\":{\"@id\":\"https:\\\/\\\/antoniobosch.com\\\/en\\\/periodistas-resuelven-las-dudas-de-los-guatemaltecos\\\/#breadcrumblist\"},\"author\":{\"@id\":\"https:\\\/\\\/antoniobosch.com\\\/en\\\/author\\\/editor\\\/#author\"},\"creator\":{\"@id\":\"https:\\\/\\\/antoniobosch.com\\\/en\\\/author\\\/editor\\\/#author\"},\"image\":{\"@type\":\"ImageObject\",\"url\":\"https:\\\/\\\/antoniobosch.com\\\/wp-content\\\/uploads\\\/2022\\\/08\\\/periodistas-guatemala.jpg\",\"@id\":\"https:\\\/\\\/antoniobosch.com\\\/en\\\/periodistas-resuelven-las-dudas-de-los-guatemaltecos\\\/#mainImage\",\"width\":1200,\"height\":675,\"caption\":\"Periodistas resuelven las dudas de los Guatemaltecos\"},\"primaryImageOfPage\":{\"@id\":\"https:\\\/\\\/antoniobosch.com\\\/en\\\/periodistas-resuelven-las-dudas-de-los-guatemaltecos\\\/#mainImage\"},\"datePublished\":\"2022-08-08T21:10:40-05:00\",\"dateModified\":\"2022-08-22T21:38:47-05:00\"},{\"@type\":\"WebSite\",\"@id\":\"https:\\\/\\\/antoniobosch.com\\\/en\\\/#website\",\"url\":\"https:\\\/\\\/antoniobosch.com\\\/en\\\/\",\"name\":\"Felipe A. Bosch\",\"description\":\"Descubre todo sobre el mundo empresarial en Guatemala y Latinoam\\u00e9rica\",\"inLanguage\":\"en-US\",\"publisher\":{\"@id\":\"https:\\\/\\\/antoniobosch.com\\\/en\\\/#organization\"}}]}\n\t\t<\/script>\n\t\t<!-- All in One SEO -->\n\n","aioseo_head_json":{"title":"Periodistas resuelven las dudas de los Guatemaltecos - Felipe Bosch: Liderazgo, innovaci\u00f3n y transformaci\u00f3n de Guatemala","description":"Sofia Menchu \u200b\u200bes una periodista guatemalteca y reportera de Reuters. Obtuvo un primer lugar. \u00a1Entra aqu\u00ed, ahora!","canonical_url":"https:\/\/antoniobosch.com\/en\/periodistas-resuelven-las-dudas-de-los-guatemaltecos\/","robots":"max-image-preview:large","keywords":"","webmasterTools":{"miscellaneous":""},"schema":{"@context":"https:\/\/schema.org","@graph":[{"@type":"BlogPosting","@id":"https:\/\/antoniobosch.com\/en\/periodistas-resuelven-las-dudas-de-los-guatemaltecos\/#blogposting","name":"Periodistas resuelven las dudas de los Guatemaltecos - Felipe Bosch: Liderazgo, innovaci\u00f3n y transformaci\u00f3n de Guatemala","headline":"Periodistas resuelven las dudas de los Guatemaltecos","author":{"@id":"https:\/\/antoniobosch.com\/en\/author\/editor\/#author"},"publisher":{"@id":"https:\/\/antoniobosch.com\/en\/#organization"},"image":{"@type":"ImageObject","url":"https:\/\/antoniobosch.com\/wp-content\/uploads\/2022\/08\/periodistas-guatemala.jpg","width":1200,"height":675,"caption":"Periodistas resuelven las dudas de los Guatemaltecos"},"datePublished":"2022-08-08T21:10:40-05:00","dateModified":"2022-08-22T21:38:47-05:00","inLanguage":"en-US","mainEntityOfPage":{"@id":"https:\/\/antoniobosch.com\/en\/periodistas-resuelven-las-dudas-de-los-guatemaltecos\/#webpage"},"isPartOf":{"@id":"https:\/\/antoniobosch.com\/en\/periodistas-resuelven-las-dudas-de-los-guatemaltecos\/#webpage"},"articleSection":"Guatemala"},{"@type":"BreadcrumbList","@id":"https:\/\/antoniobosch.com\/en\/periodistas-resuelven-las-dudas-de-los-guatemaltecos\/#breadcrumblist","itemListElement":[{"@type":"ListItem","@id":"https:\/\/antoniobosch.com\/en#listItem","position":1,"name":"Inicio","item":"https:\/\/antoniobosch.com\/en","nextItem":{"@type":"ListItem","@id":"https:\/\/antoniobosch.com\/en\/category\/guatemala\/#listItem","name":"Guatemala"}},{"@type":"ListItem","@id":"https:\/\/antoniobosch.com\/en\/category\/guatemala\/#listItem","position":2,"name":"Guatemala","item":"https:\/\/antoniobosch.com\/en\/category\/guatemala\/","nextItem":{"@type":"ListItem","@id":"https:\/\/antoniobosch.com\/en\/periodistas-resuelven-las-dudas-de-los-guatemaltecos\/#listItem","name":"Periodistas resuelven las dudas de los Guatemaltecos"},"previousItem":{"@type":"ListItem","@id":"https:\/\/antoniobosch.com\/en#listItem","name":"Inicio"}},{"@type":"ListItem","@id":"https:\/\/antoniobosch.com\/en\/periodistas-resuelven-las-dudas-de-los-guatemaltecos\/#listItem","position":3,"name":"Periodistas resuelven las dudas de los Guatemaltecos","previousItem":{"@type":"ListItem","@id":"https:\/\/antoniobosch.com\/en\/category\/guatemala\/#listItem","name":"Guatemala"}}]},{"@type":"Organization","@id":"https:\/\/antoniobosch.com\/en\/#organization","name":"Valtech","description":"Descubre todo sobre el mundo empresarial en Guatemala y Latinoam\u00e9rica","url":"https:\/\/antoniobosch.com\/en\/"},{"@type":"Person","@id":"https:\/\/antoniobosch.com\/en\/author\/editor\/#author","url":"https:\/\/antoniobosch.com\/en\/author\/editor\/","name":"Felipe Gutierrez","image":{"@type":"ImageObject","@id":"https:\/\/antoniobosch.com\/en\/periodistas-resuelven-las-dudas-de-los-guatemaltecos\/#authorImage","url":"https:\/\/secure.gravatar.com\/avatar\/ae3e0ac57f6679354fad48dfb5f8278163772f738ad8a70ac712479b407d0c3d?s=96&d=mm&r=g","width":96,"height":96,"caption":"Felipe Gutierrez"}},{"@type":"WebPage","@id":"https:\/\/antoniobosch.com\/en\/periodistas-resuelven-las-dudas-de-los-guatemaltecos\/#webpage","url":"https:\/\/antoniobosch.com\/en\/periodistas-resuelven-las-dudas-de-los-guatemaltecos\/","name":"Periodistas resuelven las dudas de los Guatemaltecos - Felipe Bosch: Liderazgo, innovaci\u00f3n y transformaci\u00f3n de Guatemala","description":"Sofia Menchu \u200b\u200bes una periodista guatemalteca y reportera de Reuters. Obtuvo un primer lugar. \u00a1Entra aqu\u00ed, ahora!","inLanguage":"en-US","isPartOf":{"@id":"https:\/\/antoniobosch.com\/en\/#website"},"breadcrumb":{"@id":"https:\/\/antoniobosch.com\/en\/periodistas-resuelven-las-dudas-de-los-guatemaltecos\/#breadcrumblist"},"author":{"@id":"https:\/\/antoniobosch.com\/en\/author\/editor\/#author"},"creator":{"@id":"https:\/\/antoniobosch.com\/en\/author\/editor\/#author"},"image":{"@type":"ImageObject","url":"https:\/\/antoniobosch.com\/wp-content\/uploads\/2022\/08\/periodistas-guatemala.jpg","@id":"https:\/\/antoniobosch.com\/en\/periodistas-resuelven-las-dudas-de-los-guatemaltecos\/#mainImage","width":1200,"height":675,"caption":"Periodistas resuelven las dudas de los Guatemaltecos"},"primaryImageOfPage":{"@id":"https:\/\/antoniobosch.com\/en\/periodistas-resuelven-las-dudas-de-los-guatemaltecos\/#mainImage"},"datePublished":"2022-08-08T21:10:40-05:00","dateModified":"2022-08-22T21:38:47-05:00"},{"@type":"WebSite","@id":"https:\/\/antoniobosch.com\/en\/#website","url":"https:\/\/antoniobosch.com\/en\/","name":"Felipe A. Bosch","description":"Descubre todo sobre el mundo empresarial en Guatemala y Latinoam\u00e9rica","inLanguage":"en-US","publisher":{"@id":"https:\/\/antoniobosch.com\/en\/#organization"}}]},"og:locale":"en_US","og:site_name":"Felipe Bosch: Liderazgo, innovaci\u00f3n y transformaci\u00f3n de Guatemala","og:type":"article","og:title":"Periodistas resuelven las dudas de los Guatemaltecos - Felipe Bosch: Liderazgo, innovaci\u00f3n y transformaci\u00f3n de Guatemala","og:description":"Sofia Menchu \u200b\u200bes una periodista guatemalteca y reportera de Reuters. Obtuvo un primer lugar. \u00a1Entra aqu\u00ed, ahora!","og:url":"https:\/\/antoniobosch.com\/en\/periodistas-resuelven-las-dudas-de-los-guatemaltecos\/","og:image":"https:\/\/antoniobosch.com\/wp-content\/uploads\/2022\/08\/periodistas-guatemala.jpg","og:image:secure_url":"https:\/\/antoniobosch.com\/wp-content\/uploads\/2022\/08\/periodistas-guatemala.jpg","og:image:width":1200,"og:image:height":675,"article:section":"Guatemala","article:published_time":"2022-08-09T03:10:40+00:00","article:modified_time":"2022-08-23T03:38:47+00:00","twitter:card":"summary_large_image","twitter:title":"Periodistas resuelven las dudas de los Guatemaltecos - Felipe Bosch: Liderazgo, innovaci\u00f3n y transformaci\u00f3n de Guatemala","twitter:description":"Sofia Menchu \u200b\u200bes una periodista guatemalteca y reportera de Reuters. Obtuvo un primer lugar. \u00a1Entra aqu\u00ed, ahora!","twitter:image":"https:\/\/antoniobosch.com\/wp-content\/uploads\/2022\/08\/periodistas-guatemala.jpg","twitter:label1":"Written by","twitter:data1":"Felipe Gutierrez","twitter:label2":"Est. reading time","twitter:data2":"3 minutes"},"aioseo_meta_data":{"post_id":"611","title":null,"description":"Sofia Menchu \u200b\u200bes una periodista guatemalteca y reportera de Reuters. Obtuvo un primer lugar. \u00a1Entra aqu\u00ed, ahora!","keywords":null,"keyphrases":{"focus":{"keyphrase":"periodista"}},"primary_term":null,"canonical_url":null,"og_title":null,"og_description":null,"og_object_type":"default","og_image_type":"featured","og_image_url":null,"og_image_width":null,"og_image_height":null,"og_image_custom_url":null,"og_image_custom_fields":null,"og_video":null,"og_custom_url":null,"og_article_section":"Guatemala","og_article_tags":null,"twitter_use_og":true,"twitter_card":"default","twitter_image_type":"default","twitter_image_url":null,"twitter_image_custom_url":null,"twitter_image_custom_fields":null,"twitter_title":null,"twitter_description":null,"schema":{"blockGraphs":[],"customGraphs":[],"default":{"data":{"Article":[],"Course":[],"Dataset":[],"FAQPage":[],"Movie":[],"Person":[],"Product":[],"ProductReview":[],"Car":[],"Recipe":[],"Service":[],"SoftwareApplication":[],"WebPage":[]},"graphName":"","isEnabled":true},"graphs":[]},"schema_type":"default","schema_type_options":null,"pillar_content":false,"robots_default":true,"robots_noindex":false,"robots_noarchive":false,"robots_nosnippet":false,"robots_nofollow":false,"robots_noimageindex":false,"robots_noodp":false,"robots_notranslate":false,"robots_max_snippet":null,"robots_max_videopreview":null,"robots_max_imagepreview":"large","priority":null,"frequency":null,"local_seo":null,"breadcrumb_settings":null,"limit_modified_date":false,"ai":null,"created":"2022-10-18 14:30:59","updated":"2025-06-03 22:48:36","seo_analyzer_scan_date":null,"focus_keyword":"periodista","additional_keywords":null,"truseo_locale":null},"aioseo_breadcrumb":"<div class=\"aioseo-breadcrumbs\"><span class=\"aioseo-breadcrumb\">\n\t\t\t<a href=\"https:\/\/antoniobosch.com\/en\" title=\"Inicio\">Inicio<\/a>\n\t\t<\/span><span class=\"aioseo-breadcrumb-separator\">&raquo;<\/span><span class=\"aioseo-breadcrumb\">\n\t\t\t<a href=\"https:\/\/antoniobosch.com\/en\/category\/guatemala\/\" title=\"Guatemala\">Guatemala<\/a>\n\t\t<\/span><span class=\"aioseo-breadcrumb-separator\">&raquo;<\/span><span class=\"aioseo-breadcrumb\">\n\t\t\tPeriodistas resuelven las dudas de los Guatemaltecos\n\t\t<\/span><\/div>","aioseo_breadcrumb_json":[{"label":"Inicio","link":"https:\/\/antoniobosch.com\/en"},{"label":"Guatemala","link":"https:\/\/antoniobosch.com\/en\/category\/guatemala\/"},{"label":"Periodistas resuelven las dudas de los Guatemaltecos","link":"https:\/\/antoniobosch.com\/en\/periodistas-resuelven-las-dudas-de-los-guatemaltecos\/"}],"_links":{"self":[{"href":"https:\/\/antoniobosch.com\/en\/wp-json\/wp\/v2\/posts\/611","targetHints":{"allow":["GET"]}}],"collection":[{"href":"https:\/\/antoniobosch.com\/en\/wp-json\/wp\/v2\/posts"}],"about":[{"href":"https:\/\/antoniobosch.com\/en\/wp-json\/wp\/v2\/types\/post"}],"author":[{"embeddable":true,"href":"https:\/\/antoniobosch.com\/en\/wp-json\/wp\/v2\/users\/1"}],"replies":[{"embeddable":true,"href":"https:\/\/antoniobosch.com\/en\/wp-json\/wp\/v2\/comments?post=611"}],"version-history":[{"count":1,"href":"https:\/\/antoniobosch.com\/en\/wp-json\/wp\/v2\/posts\/611\/revisions"}],"predecessor-version":[{"id":621,"href":"https:\/\/antoniobosch.com\/en\/wp-json\/wp\/v2\/posts\/611\/revisions\/621"}],"wp:featuredmedia":[{"embeddable":true,"href":"https:\/\/antoniobosch.com\/en\/wp-json\/wp\/v2\/media\/614"}],"wp:attachment":[{"href":"https:\/\/antoniobosch.com\/en\/wp-json\/wp\/v2\/media?parent=611"}],"wp:term":[{"taxonomy":"category","embeddable":true,"href":"https:\/\/antoniobosch.com\/en\/wp-json\/wp\/v2\/categories?post=611"},{"taxonomy":"post_tag","embeddable":true,"href":"https:\/\/antoniobosch.com\/en\/wp-json\/wp\/v2\/tags?post=611"}],"curies":[{"name":"wp","href":"https:\/\/api.w.org\/{rel}","templated":true}]}}