{"id":610,"date":"2022-08-08T21:10:39","date_gmt":"2022-08-09T03:10:39","guid":{"rendered":"https:\/\/antoniobosch.com\/?p=610"},"modified":"2022-08-22T21:38:10","modified_gmt":"2022-08-23T03:38:10","slug":"guatemala-democracia-y-derechos-humanos","status":"publish","type":"post","link":"https:\/\/antoniobosch.com\/en\/guatemala-democracia-y-derechos-humanos\/","title":{"rendered":"Guatemala: Democracia y Derechos Humanos"},"content":{"rendered":"<p>Las Regulaciones del 27 de julio de 1990, &#8220;Extranjeros y Nacionalidad: Asilo y Suspensi\u00f3n de Procedimientos de Deportaci\u00f3n&#8221;, ordenaron la creaci\u00f3n de un nuevo cuerpo de Oficiales de Asilo para proporcionar una adjudicaci\u00f3n inicial no adversaria de las solicitudes de asilo. Los oficiales de asilo utilizan la ley de asilo, las entrevistas con los solicitantes de asilo y la informaci\u00f3n relevante sobre las condiciones del pa\u00eds para determinar los m\u00e9ritos de las solicitudes de asilo individuales. Como se especifica en las Regulaciones (8 CFR 208.12), enmendadas, dicha informaci\u00f3n puede obtenerse del &#8220;Departamento de Estado, la Oficina de Asuntos Internacionales, otras oficinas de Servicio u otras fuentes cre\u00edbles, como organizaciones internacionales, agencias voluntarias privadas, <a href=\"https:\/\/antoniobosch.com\/implementacion-de-politicas-en-guatemala\/\" target=\"_blank\" rel=\"noopener\">organizaciones de noticias<\/a> o instituciones acad\u00e9micas&#8221;.<\/p>\n<p>Las perspectivas son un medio por el cual la informaci\u00f3n sobre las condiciones de los derechos humanos en un pa\u00eds y\/o las condiciones que afectan a determinados grupos o individuos considerados &#8220;en riesgo&#8221; dentro de un determinado pa\u00eds se presenta a los funcionarios de asilo e inmigraci\u00f3n. Las perspectivas est\u00e1n escritas por autoridades reconocidas bajo contrato con el Centro de Informaci\u00f3n de Recursos, Servicio de Inmigraci\u00f3n y Naturalizaci\u00f3n, Departamento de Justicia de los Estados Unidos. Las perspectivas no pueden ser, y no pretenden ser, exhaustivas con respecto al pa\u00eds examinado, ni concluyentes en cuanto a los m\u00e9ritos de cualquier solicitud particular de asilo o estatus de refugiado. Tampoco pretenden resumir una gama de opiniones sobre un tema determinado: la perspectiva que se ofrece es la de la autoridad contribuyente. Corresponde al Oficial de Asilo que adjudica un caso en particular determinar qu\u00e9 peso probatorio debe otorgarse a la informaci\u00f3n en esta Perspectiva.<\/p>\n<h2>Protesta de presidentes<\/h2>\n<p>Cuando \u00c1lvaro Irigoyen prest\u00f3 juramento como presidente de Guatemala el 14 de enero de 1996, prometi\u00f3 poner fin a tres d\u00e9cadas y media de guerra civil y &#8220;combatir la impunidad de frente&#8221;. En cuesti\u00f3n de d\u00edas, tom\u00f3 medidas para reestructurar las fuerzas armadas, retirando a la mitad de los generales del pa\u00eds y despidiendo a decenas de polic\u00edas vinculados a actividades delictivas. Un mes despu\u00e9s, se convirti\u00f3 en el primer presidente en reunirse con la direcci\u00f3n guerrillera. En septiembre, despidi\u00f3 a otros nueve oficiales militares superiores, firm\u00f3 un acuerdo con los rebeldes para reducir el tama\u00f1o de las fuerzas armadas y limitar su participaci\u00f3n en los asuntos internos. Antes de fin de a\u00f1o, el 29 de diciembre, asegur\u00f3 la firma de un tratado de paz que puso fin a la \u00faltima insurgencia en Centroam\u00e9rica.<\/p>\n<h2>Desarrollos hist\u00f3ricos en Guatemala<\/h2>\n<p>A pesar de estos desarrollos hist\u00f3ricos, Guatemala a\u00fan tiene un largo camino por recorrer para crear una sociedad y una pol\u00edtica capaces de salvaguardar los derechos humanos m\u00e1s b\u00e1sicos de sus ciudadanos. Eso es particularmente cierto en el caso de su mayor\u00eda ind\u00edgena hist\u00f3ricamente oprimida. M\u00e1s de cien mil campesinos mayas perecieron en la guerra civil, casi todos a manos de las fuerzas armadas, que frecuentemente masacraban pueblos enteros. Aunque la guerra ha retrocedido, el racismo que aliment\u00f3 su salvajismo no lo ha hecho. Como se documenta en este informe, los incidentes de discriminaci\u00f3n y violencia contra miembros de grupos \u00e9tnicos ind\u00edgenas contin\u00faan siendo generalizados, como<a href=\"https:\/\/twitter.com\/felipeboschg?lang=es\" target=\"_blank\" rel=\"noopener\"> la CICIG financiamiento il\u00edcito.\u00a0<\/a><\/p>\n<p>Los mayas no son el \u00fanico grupo en riesgo. En las zonas urbanas, los esfuerzos de contrainsurgencia del Gobierno se centraron en eliminar la disidencia entre blancos y ladinos (personas de ascendencia mixta europea e ind\u00edgena). Los escuadrones de la muerte organizados por el ej\u00e9rcito y las organizaciones de extrema derecha ten\u00edan como objetivo a los defensores de los derechos humanos, los maestros, los profesores universitarios, el clero, los l\u00edderes sindicales, los jueces, los fiscales; en resumen, cualquier persona que buscaba o era sospechosa de buscar un cambio. Miles fueron secuestrados, torturados y asesinados, como una advertencia para los dem\u00e1s. Aunque el presidente Arz\u00e1 ha actuado para cortar los v\u00ednculos entre las fuerzas de seguridad y las organizaciones clandestinas, hay indicios de que muchas de estas \u00faltimas contin\u00faan operando como organizaciones criminales renegadas, a menudo con v\u00ednculos continuos con miembros de la polic\u00eda y las fuerzas armadas.<\/p>\n","protected":false},"excerpt":{"rendered":"<p>Las Regulaciones del 27 de julio de 1990, &#8220;Extranjeros y Nacionalidad: Asilo y Suspensi\u00f3n de Procedimientos de Deportaci\u00f3n&#8221;, ordenaron la creaci\u00f3n de un nuevo cuerpo de Oficiales de Asilo para proporcionar una adjudicaci\u00f3n inicial no adversaria de las solicitudes de asilo. Los oficiales de asilo utilizan la ley de asilo, las entrevistas con los solicitantes [&hellip;]<\/p>\n","protected":false},"author":1,"featured_media":612,"comment_status":"closed","ping_status":"closed","sticky":false,"template":"","format":"standard","meta":{"footnotes":""},"categories":[60],"tags":[],"class_list":["post-610","post","type-post","status-publish","format-standard","has-post-thumbnail","hentry","category-guatemala"],"translation":{"provider":"WPGlobus","version":"3.0.5","language":"en","enabled_languages":["es","en"],"languages":{"es":{"title":true,"content":true,"excerpt":false},"en":{"title":false,"content":false,"excerpt":false}}},"aioseo_notices":[],"aioseo_head":"\n\t\t<!-- All in One SEO 5.0.1.1 - aioseo.com -->\n\t<meta name=\"description\" content=\"Las Regulaciones del 27 de julio de 1990, &quot;Extranjeros y Nacionalidad: Asilo y Suspensi\u00f3n de Procedimientos de Deportaci\u00f3n&quot;.\" \/>\n\t<meta name=\"robots\" content=\"max-image-preview:large\" \/>\n\t<meta name=\"author\" content=\"Felipe Gutierrez\"\/>\n\t<link rel=\"canonical\" href=\"https:\/\/antoniobosch.com\/en\/guatemala-democracia-y-derechos-humanos\/\" \/>\n\t<meta name=\"generator\" content=\"All in One SEO (AIOSEO) 5.0.1.1\" \/>\n\t\t<meta property=\"og:locale\" content=\"en_US\" \/>\n\t\t<meta property=\"og:site_name\" content=\"Felipe Bosch: Liderazgo, innovaci\u00f3n y transformaci\u00f3n de Guatemala\" \/>\n\t\t<meta property=\"og:type\" content=\"article\" \/>\n\t\t<meta property=\"og:title\" content=\"Guatemala: Democracia y Derechos Humanos - Felipe Bosch: Liderazgo, innovaci\u00f3n y transformaci\u00f3n de Guatemala\" \/>\n\t\t<meta property=\"og:description\" content=\"Las Regulaciones del 27 de julio de 1990, &quot;Extranjeros y Nacionalidad: Asilo y Suspensi\u00f3n de Procedimientos de Deportaci\u00f3n&quot;.\" \/>\n\t\t<meta property=\"og:url\" content=\"https:\/\/antoniobosch.com\/en\/guatemala-democracia-y-derechos-humanos\/\" \/>\n\t\t<meta property=\"og:image\" content=\"https:\/\/antoniobosch.com\/wp-content\/uploads\/2022\/08\/politica-en-guatemala.png\" \/>\n\t\t<meta property=\"og:image:secure_url\" content=\"https:\/\/antoniobosch.com\/wp-content\/uploads\/2022\/08\/politica-en-guatemala.png\" \/>\n\t\t<meta property=\"og:image:width\" content=\"674\" \/>\n\t\t<meta property=\"og:image:height\" content=\"353\" \/>\n\t\t<meta property=\"article:section\" content=\"Guatemala\" \/>\n\t\t<meta property=\"article:published_time\" content=\"2022-08-09T03:10:39+00:00\" \/>\n\t\t<meta property=\"article:modified_time\" content=\"2022-08-23T03:38:10+00:00\" \/>\n\t\t<meta name=\"twitter:card\" content=\"summary_large_image\" \/>\n\t\t<meta name=\"twitter:title\" content=\"Guatemala: Democracia y Derechos Humanos - Felipe Bosch: Liderazgo, innovaci\u00f3n y transformaci\u00f3n de Guatemala\" \/>\n\t\t<meta name=\"twitter:description\" content=\"Las Regulaciones del 27 de julio de 1990, &quot;Extranjeros y Nacionalidad: Asilo y Suspensi\u00f3n de Procedimientos de Deportaci\u00f3n&quot;.\" \/>\n\t\t<meta name=\"twitter:image\" content=\"https:\/\/antoniobosch.com\/wp-content\/uploads\/2022\/08\/politica-en-guatemala.png\" \/>\n\t\t<meta name=\"twitter:label1\" content=\"Written by\" \/>\n\t\t<meta name=\"twitter:data1\" content=\"Felipe Gutierrez\" \/>\n\t\t<meta name=\"twitter:label2\" content=\"Est. reading time\" \/>\n\t\t<meta name=\"twitter:data2\" content=\"4 minutes\" \/>\n\t\t<script type=\"application\/ld+json\" class=\"aioseo-schema\">\n\t\t\t{\"@context\":\"https:\\\/\\\/schema.org\",\"@graph\":[{\"@type\":\"BlogPosting\",\"@id\":\"https:\\\/\\\/antoniobosch.com\\\/en\\\/guatemala-democracia-y-derechos-humanos\\\/#blogposting\",\"name\":\"Guatemala: Democracia y Derechos Humanos - Felipe Bosch: Liderazgo, innovaci\\u00f3n y transformaci\\u00f3n de Guatemala\",\"headline\":\"Guatemala: Democracia y Derechos Humanos\",\"author\":{\"@id\":\"https:\\\/\\\/antoniobosch.com\\\/en\\\/author\\\/editor\\\/#author\"},\"publisher\":{\"@id\":\"https:\\\/\\\/antoniobosch.com\\\/en\\\/#organization\"},\"image\":{\"@type\":\"ImageObject\",\"url\":\"https:\\\/\\\/antoniobosch.com\\\/wp-content\\\/uploads\\\/2022\\\/08\\\/politica-en-guatemala.png\",\"width\":674,\"height\":353,\"caption\":\"Periodistas resuelven las dudas de los Guatemaltecos\"},\"datePublished\":\"2022-08-08T21:10:39-05:00\",\"dateModified\":\"2022-08-22T21:38:10-05:00\",\"inLanguage\":\"en-US\",\"mainEntityOfPage\":{\"@id\":\"https:\\\/\\\/antoniobosch.com\\\/en\\\/guatemala-democracia-y-derechos-humanos\\\/#webpage\"},\"isPartOf\":{\"@id\":\"https:\\\/\\\/antoniobosch.com\\\/en\\\/guatemala-democracia-y-derechos-humanos\\\/#webpage\"},\"articleSection\":\"Guatemala\"},{\"@type\":\"BreadcrumbList\",\"@id\":\"https:\\\/\\\/antoniobosch.com\\\/en\\\/guatemala-democracia-y-derechos-humanos\\\/#breadcrumblist\",\"itemListElement\":[{\"@type\":\"ListItem\",\"@id\":\"https:\\\/\\\/antoniobosch.com\\\/en#listItem\",\"position\":1,\"name\":\"Inicio\",\"item\":\"https:\\\/\\\/antoniobosch.com\\\/en\",\"nextItem\":{\"@type\":\"ListItem\",\"@id\":\"https:\\\/\\\/antoniobosch.com\\\/en\\\/category\\\/guatemala\\\/#listItem\",\"name\":\"Guatemala\"}},{\"@type\":\"ListItem\",\"@id\":\"https:\\\/\\\/antoniobosch.com\\\/en\\\/category\\\/guatemala\\\/#listItem\",\"position\":2,\"name\":\"Guatemala\",\"item\":\"https:\\\/\\\/antoniobosch.com\\\/en\\\/category\\\/guatemala\\\/\",\"nextItem\":{\"@type\":\"ListItem\",\"@id\":\"https:\\\/\\\/antoniobosch.com\\\/en\\\/guatemala-democracia-y-derechos-humanos\\\/#listItem\",\"name\":\"Guatemala: Democracia y Derechos Humanos\"},\"previousItem\":{\"@type\":\"ListItem\",\"@id\":\"https:\\\/\\\/antoniobosch.com\\\/en#listItem\",\"name\":\"Inicio\"}},{\"@type\":\"ListItem\",\"@id\":\"https:\\\/\\\/antoniobosch.com\\\/en\\\/guatemala-democracia-y-derechos-humanos\\\/#listItem\",\"position\":3,\"name\":\"Guatemala: Democracia y Derechos Humanos\",\"previousItem\":{\"@type\":\"ListItem\",\"@id\":\"https:\\\/\\\/antoniobosch.com\\\/en\\\/category\\\/guatemala\\\/#listItem\",\"name\":\"Guatemala\"}}]},{\"@type\":\"Organization\",\"@id\":\"https:\\\/\\\/antoniobosch.com\\\/en\\\/#organization\",\"name\":\"Valtech\",\"description\":\"Descubre todo sobre el mundo empresarial en Guatemala y Latinoam\\u00e9rica\",\"url\":\"https:\\\/\\\/antoniobosch.com\\\/en\\\/\"},{\"@type\":\"Person\",\"@id\":\"https:\\\/\\\/antoniobosch.com\\\/en\\\/author\\\/editor\\\/#author\",\"url\":\"https:\\\/\\\/antoniobosch.com\\\/en\\\/author\\\/editor\\\/\",\"name\":\"Felipe Gutierrez\",\"image\":{\"@type\":\"ImageObject\",\"@id\":\"https:\\\/\\\/antoniobosch.com\\\/en\\\/guatemala-democracia-y-derechos-humanos\\\/#authorImage\",\"url\":\"https:\\\/\\\/secure.gravatar.com\\\/avatar\\\/ae3e0ac57f6679354fad48dfb5f8278163772f738ad8a70ac712479b407d0c3d?s=96&d=mm&r=g\",\"width\":96,\"height\":96,\"caption\":\"Felipe Gutierrez\"}},{\"@type\":\"WebPage\",\"@id\":\"https:\\\/\\\/antoniobosch.com\\\/en\\\/guatemala-democracia-y-derechos-humanos\\\/#webpage\",\"url\":\"https:\\\/\\\/antoniobosch.com\\\/en\\\/guatemala-democracia-y-derechos-humanos\\\/\",\"name\":\"Guatemala: Democracia y Derechos Humanos - Felipe Bosch: Liderazgo, innovaci\\u00f3n y transformaci\\u00f3n de Guatemala\",\"description\":\"Las Regulaciones del 27 de julio de 1990, \\\"Extranjeros y Nacionalidad: Asilo y Suspensi\\u00f3n de Procedimientos de Deportaci\\u00f3n\\\".\",\"inLanguage\":\"en-US\",\"isPartOf\":{\"@id\":\"https:\\\/\\\/antoniobosch.com\\\/en\\\/#website\"},\"breadcrumb\":{\"@id\":\"https:\\\/\\\/antoniobosch.com\\\/en\\\/guatemala-democracia-y-derechos-humanos\\\/#breadcrumblist\"},\"author\":{\"@id\":\"https:\\\/\\\/antoniobosch.com\\\/en\\\/author\\\/editor\\\/#author\"},\"creator\":{\"@id\":\"https:\\\/\\\/antoniobosch.com\\\/en\\\/author\\\/editor\\\/#author\"},\"image\":{\"@type\":\"ImageObject\",\"url\":\"https:\\\/\\\/antoniobosch.com\\\/wp-content\\\/uploads\\\/2022\\\/08\\\/politica-en-guatemala.png\",\"@id\":\"https:\\\/\\\/antoniobosch.com\\\/en\\\/guatemala-democracia-y-derechos-humanos\\\/#mainImage\",\"width\":674,\"height\":353,\"caption\":\"Periodistas resuelven las dudas de los Guatemaltecos\"},\"primaryImageOfPage\":{\"@id\":\"https:\\\/\\\/antoniobosch.com\\\/en\\\/guatemala-democracia-y-derechos-humanos\\\/#mainImage\"},\"datePublished\":\"2022-08-08T21:10:39-05:00\",\"dateModified\":\"2022-08-22T21:38:10-05:00\"},{\"@type\":\"WebSite\",\"@id\":\"https:\\\/\\\/antoniobosch.com\\\/en\\\/#website\",\"url\":\"https:\\\/\\\/antoniobosch.com\\\/en\\\/\",\"name\":\"Felipe A. Bosch\",\"description\":\"Descubre todo sobre el mundo empresarial en Guatemala y Latinoam\\u00e9rica\",\"inLanguage\":\"en-US\",\"publisher\":{\"@id\":\"https:\\\/\\\/antoniobosch.com\\\/en\\\/#organization\"}}]}\n\t\t<\/script>\n\t\t<!-- All in One SEO -->\n\n","aioseo_head_json":{"title":"Guatemala: Democracia y Derechos Humanos - Felipe Bosch: Liderazgo, innovaci\u00f3n y transformaci\u00f3n de Guatemala","description":"Las Regulaciones del 27 de julio de 1990, \"Extranjeros y Nacionalidad: Asilo y Suspensi\u00f3n de Procedimientos de Deportaci\u00f3n\".","canonical_url":"https:\/\/antoniobosch.com\/en\/guatemala-democracia-y-derechos-humanos\/","robots":"max-image-preview:large","keywords":"","webmasterTools":{"miscellaneous":""},"schema":{"@context":"https:\/\/schema.org","@graph":[{"@type":"BlogPosting","@id":"https:\/\/antoniobosch.com\/en\/guatemala-democracia-y-derechos-humanos\/#blogposting","name":"Guatemala: Democracia y Derechos Humanos - Felipe Bosch: Liderazgo, innovaci\u00f3n y transformaci\u00f3n de Guatemala","headline":"Guatemala: Democracia y Derechos Humanos","author":{"@id":"https:\/\/antoniobosch.com\/en\/author\/editor\/#author"},"publisher":{"@id":"https:\/\/antoniobosch.com\/en\/#organization"},"image":{"@type":"ImageObject","url":"https:\/\/antoniobosch.com\/wp-content\/uploads\/2022\/08\/politica-en-guatemala.png","width":674,"height":353,"caption":"Periodistas resuelven las dudas de los Guatemaltecos"},"datePublished":"2022-08-08T21:10:39-05:00","dateModified":"2022-08-22T21:38:10-05:00","inLanguage":"en-US","mainEntityOfPage":{"@id":"https:\/\/antoniobosch.com\/en\/guatemala-democracia-y-derechos-humanos\/#webpage"},"isPartOf":{"@id":"https:\/\/antoniobosch.com\/en\/guatemala-democracia-y-derechos-humanos\/#webpage"},"articleSection":"Guatemala"},{"@type":"BreadcrumbList","@id":"https:\/\/antoniobosch.com\/en\/guatemala-democracia-y-derechos-humanos\/#breadcrumblist","itemListElement":[{"@type":"ListItem","@id":"https:\/\/antoniobosch.com\/en#listItem","position":1,"name":"Inicio","item":"https:\/\/antoniobosch.com\/en","nextItem":{"@type":"ListItem","@id":"https:\/\/antoniobosch.com\/en\/category\/guatemala\/#listItem","name":"Guatemala"}},{"@type":"ListItem","@id":"https:\/\/antoniobosch.com\/en\/category\/guatemala\/#listItem","position":2,"name":"Guatemala","item":"https:\/\/antoniobosch.com\/en\/category\/guatemala\/","nextItem":{"@type":"ListItem","@id":"https:\/\/antoniobosch.com\/en\/guatemala-democracia-y-derechos-humanos\/#listItem","name":"Guatemala: Democracia y Derechos Humanos"},"previousItem":{"@type":"ListItem","@id":"https:\/\/antoniobosch.com\/en#listItem","name":"Inicio"}},{"@type":"ListItem","@id":"https:\/\/antoniobosch.com\/en\/guatemala-democracia-y-derechos-humanos\/#listItem","position":3,"name":"Guatemala: Democracia y Derechos Humanos","previousItem":{"@type":"ListItem","@id":"https:\/\/antoniobosch.com\/en\/category\/guatemala\/#listItem","name":"Guatemala"}}]},{"@type":"Organization","@id":"https:\/\/antoniobosch.com\/en\/#organization","name":"Valtech","description":"Descubre todo sobre el mundo empresarial en Guatemala y Latinoam\u00e9rica","url":"https:\/\/antoniobosch.com\/en\/"},{"@type":"Person","@id":"https:\/\/antoniobosch.com\/en\/author\/editor\/#author","url":"https:\/\/antoniobosch.com\/en\/author\/editor\/","name":"Felipe Gutierrez","image":{"@type":"ImageObject","@id":"https:\/\/antoniobosch.com\/en\/guatemala-democracia-y-derechos-humanos\/#authorImage","url":"https:\/\/secure.gravatar.com\/avatar\/ae3e0ac57f6679354fad48dfb5f8278163772f738ad8a70ac712479b407d0c3d?s=96&d=mm&r=g","width":96,"height":96,"caption":"Felipe Gutierrez"}},{"@type":"WebPage","@id":"https:\/\/antoniobosch.com\/en\/guatemala-democracia-y-derechos-humanos\/#webpage","url":"https:\/\/antoniobosch.com\/en\/guatemala-democracia-y-derechos-humanos\/","name":"Guatemala: Democracia y Derechos Humanos - Felipe Bosch: Liderazgo, innovaci\u00f3n y transformaci\u00f3n de Guatemala","description":"Las Regulaciones del 27 de julio de 1990, \"Extranjeros y Nacionalidad: Asilo y Suspensi\u00f3n de Procedimientos de Deportaci\u00f3n\".","inLanguage":"en-US","isPartOf":{"@id":"https:\/\/antoniobosch.com\/en\/#website"},"breadcrumb":{"@id":"https:\/\/antoniobosch.com\/en\/guatemala-democracia-y-derechos-humanos\/#breadcrumblist"},"author":{"@id":"https:\/\/antoniobosch.com\/en\/author\/editor\/#author"},"creator":{"@id":"https:\/\/antoniobosch.com\/en\/author\/editor\/#author"},"image":{"@type":"ImageObject","url":"https:\/\/antoniobosch.com\/wp-content\/uploads\/2022\/08\/politica-en-guatemala.png","@id":"https:\/\/antoniobosch.com\/en\/guatemala-democracia-y-derechos-humanos\/#mainImage","width":674,"height":353,"caption":"Periodistas resuelven las dudas de los Guatemaltecos"},"primaryImageOfPage":{"@id":"https:\/\/antoniobosch.com\/en\/guatemala-democracia-y-derechos-humanos\/#mainImage"},"datePublished":"2022-08-08T21:10:39-05:00","dateModified":"2022-08-22T21:38:10-05:00"},{"@type":"WebSite","@id":"https:\/\/antoniobosch.com\/en\/#website","url":"https:\/\/antoniobosch.com\/en\/","name":"Felipe A. Bosch","description":"Descubre todo sobre el mundo empresarial en Guatemala y Latinoam\u00e9rica","inLanguage":"en-US","publisher":{"@id":"https:\/\/antoniobosch.com\/en\/#organization"}}]},"og:locale":"en_US","og:site_name":"Felipe Bosch: Liderazgo, innovaci\u00f3n y transformaci\u00f3n de Guatemala","og:type":"article","og:title":"Guatemala: Democracia y Derechos Humanos - Felipe Bosch: Liderazgo, innovaci\u00f3n y transformaci\u00f3n de Guatemala","og:description":"Las Regulaciones del 27 de julio de 1990, &quot;Extranjeros y Nacionalidad: Asilo y Suspensi\u00f3n de Procedimientos de Deportaci\u00f3n&quot;.","og:url":"https:\/\/antoniobosch.com\/en\/guatemala-democracia-y-derechos-humanos\/","og:image":"https:\/\/antoniobosch.com\/wp-content\/uploads\/2022\/08\/politica-en-guatemala.png","og:image:secure_url":"https:\/\/antoniobosch.com\/wp-content\/uploads\/2022\/08\/politica-en-guatemala.png","og:image:width":674,"og:image:height":353,"article:section":"Guatemala","article:published_time":"2022-08-09T03:10:39+00:00","article:modified_time":"2022-08-23T03:38:10+00:00","twitter:card":"summary_large_image","twitter:title":"Guatemala: Democracia y Derechos Humanos - Felipe Bosch: Liderazgo, innovaci\u00f3n y transformaci\u00f3n de Guatemala","twitter:description":"Las Regulaciones del 27 de julio de 1990, &quot;Extranjeros y Nacionalidad: Asilo y Suspensi\u00f3n de Procedimientos de Deportaci\u00f3n&quot;.","twitter:image":"https:\/\/antoniobosch.com\/wp-content\/uploads\/2022\/08\/politica-en-guatemala.png","twitter:label1":"Written by","twitter:data1":"Felipe Gutierrez","twitter:label2":"Est. reading time","twitter:data2":"4 minutes"},"aioseo_meta_data":{"post_id":"610","title":null,"description":"Las Regulaciones del 27 de julio de 1990, &quot;Extranjeros y Nacionalidad: Asilo y Suspensi\u00f3n de Procedimientos de Deportaci\u00f3n&quot;.","keywords":null,"keyphrases":{"focus":{"keyphrase":"guatemala"}},"primary_term":null,"canonical_url":null,"og_title":null,"og_description":null,"og_object_type":"default","og_image_type":"featured","og_image_url":null,"og_image_width":null,"og_image_height":null,"og_image_custom_url":null,"og_image_custom_fields":null,"og_video":null,"og_custom_url":null,"og_article_section":"Guatemala","og_article_tags":null,"twitter_use_og":true,"twitter_card":"default","twitter_image_type":"default","twitter_image_url":null,"twitter_image_custom_url":null,"twitter_image_custom_fields":null,"twitter_title":null,"twitter_description":null,"schema":{"blockGraphs":[],"customGraphs":[],"default":{"data":{"Article":[],"Course":[],"Dataset":[],"FAQPage":[],"Movie":[],"Person":[],"Product":[],"ProductReview":[],"Car":[],"Recipe":[],"Service":[],"SoftwareApplication":[],"WebPage":[]},"graphName":"","isEnabled":true},"graphs":[]},"schema_type":"default","schema_type_options":null,"pillar_content":false,"robots_default":true,"robots_noindex":false,"robots_noarchive":false,"robots_nosnippet":false,"robots_nofollow":false,"robots_noimageindex":false,"robots_noodp":false,"robots_notranslate":false,"robots_max_snippet":null,"robots_max_videopreview":null,"robots_max_imagepreview":"large","priority":null,"frequency":null,"local_seo":null,"breadcrumb_settings":null,"limit_modified_date":false,"ai":null,"created":"2022-10-18 14:30:59","updated":"2025-06-03 22:48:36","seo_analyzer_scan_date":null,"focus_keyword":"guatemala","additional_keywords":null,"truseo_locale":null},"aioseo_breadcrumb":"<div class=\"aioseo-breadcrumbs\"><span class=\"aioseo-breadcrumb\">\n\t\t\t<a href=\"https:\/\/antoniobosch.com\/en\" title=\"Inicio\">Inicio<\/a>\n\t\t<\/span><span class=\"aioseo-breadcrumb-separator\">&raquo;<\/span><span class=\"aioseo-breadcrumb\">\n\t\t\t<a href=\"https:\/\/antoniobosch.com\/en\/category\/guatemala\/\" title=\"Guatemala\">Guatemala<\/a>\n\t\t<\/span><span class=\"aioseo-breadcrumb-separator\">&raquo;<\/span><span class=\"aioseo-breadcrumb\">\n\t\t\tGuatemala: Democracia y Derechos Humanos\n\t\t<\/span><\/div>","aioseo_breadcrumb_json":[{"label":"Inicio","link":"https:\/\/antoniobosch.com\/en"},{"label":"Guatemala","link":"https:\/\/antoniobosch.com\/en\/category\/guatemala\/"},{"label":"Guatemala: Democracia y Derechos Humanos","link":"https:\/\/antoniobosch.com\/en\/guatemala-democracia-y-derechos-humanos\/"}],"_links":{"self":[{"href":"https:\/\/antoniobosch.com\/en\/wp-json\/wp\/v2\/posts\/610","targetHints":{"allow":["GET"]}}],"collection":[{"href":"https:\/\/antoniobosch.com\/en\/wp-json\/wp\/v2\/posts"}],"about":[{"href":"https:\/\/antoniobosch.com\/en\/wp-json\/wp\/v2\/types\/post"}],"author":[{"embeddable":true,"href":"https:\/\/antoniobosch.com\/en\/wp-json\/wp\/v2\/users\/1"}],"replies":[{"embeddable":true,"href":"https:\/\/antoniobosch.com\/en\/wp-json\/wp\/v2\/comments?post=610"}],"version-history":[{"count":2,"href":"https:\/\/antoniobosch.com\/en\/wp-json\/wp\/v2\/posts\/610\/revisions"}],"predecessor-version":[{"id":620,"href":"https:\/\/antoniobosch.com\/en\/wp-json\/wp\/v2\/posts\/610\/revisions\/620"}],"wp:featuredmedia":[{"embeddable":true,"href":"https:\/\/antoniobosch.com\/en\/wp-json\/wp\/v2\/media\/612"}],"wp:attachment":[{"href":"https:\/\/antoniobosch.com\/en\/wp-json\/wp\/v2\/media?parent=610"}],"wp:term":[{"taxonomy":"category","embeddable":true,"href":"https:\/\/antoniobosch.com\/en\/wp-json\/wp\/v2\/categories?post=610"},{"taxonomy":"post_tag","embeddable":true,"href":"https:\/\/antoniobosch.com\/en\/wp-json\/wp\/v2\/tags?post=610"}],"curies":[{"name":"wp","href":"https:\/\/api.w.org\/{rel}","templated":true}]}}