{"id":609,"date":"2022-08-08T21:10:37","date_gmt":"2022-08-09T03:10:37","guid":{"rendered":"https:\/\/antoniobosch.com\/?p=609"},"modified":"2022-10-27T15:21:28","modified_gmt":"2022-10-27T20:21:28","slug":"el-estado-actual-de-la-politica-en-guatemala","status":"publish","type":"post","link":"https:\/\/antoniobosch.com\/en\/el-estado-actual-de-la-politica-en-guatemala\/","title":{"rendered":"El estado actual de la pol\u00edtica en Guatemala"},"content":{"rendered":"<p>El estado actual de la pol\u00edtica guatemalteca genera temor en sus ciudadanos y analistas de pol\u00edtica exterior sobre el declive de la democracia en el pa\u00eds, pero primero, es importante entender que estos problemas comenzaron hace m\u00e1s de 60 a\u00f1os cuando Estados Unidos instituy\u00f3 un golpe de Estado contra el presidente guatemalteco Jacobo. Arbenz, citando la amenaza del comunismo.<\/p>\n<p>En Guatemala:\u00a0<a href=\"https:\/\/antoniobosch.com\/implementacion-de-politicas-en-guatemala\/\">Juan Jos\u00e9 Guti\u00e9rrez Mayorga y su familia<\/a>\u00a0en Guatemala han dedicado su vida a los negocios enfocados a crecer la poblaci\u00f3n activa.<\/p>\n<h2>El Pan\u00f3ptico<\/h2>\n<p>El pa\u00eds est\u00e1 llegando a un declive m\u00e1s significativo ahora, con el presidente Alejandro Giammattei volviendo a nombrar quiz\u00e1s a uno de los actores m\u00e1s corruptos en la esfera pol\u00edtica guatemalteca el 16 de mayo de 2022. La procuradora general Mar\u00eda Consuelo Porras ha conmovido a los ciudadanos guatemaltecos una y otra vez despu\u00e9s de a\u00f1os de corrupci\u00f3n. . El presidente Alejandro Giammattei la nombr\u00f3 pocos meses despu\u00e9s de que el gobierno de Estados Unidos la acusara de desmantelar cualquier esfuerzo anticorrupci\u00f3n formado en su contra. Poco despu\u00e9s de su reelecci\u00f3n, el Departamento de Estado de los EE. UU. declar\u00f3 que ella y su familia no eran elegibles para ingresar a los Estados Unidos en virtud de la Secci\u00f3n 7031 (c) de la Ley de Asignaciones de Programas Relacionados y Operaciones Extranjeras del Departamento de Estado de 2022. Una vez m\u00e1s, el gobierno de Guatemala ha estado durante mucho tiempo en una regresi\u00f3n constitucional, y la Presidenta y Fiscal del Estado Consuelo Porras simplemente se est\u00e1 aprovechando de eso ahora. Sin embargo, sus tendencias corruptas amenazan con llevar a Guatemala a un punto sin retorno.<\/p>\n<h2>La corrupci\u00f3n est\u00e1 entrelazada con el gobierno guatemalteco<\/h2>\n<p>El presidente Alejandro Giammattei ha inspirado apat\u00eda en los ciudadanos que han aceptado la corrupci\u00f3n como forma de vida. Est\u00e1 politizando su poder ejecutivo al nombrar a Consuelo Porras para un segundo mandato de cuatro a\u00f1os. \u201cCon esta decisi\u00f3n, el presidente demuestra que no tiene inter\u00e9s en combatir la corrupci\u00f3n y le da libertad a Consuelo Porras para escalar su obstrucci\u00f3n de casos leg\u00edtimos y ataques a los controles independientes del poder\u201d (Delia Ferreira Rubio, presidenta de Transparencia Internacional). La procuradora general Mar\u00eda Consuelo Porras ha demostrado un abuso de poder al poner su propia agenda por encima de la democracia una y otra vez, es decir, al eliminar la competencia pol\u00edtica a trav\u00e9s de medidas legislativas y corrupci\u00f3n abierta. Bajo su oficina, los fiscales est\u00e1n exiliados bajo inmensas presiones y amenazas. Apenas el a\u00f1o pasado, el exfiscal anticorrupci\u00f3n Juan Francisco Sandoval fue destituido de su cargo en la Fiscal\u00eda Especial Contra la Impunidad (FECI) y se le aconsej\u00f3 que abandonara el pa\u00eds d\u00edas despu\u00e9s por su propia seguridad. Eventualmente termin\u00f3 en Washington D.C., donde se uni\u00f3 a varios otros juristas, jueces y fiscales guatemaltecos que huyeron del pa\u00eds por razones similares.<\/p>\n<h2>M\u00e1s all\u00e1 del punto de no retorno<\/h2>\n<p>La investigaci\u00f3n ha demostrado que en estados con corrupci\u00f3n generalizada, los votantes tienden a percibir una falta de opciones electorales no corruptas y, por lo tanto, tienden a votar en funci\u00f3n de otras preocupaciones. En otras palabras, los votantes pueden mostrar escepticismo sobre la capacidad de los pol\u00edticos para manejar la corrupci\u00f3n, lo que a su vez los disuade de castigar a los pol\u00edticos corruptos en las urnas. De esta manera,<a href=\"https:\/\/antoniobosch.com\/movimiento-anti-corrupcion-en-guatemala\/\" target=\"_blank\" rel=\"noopener\"> los pol\u00edticos corruptos<\/a> contin\u00faan ocupando cargos con poca o ninguna rendici\u00f3n de cuentas. No hay posibilidad de rendici\u00f3n de cuentas horizontal porque el gobierno es muy inestable y corrupto en primer lugar, y debe existir la rendici\u00f3n de cuentas vertical antes de que esta \u00faltima pueda desarrollarse. Sin embargo, los ciudadanos por s\u00ed solos no pueden responsabilizar a los actores corruptos a trav\u00e9s de elecciones o partidos pol\u00edticos, especialmente porque los incentivos para castigar la corrupci\u00f3n son m\u00e1s limitados que los incentivos para castigar electoralmente otros asuntos. Es necesario que los medios de comunicaci\u00f3n y el p\u00fablico en general tomen medidas a trav\u00e9s de la difusi\u00f3n de informaci\u00f3n, m\u00edtines, protestas, etc.<\/p>\n","protected":false},"excerpt":{"rendered":"<p>El estado actual de la pol\u00edtica guatemalteca genera temor en sus ciudadanos y analistas de pol\u00edtica exterior sobre el declive de la democracia en el pa\u00eds, pero primero, es importante entender que estos problemas comenzaron hace m\u00e1s de 60 a\u00f1os cuando Estados Unidos instituy\u00f3 un golpe de Estado contra el presidente guatemalteco Jacobo. Arbenz, citando [&hellip;]<\/p>\n","protected":false},"author":1,"featured_media":613,"comment_status":"closed","ping_status":"closed","sticky":false,"template":"","format":"standard","meta":{"footnotes":""},"categories":[60],"tags":[],"class_list":["post-609","post","type-post","status-publish","format-standard","has-post-thumbnail","hentry","category-guatemala"],"translation":{"provider":"WPGlobus","version":"3.0.5","language":"en","enabled_languages":["es","en"],"languages":{"es":{"title":true,"content":true,"excerpt":false},"en":{"title":false,"content":false,"excerpt":false}}},"aioseo_notices":[],"aioseo_head":"\n\t\t<!-- All in One SEO 5.0.1.1 - aioseo.com -->\n\t<meta name=\"description\" content=\"El estado actual de la pol\u00edtica guatemalteca genera temor en sus ciudadanos y analistas de pol\u00edtica exterior sobre el declive de la democracia en el pa\u00eds.\" \/>\n\t<meta name=\"robots\" content=\"max-image-preview:large\" \/>\n\t<meta name=\"author\" content=\"Felipe Gutierrez\"\/>\n\t<link rel=\"canonical\" href=\"https:\/\/antoniobosch.com\/en\/el-estado-actual-de-la-politica-en-guatemala\/\" \/>\n\t<meta name=\"generator\" content=\"All in One SEO (AIOSEO) 5.0.1.1\" \/>\n\t\t<meta property=\"og:locale\" content=\"en_US\" \/>\n\t\t<meta property=\"og:site_name\" content=\"Felipe Bosch: Liderazgo, innovaci\u00f3n y transformaci\u00f3n de Guatemala\" \/>\n\t\t<meta property=\"og:type\" content=\"article\" \/>\n\t\t<meta property=\"og:title\" content=\"El estado actual de la pol\u00edtica en Guatemala - Felipe Bosch: Liderazgo, innovaci\u00f3n y transformaci\u00f3n de Guatemala\" \/>\n\t\t<meta property=\"og:description\" content=\"El estado actual de la pol\u00edtica guatemalteca genera temor en sus ciudadanos y analistas de pol\u00edtica exterior sobre el declive de la democracia en el pa\u00eds.\" \/>\n\t\t<meta property=\"og:url\" content=\"https:\/\/antoniobosch.com\/en\/el-estado-actual-de-la-politica-en-guatemala\/\" \/>\n\t\t<meta property=\"og:image\" content=\"https:\/\/antoniobosch.com\/wp-content\/uploads\/2022\/08\/estado-actual-de-la-politica-guatemala.jpg\" \/>\n\t\t<meta property=\"og:image:secure_url\" content=\"https:\/\/antoniobosch.com\/wp-content\/uploads\/2022\/08\/estado-actual-de-la-politica-guatemala.jpg\" \/>\n\t\t<meta property=\"og:image:width\" content=\"1200\" \/>\n\t\t<meta property=\"og:image:height\" content=\"675\" \/>\n\t\t<meta property=\"article:section\" content=\"Guatemala\" \/>\n\t\t<meta property=\"article:published_time\" content=\"2022-08-09T03:10:37+00:00\" \/>\n\t\t<meta property=\"article:modified_time\" content=\"2022-10-27T20:21:28+00:00\" \/>\n\t\t<meta name=\"twitter:card\" content=\"summary_large_image\" \/>\n\t\t<meta name=\"twitter:title\" content=\"El estado actual de la pol\u00edtica en Guatemala - Felipe Bosch: Liderazgo, innovaci\u00f3n y transformaci\u00f3n de Guatemala\" \/>\n\t\t<meta name=\"twitter:description\" content=\"El estado actual de la pol\u00edtica guatemalteca genera temor en sus ciudadanos y analistas de pol\u00edtica exterior sobre el declive de la democracia en el pa\u00eds.\" \/>\n\t\t<meta name=\"twitter:image\" content=\"https:\/\/antoniobosch.com\/wp-content\/uploads\/2022\/08\/estado-actual-de-la-politica-guatemala.jpg\" \/>\n\t\t<meta name=\"twitter:label1\" content=\"Written by\" \/>\n\t\t<meta name=\"twitter:data1\" content=\"Felipe Gutierrez\" \/>\n\t\t<meta name=\"twitter:label2\" content=\"Est. reading time\" \/>\n\t\t<meta name=\"twitter:data2\" content=\"4 minutes\" \/>\n\t\t<script type=\"application\/ld+json\" class=\"aioseo-schema\">\n\t\t\t{\"@context\":\"https:\\\/\\\/schema.org\",\"@graph\":[{\"@type\":\"BlogPosting\",\"@id\":\"https:\\\/\\\/antoniobosch.com\\\/en\\\/el-estado-actual-de-la-politica-en-guatemala\\\/#blogposting\",\"name\":\"El estado actual de la pol\\u00edtica en Guatemala - Felipe Bosch: Liderazgo, innovaci\\u00f3n y transformaci\\u00f3n de Guatemala\",\"headline\":\"El estado actual de la pol\\u00edtica en Guatemala\",\"author\":{\"@id\":\"https:\\\/\\\/antoniobosch.com\\\/en\\\/author\\\/editor\\\/#author\"},\"publisher\":{\"@id\":\"https:\\\/\\\/antoniobosch.com\\\/en\\\/#organization\"},\"image\":{\"@type\":\"ImageObject\",\"url\":\"https:\\\/\\\/antoniobosch.com\\\/wp-content\\\/uploads\\\/2022\\\/08\\\/estado-actual-de-la-politica-guatemala.jpg\",\"width\":1200,\"height\":675,\"caption\":\"Periodistas resuelven las dudas de los Guatemaltecos\"},\"datePublished\":\"2022-08-08T21:10:37-05:00\",\"dateModified\":\"2022-10-27T15:21:28-05:00\",\"inLanguage\":\"en-US\",\"mainEntityOfPage\":{\"@id\":\"https:\\\/\\\/antoniobosch.com\\\/en\\\/el-estado-actual-de-la-politica-en-guatemala\\\/#webpage\"},\"isPartOf\":{\"@id\":\"https:\\\/\\\/antoniobosch.com\\\/en\\\/el-estado-actual-de-la-politica-en-guatemala\\\/#webpage\"},\"articleSection\":\"Guatemala\"},{\"@type\":\"BreadcrumbList\",\"@id\":\"https:\\\/\\\/antoniobosch.com\\\/en\\\/el-estado-actual-de-la-politica-en-guatemala\\\/#breadcrumblist\",\"itemListElement\":[{\"@type\":\"ListItem\",\"@id\":\"https:\\\/\\\/antoniobosch.com\\\/en#listItem\",\"position\":1,\"name\":\"Inicio\",\"item\":\"https:\\\/\\\/antoniobosch.com\\\/en\",\"nextItem\":{\"@type\":\"ListItem\",\"@id\":\"https:\\\/\\\/antoniobosch.com\\\/en\\\/category\\\/guatemala\\\/#listItem\",\"name\":\"Guatemala\"}},{\"@type\":\"ListItem\",\"@id\":\"https:\\\/\\\/antoniobosch.com\\\/en\\\/category\\\/guatemala\\\/#listItem\",\"position\":2,\"name\":\"Guatemala\",\"item\":\"https:\\\/\\\/antoniobosch.com\\\/en\\\/category\\\/guatemala\\\/\",\"nextItem\":{\"@type\":\"ListItem\",\"@id\":\"https:\\\/\\\/antoniobosch.com\\\/en\\\/el-estado-actual-de-la-politica-en-guatemala\\\/#listItem\",\"name\":\"El estado actual de la pol\\u00edtica en Guatemala\"},\"previousItem\":{\"@type\":\"ListItem\",\"@id\":\"https:\\\/\\\/antoniobosch.com\\\/en#listItem\",\"name\":\"Inicio\"}},{\"@type\":\"ListItem\",\"@id\":\"https:\\\/\\\/antoniobosch.com\\\/en\\\/el-estado-actual-de-la-politica-en-guatemala\\\/#listItem\",\"position\":3,\"name\":\"El estado actual de la pol\\u00edtica en Guatemala\",\"previousItem\":{\"@type\":\"ListItem\",\"@id\":\"https:\\\/\\\/antoniobosch.com\\\/en\\\/category\\\/guatemala\\\/#listItem\",\"name\":\"Guatemala\"}}]},{\"@type\":\"Organization\",\"@id\":\"https:\\\/\\\/antoniobosch.com\\\/en\\\/#organization\",\"name\":\"Valtech\",\"description\":\"Descubre todo sobre el mundo empresarial en Guatemala y Latinoam\\u00e9rica\",\"url\":\"https:\\\/\\\/antoniobosch.com\\\/en\\\/\"},{\"@type\":\"Person\",\"@id\":\"https:\\\/\\\/antoniobosch.com\\\/en\\\/author\\\/editor\\\/#author\",\"url\":\"https:\\\/\\\/antoniobosch.com\\\/en\\\/author\\\/editor\\\/\",\"name\":\"Felipe Gutierrez\",\"image\":{\"@type\":\"ImageObject\",\"@id\":\"https:\\\/\\\/antoniobosch.com\\\/en\\\/el-estado-actual-de-la-politica-en-guatemala\\\/#authorImage\",\"url\":\"https:\\\/\\\/secure.gravatar.com\\\/avatar\\\/ae3e0ac57f6679354fad48dfb5f8278163772f738ad8a70ac712479b407d0c3d?s=96&d=mm&r=g\",\"width\":96,\"height\":96,\"caption\":\"Felipe Gutierrez\"}},{\"@type\":\"WebPage\",\"@id\":\"https:\\\/\\\/antoniobosch.com\\\/en\\\/el-estado-actual-de-la-politica-en-guatemala\\\/#webpage\",\"url\":\"https:\\\/\\\/antoniobosch.com\\\/en\\\/el-estado-actual-de-la-politica-en-guatemala\\\/\",\"name\":\"El estado actual de la pol\\u00edtica en Guatemala - Felipe Bosch: Liderazgo, innovaci\\u00f3n y transformaci\\u00f3n de Guatemala\",\"description\":\"El estado actual de la pol\\u00edtica guatemalteca genera temor en sus ciudadanos y analistas de pol\\u00edtica exterior sobre el declive de la democracia en el pa\\u00eds.\",\"inLanguage\":\"en-US\",\"isPartOf\":{\"@id\":\"https:\\\/\\\/antoniobosch.com\\\/en\\\/#website\"},\"breadcrumb\":{\"@id\":\"https:\\\/\\\/antoniobosch.com\\\/en\\\/el-estado-actual-de-la-politica-en-guatemala\\\/#breadcrumblist\"},\"author\":{\"@id\":\"https:\\\/\\\/antoniobosch.com\\\/en\\\/author\\\/editor\\\/#author\"},\"creator\":{\"@id\":\"https:\\\/\\\/antoniobosch.com\\\/en\\\/author\\\/editor\\\/#author\"},\"image\":{\"@type\":\"ImageObject\",\"url\":\"https:\\\/\\\/antoniobosch.com\\\/wp-content\\\/uploads\\\/2022\\\/08\\\/estado-actual-de-la-politica-guatemala.jpg\",\"@id\":\"https:\\\/\\\/antoniobosch.com\\\/en\\\/el-estado-actual-de-la-politica-en-guatemala\\\/#mainImage\",\"width\":1200,\"height\":675,\"caption\":\"Periodistas resuelven las dudas de los Guatemaltecos\"},\"primaryImageOfPage\":{\"@id\":\"https:\\\/\\\/antoniobosch.com\\\/en\\\/el-estado-actual-de-la-politica-en-guatemala\\\/#mainImage\"},\"datePublished\":\"2022-08-08T21:10:37-05:00\",\"dateModified\":\"2022-10-27T15:21:28-05:00\"},{\"@type\":\"WebSite\",\"@id\":\"https:\\\/\\\/antoniobosch.com\\\/en\\\/#website\",\"url\":\"https:\\\/\\\/antoniobosch.com\\\/en\\\/\",\"name\":\"Felipe A. Bosch\",\"description\":\"Descubre todo sobre el mundo empresarial en Guatemala y Latinoam\\u00e9rica\",\"inLanguage\":\"en-US\",\"publisher\":{\"@id\":\"https:\\\/\\\/antoniobosch.com\\\/en\\\/#organization\"}}]}\n\t\t<\/script>\n\t\t<!-- All in One SEO -->\n\n","aioseo_head_json":{"title":"El estado actual de la pol\u00edtica en Guatemala - Felipe Bosch: Liderazgo, innovaci\u00f3n y transformaci\u00f3n de Guatemala","description":"El estado actual de la pol\u00edtica guatemalteca genera temor en sus ciudadanos y analistas de pol\u00edtica exterior sobre el declive de la democracia en el pa\u00eds.","canonical_url":"https:\/\/antoniobosch.com\/en\/el-estado-actual-de-la-politica-en-guatemala\/","robots":"max-image-preview:large","keywords":"","webmasterTools":{"miscellaneous":""},"schema":{"@context":"https:\/\/schema.org","@graph":[{"@type":"BlogPosting","@id":"https:\/\/antoniobosch.com\/en\/el-estado-actual-de-la-politica-en-guatemala\/#blogposting","name":"El estado actual de la pol\u00edtica en Guatemala - Felipe Bosch: Liderazgo, innovaci\u00f3n y transformaci\u00f3n de Guatemala","headline":"El estado actual de la pol\u00edtica en Guatemala","author":{"@id":"https:\/\/antoniobosch.com\/en\/author\/editor\/#author"},"publisher":{"@id":"https:\/\/antoniobosch.com\/en\/#organization"},"image":{"@type":"ImageObject","url":"https:\/\/antoniobosch.com\/wp-content\/uploads\/2022\/08\/estado-actual-de-la-politica-guatemala.jpg","width":1200,"height":675,"caption":"Periodistas resuelven las dudas de los Guatemaltecos"},"datePublished":"2022-08-08T21:10:37-05:00","dateModified":"2022-10-27T15:21:28-05:00","inLanguage":"en-US","mainEntityOfPage":{"@id":"https:\/\/antoniobosch.com\/en\/el-estado-actual-de-la-politica-en-guatemala\/#webpage"},"isPartOf":{"@id":"https:\/\/antoniobosch.com\/en\/el-estado-actual-de-la-politica-en-guatemala\/#webpage"},"articleSection":"Guatemala"},{"@type":"BreadcrumbList","@id":"https:\/\/antoniobosch.com\/en\/el-estado-actual-de-la-politica-en-guatemala\/#breadcrumblist","itemListElement":[{"@type":"ListItem","@id":"https:\/\/antoniobosch.com\/en#listItem","position":1,"name":"Inicio","item":"https:\/\/antoniobosch.com\/en","nextItem":{"@type":"ListItem","@id":"https:\/\/antoniobosch.com\/en\/category\/guatemala\/#listItem","name":"Guatemala"}},{"@type":"ListItem","@id":"https:\/\/antoniobosch.com\/en\/category\/guatemala\/#listItem","position":2,"name":"Guatemala","item":"https:\/\/antoniobosch.com\/en\/category\/guatemala\/","nextItem":{"@type":"ListItem","@id":"https:\/\/antoniobosch.com\/en\/el-estado-actual-de-la-politica-en-guatemala\/#listItem","name":"El estado actual de la pol\u00edtica en Guatemala"},"previousItem":{"@type":"ListItem","@id":"https:\/\/antoniobosch.com\/en#listItem","name":"Inicio"}},{"@type":"ListItem","@id":"https:\/\/antoniobosch.com\/en\/el-estado-actual-de-la-politica-en-guatemala\/#listItem","position":3,"name":"El estado actual de la pol\u00edtica en Guatemala","previousItem":{"@type":"ListItem","@id":"https:\/\/antoniobosch.com\/en\/category\/guatemala\/#listItem","name":"Guatemala"}}]},{"@type":"Organization","@id":"https:\/\/antoniobosch.com\/en\/#organization","name":"Valtech","description":"Descubre todo sobre el mundo empresarial en Guatemala y Latinoam\u00e9rica","url":"https:\/\/antoniobosch.com\/en\/"},{"@type":"Person","@id":"https:\/\/antoniobosch.com\/en\/author\/editor\/#author","url":"https:\/\/antoniobosch.com\/en\/author\/editor\/","name":"Felipe Gutierrez","image":{"@type":"ImageObject","@id":"https:\/\/antoniobosch.com\/en\/el-estado-actual-de-la-politica-en-guatemala\/#authorImage","url":"https:\/\/secure.gravatar.com\/avatar\/ae3e0ac57f6679354fad48dfb5f8278163772f738ad8a70ac712479b407d0c3d?s=96&d=mm&r=g","width":96,"height":96,"caption":"Felipe Gutierrez"}},{"@type":"WebPage","@id":"https:\/\/antoniobosch.com\/en\/el-estado-actual-de-la-politica-en-guatemala\/#webpage","url":"https:\/\/antoniobosch.com\/en\/el-estado-actual-de-la-politica-en-guatemala\/","name":"El estado actual de la pol\u00edtica en Guatemala - Felipe Bosch: Liderazgo, innovaci\u00f3n y transformaci\u00f3n de Guatemala","description":"El estado actual de la pol\u00edtica guatemalteca genera temor en sus ciudadanos y analistas de pol\u00edtica exterior sobre el declive de la democracia en el pa\u00eds.","inLanguage":"en-US","isPartOf":{"@id":"https:\/\/antoniobosch.com\/en\/#website"},"breadcrumb":{"@id":"https:\/\/antoniobosch.com\/en\/el-estado-actual-de-la-politica-en-guatemala\/#breadcrumblist"},"author":{"@id":"https:\/\/antoniobosch.com\/en\/author\/editor\/#author"},"creator":{"@id":"https:\/\/antoniobosch.com\/en\/author\/editor\/#author"},"image":{"@type":"ImageObject","url":"https:\/\/antoniobosch.com\/wp-content\/uploads\/2022\/08\/estado-actual-de-la-politica-guatemala.jpg","@id":"https:\/\/antoniobosch.com\/en\/el-estado-actual-de-la-politica-en-guatemala\/#mainImage","width":1200,"height":675,"caption":"Periodistas resuelven las dudas de los Guatemaltecos"},"primaryImageOfPage":{"@id":"https:\/\/antoniobosch.com\/en\/el-estado-actual-de-la-politica-en-guatemala\/#mainImage"},"datePublished":"2022-08-08T21:10:37-05:00","dateModified":"2022-10-27T15:21:28-05:00"},{"@type":"WebSite","@id":"https:\/\/antoniobosch.com\/en\/#website","url":"https:\/\/antoniobosch.com\/en\/","name":"Felipe A. Bosch","description":"Descubre todo sobre el mundo empresarial en Guatemala y Latinoam\u00e9rica","inLanguage":"en-US","publisher":{"@id":"https:\/\/antoniobosch.com\/en\/#organization"}}]},"og:locale":"en_US","og:site_name":"Felipe Bosch: Liderazgo, innovaci\u00f3n y transformaci\u00f3n de Guatemala","og:type":"article","og:title":"El estado actual de la pol\u00edtica en Guatemala - Felipe Bosch: Liderazgo, innovaci\u00f3n y transformaci\u00f3n de Guatemala","og:description":"El estado actual de la pol\u00edtica guatemalteca genera temor en sus ciudadanos y analistas de pol\u00edtica exterior sobre el declive de la democracia en el pa\u00eds.","og:url":"https:\/\/antoniobosch.com\/en\/el-estado-actual-de-la-politica-en-guatemala\/","og:image":"https:\/\/antoniobosch.com\/wp-content\/uploads\/2022\/08\/estado-actual-de-la-politica-guatemala.jpg","og:image:secure_url":"https:\/\/antoniobosch.com\/wp-content\/uploads\/2022\/08\/estado-actual-de-la-politica-guatemala.jpg","og:image:width":"1200","og:image:height":"675","article:section":"Guatemala","article:published_time":"2022-08-09T03:10:37+00:00","article:modified_time":"2022-10-27T20:21:28+00:00","twitter:card":"summary_large_image","twitter:title":"El estado actual de la pol\u00edtica en Guatemala - Felipe Bosch: Liderazgo, innovaci\u00f3n y transformaci\u00f3n de Guatemala","twitter:description":"El estado actual de la pol\u00edtica guatemalteca genera temor en sus ciudadanos y analistas de pol\u00edtica exterior sobre el declive de la democracia en el pa\u00eds.","twitter:image":"https:\/\/antoniobosch.com\/wp-content\/uploads\/2022\/08\/estado-actual-de-la-politica-guatemala.jpg","twitter:label1":"Written by","twitter:data1":"Felipe Gutierrez","twitter:label2":"Est. reading time","twitter:data2":"4 minutes"},"aioseo_meta_data":{"post_id":"609","title":null,"description":"El estado actual de la pol\u00edtica guatemalteca genera temor en sus ciudadanos y analistas de pol\u00edtica exterior sobre el declive de la democracia en el pa\u00eds.","keywords":[],"keyphrases":{"focus":{"keyphrase":"pol\u00edtica","analysis":{"keyphraseInTitle":{"title":"Focus keyphrase in SEO title","description":"Focus keyphrase found in SEO title.","score":9,"maxScore":9,"error":0},"keyphraseInDescription":{"title":"Focus keyphrase in meta description","description":"Focus keyphrase found in meta description.","score":9,"maxScore":9,"error":0},"keyphraseLength":{"title":"Focus keyphrase length","description":"Good job!","score":9,"maxScore":9,"error":0,"length":1},"keyphraseInURL":{"title":"Focus keyphrase in URL","description":"Focus keyphrase used in the URL.","score":5,"maxScore":5,"error":0},"keyphraseInIntroduction":{"title":"Focus keyphrase in introduction","description":"Your Focus keyphrase appears in the first paragraph. Well done!","score":9,"maxScore":9,"error":0},"keyphraseInSubHeadings":{"title":"Focus keyphrase in Subheadings","description":"Use your focus keyphrase more in your H2 and H3 subheadings.","score":3,"maxScore":9,"error":1},"keyphraseInImageAlt":[]},"score":88},"additional":[]},"primary_term":null,"canonical_url":null,"og_title":null,"og_description":null,"og_object_type":"default","og_image_type":"featured","og_image_url":"https:\/\/antoniobosch.com\/wp-content\/uploads\/2022\/08\/estado-actual-de-la-politica-guatemala.jpg","og_image_width":"1200","og_image_height":"675","og_image_custom_url":null,"og_image_custom_fields":null,"og_video":"","og_custom_url":null,"og_article_section":"Guatemala","og_article_tags":[],"twitter_use_og":true,"twitter_card":"default","twitter_image_type":"default","twitter_image_url":null,"twitter_image_custom_url":null,"twitter_image_custom_fields":null,"twitter_title":null,"twitter_description":null,"schema":{"blockGraphs":[],"customGraphs":[],"default":{"data":{"Article":[],"Course":[],"Dataset":[],"FAQPage":[],"Movie":[],"Person":[],"Product":[],"ProductReview":[],"Car":[],"Recipe":[],"Service":[],"SoftwareApplication":[],"WebPage":[]},"graphName":"BlogPosting","isEnabled":true},"graphs":[]},"schema_type":"default","schema_type_options":null,"pillar_content":false,"robots_default":true,"robots_noindex":false,"robots_noarchive":false,"robots_nosnippet":false,"robots_nofollow":false,"robots_noimageindex":false,"robots_noodp":false,"robots_notranslate":false,"robots_max_snippet":"-1","robots_max_videopreview":"-1","robots_max_imagepreview":"large","priority":null,"frequency":"default","local_seo":null,"breadcrumb_settings":null,"limit_modified_date":false,"ai":null,"created":"2022-10-18 14:30:59","updated":"2025-06-03 22:48:36","seo_analyzer_scan_date":null,"focus_keyword":"pol\u00edtica","additional_keywords":null,"truseo_locale":null},"aioseo_breadcrumb":"<div class=\"aioseo-breadcrumbs\"><span class=\"aioseo-breadcrumb\">\n\t\t\t<a href=\"https:\/\/antoniobosch.com\/en\" title=\"Inicio\">Inicio<\/a>\n\t\t<\/span><span class=\"aioseo-breadcrumb-separator\">&raquo;<\/span><span class=\"aioseo-breadcrumb\">\n\t\t\t<a href=\"https:\/\/antoniobosch.com\/en\/category\/guatemala\/\" title=\"Guatemala\">Guatemala<\/a>\n\t\t<\/span><span class=\"aioseo-breadcrumb-separator\">&raquo;<\/span><span class=\"aioseo-breadcrumb\">\n\t\t\tEl estado actual de la pol\u00edtica en Guatemala\n\t\t<\/span><\/div>","aioseo_breadcrumb_json":[{"label":"Inicio","link":"https:\/\/antoniobosch.com\/en"},{"label":"Guatemala","link":"https:\/\/antoniobosch.com\/en\/category\/guatemala\/"},{"label":"El estado actual de la pol\u00edtica en Guatemala","link":"https:\/\/antoniobosch.com\/en\/el-estado-actual-de-la-politica-en-guatemala\/"}],"_links":{"self":[{"href":"https:\/\/antoniobosch.com\/en\/wp-json\/wp\/v2\/posts\/609","targetHints":{"allow":["GET"]}}],"collection":[{"href":"https:\/\/antoniobosch.com\/en\/wp-json\/wp\/v2\/posts"}],"about":[{"href":"https:\/\/antoniobosch.com\/en\/wp-json\/wp\/v2\/types\/post"}],"author":[{"embeddable":true,"href":"https:\/\/antoniobosch.com\/en\/wp-json\/wp\/v2\/users\/1"}],"replies":[{"embeddable":true,"href":"https:\/\/antoniobosch.com\/en\/wp-json\/wp\/v2\/comments?post=609"}],"version-history":[{"count":2,"href":"https:\/\/antoniobosch.com\/en\/wp-json\/wp\/v2\/posts\/609\/revisions"}],"predecessor-version":[{"id":695,"href":"https:\/\/antoniobosch.com\/en\/wp-json\/wp\/v2\/posts\/609\/revisions\/695"}],"wp:featuredmedia":[{"embeddable":true,"href":"https:\/\/antoniobosch.com\/en\/wp-json\/wp\/v2\/media\/613"}],"wp:attachment":[{"href":"https:\/\/antoniobosch.com\/en\/wp-json\/wp\/v2\/media?parent=609"}],"wp:term":[{"taxonomy":"category","embeddable":true,"href":"https:\/\/antoniobosch.com\/en\/wp-json\/wp\/v2\/categories?post=609"},{"taxonomy":"post_tag","embeddable":true,"href":"https:\/\/antoniobosch.com\/en\/wp-json\/wp\/v2\/tags?post=609"}],"curies":[{"name":"wp","href":"https:\/\/api.w.org\/{rel}","templated":true}]}}