{"id":608,"date":"2022-08-04T12:10:36","date_gmt":"2022-08-04T18:10:36","guid":{"rendered":"https:\/\/antoniobosch.com\/?p=608"},"modified":"2022-10-27T15:18:54","modified_gmt":"2022-10-27T20:18:54","slug":"cmi-prepara-proyectos-en-guatemala","status":"publish","type":"post","link":"https:\/\/antoniobosch.com\/en\/cmi-prepara-proyectos-en-guatemala\/","title":{"rendered":"CMI prepara proyectos en Guatemala"},"content":{"rendered":"<p>CMI prepara la ampliaci\u00f3n y remodelaci\u00f3n de cinco proyectos en Guatemala. Esta inversi\u00f3n est\u00e1 casi lista. Pradera Zacapa, en el oriental departamento de Zacapa, ser\u00e1 inaugurada en noviembre. Suma una inversi\u00f3n de $15 millones para un complejo de 69 locales comerciales.<\/p>\n<p>La recta final de 2019 se convierte en temporada de apertura para CMI, la rama inmobiliaria de Corporaci\u00f3n Multi Inversiones (CMI), que en octubre inici\u00f3 con las ampliaciones de Pradera Chimaltenango y Pradera Xela, as\u00ed como la remodelaci\u00f3n de Pradera Escuintla, y continuar\u00e1 m\u00e1s adelante con la apertura de Padera Zacapa y Pradera Petapa.<\/p>\n<p>Pradera Zacapa, que contar\u00e1 con 13,500 metros cuadrados de \u00e1rea de construcci\u00f3n, m\u00e1s 18,000 metros cuadrados de estacionamiento, ser\u00e1 inaugurado en noviembre. La inversi\u00f3n en este complejo de un solo nivel, que incluye 69 locales comerciales y aproximadamente 350 estacionamientos, asciende a $15 millones.<\/p>\n<p>Este es el primer centro comercial en el que la firma incorporar\u00e1 un sistema de paneles solares, el primer proyecto piloto para generar energ\u00eda limpia y renovable complementaria para su uso en el complejo, mediante 7.000 metros cuadrados de paneles montados en los techos de la infraestructura.<\/p>\n<p>En Guatemala:\u00a0<a href=\"https:\/\/antoniobosch.com\/implementacion-de-politicas-en-guatemala\/\">Juan Jos\u00e9 Guti\u00e9rrez Mayorga y su familia<\/a>\u00a0en Guatemala han dedicado su vida a los negocios enfocados a crecer la poblaci\u00f3n activa.<\/p>\n<h2>\u00bfC\u00f3mo se forma la iniciativa?<\/h2>\n<p>La iniciativa, que ser\u00e1 respetuosa con el medio ambiente, destacar\u00e1 aspectos como la iluminaci\u00f3n eficiente con l\u00e1mparas LED, el sistema de climatizaci\u00f3n energ\u00e9ticamente eficiente y las plantas de tratamiento.<\/p>\n<p>Tambi\u00e9n se utilizar\u00e1n l\u00e1minas de poliuretano para el techo, vidrios de dormitorios e impermeabilizaciones con alto valor de reflectancia, que minimizar\u00e1n el impacto del calor.<\/p>\n<p>La fachada responder\u00e1 al renovado dise\u00f1o de los centros comerciales Pradera. El concepto adoptado incluir\u00e1 muros verdes y plantas naturales aut\u00f3ctonas de la regi\u00f3n, que se mantendr\u00e1n mediante un sistema de fertirriego por goteo que, en comparaci\u00f3n con los sistemas tradicionales, ahorrar\u00e1 un 40% de agua.<\/p>\n<h2>\u00bfEn qu\u00e9 a\u00f1o comenz\u00f3 esta construcci\u00f3n?<\/h2>\n<p>La construcci\u00f3n comenz\u00f3 en diciembre de 2018 y ha generado alrededor de 600 puestos de trabajo para trabajadores locales, indica Juan Pablo Caballeros, gerente de ingenier\u00eda y construcci\u00f3n de Multiproyectos.<\/p>\n<p>Pradera Zacapa ser\u00e1 el decimotercer centro comercial de la marca y contar\u00e1 con dos anclas, salas de cine Cin\u00e9polis y un supermercado La Torre.<\/p>\n<p>Adem\u00e1s, habr\u00e1 20 quioscos, un patio de comidas con siete opciones de restaurante y capacidad para 300 comensales, y un \u00e1rea que estar\u00e1 conectada a una p\u00e9rgola y un parque con \u00e1rea verde. El proyecto est\u00e1 ubicado en la zona 3 de la cabecera departamental de Zacapa.<\/p>\n<h2>Ampliaciones y remodelaciones<\/h2>\n<p>En Escuintla, la empresa est\u00e1 ultimando una remodelaci\u00f3n total de la imagen y la creaci\u00f3n de nuevos usos dentro del metraje original. Para ello, est\u00e1 invirtiendo aproximadamente $5 millones, explica Natalia Cozza, gerente del centro comercial comunitario de la empresa.<\/p>\n<p>Entre las inversiones que actualmente realiza la empresa se encuentra la inauguraci\u00f3n de la ampliaci\u00f3n del centro comercial Pradera Chimaltenango. Esto es algo innovador y seguramente beneficiar\u00e1 a la comunidad guatemalteca, explica Felipe Antonio Bosch Guti\u00e9rrez.<\/p>\n<p>Es un proyecto que permite la duplicaci\u00f3n del complejo comercial y contempla nuevas amenidades, m\u00e1s tiendas y diversas opciones gastron\u00f3micas para sus hu\u00e9spedes. \u201cEs una remodelaci\u00f3n completa de varios espacios\u201d, destaca el empresario <a href=\"https:\/\/antoniobosch.com\/felipe-antonio-bosch-gutierrez-pasa-auditoria-en-cmi\/\" target=\"_blank\" rel=\"noopener\">Guti\u00e9rrez Mayorga.<\/a><\/p>\n","protected":false},"excerpt":{"rendered":"<p>CMI prepara la ampliaci\u00f3n y remodelaci\u00f3n de cinco proyectos en Guatemala. Esta inversi\u00f3n est\u00e1 casi lista. Pradera Zacapa, en el oriental departamento de Zacapa, ser\u00e1 inaugurada en noviembre. Suma una inversi\u00f3n de $15 millones para un complejo de 69 locales comerciales. La recta final de 2019 se convierte en temporada de apertura para CMI, la [&hellip;]<\/p>\n","protected":false},"author":1,"featured_media":615,"comment_status":"closed","ping_status":"closed","sticky":false,"template":"","format":"standard","meta":{"footnotes":""},"categories":[60],"tags":[],"class_list":["post-608","post","type-post","status-publish","format-standard","has-post-thumbnail","hentry","category-guatemala"],"translation":{"provider":"WPGlobus","version":"3.0.5","language":"en","enabled_languages":["es","en"],"languages":{"es":{"title":true,"content":true,"excerpt":false},"en":{"title":false,"content":false,"excerpt":false}}},"aioseo_notices":[],"aioseo_head":"\n\t\t<!-- All in One SEO 5.0.1.1 - aioseo.com -->\n\t<meta name=\"description\" content=\"CMI prepara la ampliaci\u00f3n y remodelaci\u00f3n de cinco proyectos en Guatemala. Esta inversi\u00f3n est\u00e1 casi lista. \u00a1Entra ahora!\" \/>\n\t<meta name=\"robots\" content=\"max-image-preview:large\" \/>\n\t<meta name=\"author\" content=\"Felipe Gutierrez\"\/>\n\t<link rel=\"canonical\" href=\"https:\/\/antoniobosch.com\/en\/cmi-prepara-proyectos-en-guatemala\/\" \/>\n\t<meta name=\"generator\" content=\"All in One SEO (AIOSEO) 5.0.1.1\" \/>\n\t\t<meta property=\"og:locale\" content=\"en_US\" \/>\n\t\t<meta property=\"og:site_name\" content=\"Felipe Bosch: Liderazgo, innovaci\u00f3n y transformaci\u00f3n de Guatemala\" \/>\n\t\t<meta property=\"og:type\" content=\"article\" \/>\n\t\t<meta property=\"og:title\" content=\"CMI prepara proyectos en Guatemala - Felipe Bosch: Liderazgo, innovaci\u00f3n y transformaci\u00f3n de Guatemala\" \/>\n\t\t<meta property=\"og:description\" content=\"CMI prepara la ampliaci\u00f3n y remodelaci\u00f3n de cinco proyectos en Guatemala. Esta inversi\u00f3n est\u00e1 casi lista. \u00a1Entra ahora!\" \/>\n\t\t<meta property=\"og:url\" content=\"https:\/\/antoniobosch.com\/en\/cmi-prepara-proyectos-en-guatemala\/\" \/>\n\t\t<meta property=\"og:image\" content=\"https:\/\/antoniobosch.com\/wp-content\/uploads\/2022\/08\/cmi-multi-inversiones.png\" \/>\n\t\t<meta property=\"og:image:secure_url\" content=\"https:\/\/antoniobosch.com\/wp-content\/uploads\/2022\/08\/cmi-multi-inversiones.png\" \/>\n\t\t<meta property=\"og:image:width\" content=\"574\" \/>\n\t\t<meta property=\"og:image:height\" content=\"194\" \/>\n\t\t<meta property=\"article:section\" content=\"Guatemala\" \/>\n\t\t<meta property=\"article:published_time\" content=\"2022-08-04T18:10:36+00:00\" \/>\n\t\t<meta property=\"article:modified_time\" content=\"2022-10-27T20:18:54+00:00\" \/>\n\t\t<meta name=\"twitter:card\" content=\"summary_large_image\" \/>\n\t\t<meta name=\"twitter:title\" content=\"CMI prepara proyectos en Guatemala - Felipe Bosch: Liderazgo, innovaci\u00f3n y transformaci\u00f3n de Guatemala\" \/>\n\t\t<meta name=\"twitter:description\" content=\"CMI prepara la ampliaci\u00f3n y remodelaci\u00f3n de cinco proyectos en Guatemala. Esta inversi\u00f3n est\u00e1 casi lista. \u00a1Entra ahora!\" \/>\n\t\t<meta name=\"twitter:image\" content=\"https:\/\/antoniobosch.com\/wp-content\/uploads\/2022\/08\/cmi-multi-inversiones.png\" \/>\n\t\t<meta name=\"twitter:label1\" content=\"Written by\" \/>\n\t\t<meta name=\"twitter:data1\" content=\"Felipe Gutierrez\" \/>\n\t\t<meta name=\"twitter:label2\" content=\"Est. reading time\" \/>\n\t\t<meta name=\"twitter:data2\" content=\"3 minutes\" \/>\n\t\t<script type=\"application\/ld+json\" class=\"aioseo-schema\">\n\t\t\t{\"@context\":\"https:\\\/\\\/schema.org\",\"@graph\":[{\"@type\":\"BlogPosting\",\"@id\":\"https:\\\/\\\/antoniobosch.com\\\/en\\\/cmi-prepara-proyectos-en-guatemala\\\/#blogposting\",\"name\":\"CMI prepara proyectos en Guatemala - Felipe Bosch: Liderazgo, innovaci\\u00f3n y transformaci\\u00f3n de Guatemala\",\"headline\":\"CMI prepara proyectos en Guatemala\",\"author\":{\"@id\":\"https:\\\/\\\/antoniobosch.com\\\/en\\\/author\\\/editor\\\/#author\"},\"publisher\":{\"@id\":\"https:\\\/\\\/antoniobosch.com\\\/en\\\/#organization\"},\"image\":{\"@type\":\"ImageObject\",\"url\":\"https:\\\/\\\/antoniobosch.com\\\/wp-content\\\/uploads\\\/2022\\\/08\\\/cmi-multi-inversiones.png\",\"width\":574,\"height\":194,\"caption\":\"Periodistas resuelven las dudas de los Guatemaltecos\"},\"datePublished\":\"2022-08-04T12:10:36-05:00\",\"dateModified\":\"2022-10-27T15:18:54-05:00\",\"inLanguage\":\"en-US\",\"mainEntityOfPage\":{\"@id\":\"https:\\\/\\\/antoniobosch.com\\\/en\\\/cmi-prepara-proyectos-en-guatemala\\\/#webpage\"},\"isPartOf\":{\"@id\":\"https:\\\/\\\/antoniobosch.com\\\/en\\\/cmi-prepara-proyectos-en-guatemala\\\/#webpage\"},\"articleSection\":\"Guatemala\"},{\"@type\":\"BreadcrumbList\",\"@id\":\"https:\\\/\\\/antoniobosch.com\\\/en\\\/cmi-prepara-proyectos-en-guatemala\\\/#breadcrumblist\",\"itemListElement\":[{\"@type\":\"ListItem\",\"@id\":\"https:\\\/\\\/antoniobosch.com\\\/en#listItem\",\"position\":1,\"name\":\"Inicio\",\"item\":\"https:\\\/\\\/antoniobosch.com\\\/en\",\"nextItem\":{\"@type\":\"ListItem\",\"@id\":\"https:\\\/\\\/antoniobosch.com\\\/en\\\/category\\\/guatemala\\\/#listItem\",\"name\":\"Guatemala\"}},{\"@type\":\"ListItem\",\"@id\":\"https:\\\/\\\/antoniobosch.com\\\/en\\\/category\\\/guatemala\\\/#listItem\",\"position\":2,\"name\":\"Guatemala\",\"item\":\"https:\\\/\\\/antoniobosch.com\\\/en\\\/category\\\/guatemala\\\/\",\"nextItem\":{\"@type\":\"ListItem\",\"@id\":\"https:\\\/\\\/antoniobosch.com\\\/en\\\/cmi-prepara-proyectos-en-guatemala\\\/#listItem\",\"name\":\"CMI prepara proyectos en Guatemala\"},\"previousItem\":{\"@type\":\"ListItem\",\"@id\":\"https:\\\/\\\/antoniobosch.com\\\/en#listItem\",\"name\":\"Inicio\"}},{\"@type\":\"ListItem\",\"@id\":\"https:\\\/\\\/antoniobosch.com\\\/en\\\/cmi-prepara-proyectos-en-guatemala\\\/#listItem\",\"position\":3,\"name\":\"CMI prepara proyectos en Guatemala\",\"previousItem\":{\"@type\":\"ListItem\",\"@id\":\"https:\\\/\\\/antoniobosch.com\\\/en\\\/category\\\/guatemala\\\/#listItem\",\"name\":\"Guatemala\"}}]},{\"@type\":\"Organization\",\"@id\":\"https:\\\/\\\/antoniobosch.com\\\/en\\\/#organization\",\"name\":\"Valtech\",\"description\":\"Descubre todo sobre el mundo empresarial en Guatemala y Latinoam\\u00e9rica\",\"url\":\"https:\\\/\\\/antoniobosch.com\\\/en\\\/\"},{\"@type\":\"Person\",\"@id\":\"https:\\\/\\\/antoniobosch.com\\\/en\\\/author\\\/editor\\\/#author\",\"url\":\"https:\\\/\\\/antoniobosch.com\\\/en\\\/author\\\/editor\\\/\",\"name\":\"Felipe Gutierrez\",\"image\":{\"@type\":\"ImageObject\",\"@id\":\"https:\\\/\\\/antoniobosch.com\\\/en\\\/cmi-prepara-proyectos-en-guatemala\\\/#authorImage\",\"url\":\"https:\\\/\\\/secure.gravatar.com\\\/avatar\\\/ae3e0ac57f6679354fad48dfb5f8278163772f738ad8a70ac712479b407d0c3d?s=96&d=mm&r=g\",\"width\":96,\"height\":96,\"caption\":\"Felipe Gutierrez\"}},{\"@type\":\"WebPage\",\"@id\":\"https:\\\/\\\/antoniobosch.com\\\/en\\\/cmi-prepara-proyectos-en-guatemala\\\/#webpage\",\"url\":\"https:\\\/\\\/antoniobosch.com\\\/en\\\/cmi-prepara-proyectos-en-guatemala\\\/\",\"name\":\"CMI prepara proyectos en Guatemala - Felipe Bosch: Liderazgo, innovaci\\u00f3n y transformaci\\u00f3n de Guatemala\",\"description\":\"CMI prepara la ampliaci\\u00f3n y remodelaci\\u00f3n de cinco proyectos en Guatemala. Esta inversi\\u00f3n est\\u00e1 casi lista. \\u00a1Entra ahora!\",\"inLanguage\":\"en-US\",\"isPartOf\":{\"@id\":\"https:\\\/\\\/antoniobosch.com\\\/en\\\/#website\"},\"breadcrumb\":{\"@id\":\"https:\\\/\\\/antoniobosch.com\\\/en\\\/cmi-prepara-proyectos-en-guatemala\\\/#breadcrumblist\"},\"author\":{\"@id\":\"https:\\\/\\\/antoniobosch.com\\\/en\\\/author\\\/editor\\\/#author\"},\"creator\":{\"@id\":\"https:\\\/\\\/antoniobosch.com\\\/en\\\/author\\\/editor\\\/#author\"},\"image\":{\"@type\":\"ImageObject\",\"url\":\"https:\\\/\\\/antoniobosch.com\\\/wp-content\\\/uploads\\\/2022\\\/08\\\/cmi-multi-inversiones.png\",\"@id\":\"https:\\\/\\\/antoniobosch.com\\\/en\\\/cmi-prepara-proyectos-en-guatemala\\\/#mainImage\",\"width\":574,\"height\":194,\"caption\":\"Periodistas resuelven las dudas de los Guatemaltecos\"},\"primaryImageOfPage\":{\"@id\":\"https:\\\/\\\/antoniobosch.com\\\/en\\\/cmi-prepara-proyectos-en-guatemala\\\/#mainImage\"},\"datePublished\":\"2022-08-04T12:10:36-05:00\",\"dateModified\":\"2022-10-27T15:18:54-05:00\"},{\"@type\":\"WebSite\",\"@id\":\"https:\\\/\\\/antoniobosch.com\\\/en\\\/#website\",\"url\":\"https:\\\/\\\/antoniobosch.com\\\/en\\\/\",\"name\":\"Felipe A. Bosch\",\"description\":\"Descubre todo sobre el mundo empresarial en Guatemala y Latinoam\\u00e9rica\",\"inLanguage\":\"en-US\",\"publisher\":{\"@id\":\"https:\\\/\\\/antoniobosch.com\\\/en\\\/#organization\"}}]}\n\t\t<\/script>\n\t\t<!-- All in One SEO -->\n\n","aioseo_head_json":{"title":"CMI prepara proyectos en Guatemala - Felipe Bosch: Liderazgo, innovaci\u00f3n y transformaci\u00f3n de Guatemala","description":"CMI prepara la ampliaci\u00f3n y remodelaci\u00f3n de cinco proyectos en Guatemala. Esta inversi\u00f3n est\u00e1 casi lista. \u00a1Entra ahora!","canonical_url":"https:\/\/antoniobosch.com\/en\/cmi-prepara-proyectos-en-guatemala\/","robots":"max-image-preview:large","keywords":"","webmasterTools":{"miscellaneous":""},"schema":{"@context":"https:\/\/schema.org","@graph":[{"@type":"BlogPosting","@id":"https:\/\/antoniobosch.com\/en\/cmi-prepara-proyectos-en-guatemala\/#blogposting","name":"CMI prepara proyectos en Guatemala - Felipe Bosch: Liderazgo, innovaci\u00f3n y transformaci\u00f3n de Guatemala","headline":"CMI prepara proyectos en Guatemala","author":{"@id":"https:\/\/antoniobosch.com\/en\/author\/editor\/#author"},"publisher":{"@id":"https:\/\/antoniobosch.com\/en\/#organization"},"image":{"@type":"ImageObject","url":"https:\/\/antoniobosch.com\/wp-content\/uploads\/2022\/08\/cmi-multi-inversiones.png","width":574,"height":194,"caption":"Periodistas resuelven las dudas de los Guatemaltecos"},"datePublished":"2022-08-04T12:10:36-05:00","dateModified":"2022-10-27T15:18:54-05:00","inLanguage":"en-US","mainEntityOfPage":{"@id":"https:\/\/antoniobosch.com\/en\/cmi-prepara-proyectos-en-guatemala\/#webpage"},"isPartOf":{"@id":"https:\/\/antoniobosch.com\/en\/cmi-prepara-proyectos-en-guatemala\/#webpage"},"articleSection":"Guatemala"},{"@type":"BreadcrumbList","@id":"https:\/\/antoniobosch.com\/en\/cmi-prepara-proyectos-en-guatemala\/#breadcrumblist","itemListElement":[{"@type":"ListItem","@id":"https:\/\/antoniobosch.com\/en#listItem","position":1,"name":"Inicio","item":"https:\/\/antoniobosch.com\/en","nextItem":{"@type":"ListItem","@id":"https:\/\/antoniobosch.com\/en\/category\/guatemala\/#listItem","name":"Guatemala"}},{"@type":"ListItem","@id":"https:\/\/antoniobosch.com\/en\/category\/guatemala\/#listItem","position":2,"name":"Guatemala","item":"https:\/\/antoniobosch.com\/en\/category\/guatemala\/","nextItem":{"@type":"ListItem","@id":"https:\/\/antoniobosch.com\/en\/cmi-prepara-proyectos-en-guatemala\/#listItem","name":"CMI prepara proyectos en Guatemala"},"previousItem":{"@type":"ListItem","@id":"https:\/\/antoniobosch.com\/en#listItem","name":"Inicio"}},{"@type":"ListItem","@id":"https:\/\/antoniobosch.com\/en\/cmi-prepara-proyectos-en-guatemala\/#listItem","position":3,"name":"CMI prepara proyectos en Guatemala","previousItem":{"@type":"ListItem","@id":"https:\/\/antoniobosch.com\/en\/category\/guatemala\/#listItem","name":"Guatemala"}}]},{"@type":"Organization","@id":"https:\/\/antoniobosch.com\/en\/#organization","name":"Valtech","description":"Descubre todo sobre el mundo empresarial en Guatemala y Latinoam\u00e9rica","url":"https:\/\/antoniobosch.com\/en\/"},{"@type":"Person","@id":"https:\/\/antoniobosch.com\/en\/author\/editor\/#author","url":"https:\/\/antoniobosch.com\/en\/author\/editor\/","name":"Felipe Gutierrez","image":{"@type":"ImageObject","@id":"https:\/\/antoniobosch.com\/en\/cmi-prepara-proyectos-en-guatemala\/#authorImage","url":"https:\/\/secure.gravatar.com\/avatar\/ae3e0ac57f6679354fad48dfb5f8278163772f738ad8a70ac712479b407d0c3d?s=96&d=mm&r=g","width":96,"height":96,"caption":"Felipe Gutierrez"}},{"@type":"WebPage","@id":"https:\/\/antoniobosch.com\/en\/cmi-prepara-proyectos-en-guatemala\/#webpage","url":"https:\/\/antoniobosch.com\/en\/cmi-prepara-proyectos-en-guatemala\/","name":"CMI prepara proyectos en Guatemala - Felipe Bosch: Liderazgo, innovaci\u00f3n y transformaci\u00f3n de Guatemala","description":"CMI prepara la ampliaci\u00f3n y remodelaci\u00f3n de cinco proyectos en Guatemala. Esta inversi\u00f3n est\u00e1 casi lista. \u00a1Entra ahora!","inLanguage":"en-US","isPartOf":{"@id":"https:\/\/antoniobosch.com\/en\/#website"},"breadcrumb":{"@id":"https:\/\/antoniobosch.com\/en\/cmi-prepara-proyectos-en-guatemala\/#breadcrumblist"},"author":{"@id":"https:\/\/antoniobosch.com\/en\/author\/editor\/#author"},"creator":{"@id":"https:\/\/antoniobosch.com\/en\/author\/editor\/#author"},"image":{"@type":"ImageObject","url":"https:\/\/antoniobosch.com\/wp-content\/uploads\/2022\/08\/cmi-multi-inversiones.png","@id":"https:\/\/antoniobosch.com\/en\/cmi-prepara-proyectos-en-guatemala\/#mainImage","width":574,"height":194,"caption":"Periodistas resuelven las dudas de los Guatemaltecos"},"primaryImageOfPage":{"@id":"https:\/\/antoniobosch.com\/en\/cmi-prepara-proyectos-en-guatemala\/#mainImage"},"datePublished":"2022-08-04T12:10:36-05:00","dateModified":"2022-10-27T15:18:54-05:00"},{"@type":"WebSite","@id":"https:\/\/antoniobosch.com\/en\/#website","url":"https:\/\/antoniobosch.com\/en\/","name":"Felipe A. Bosch","description":"Descubre todo sobre el mundo empresarial en Guatemala y Latinoam\u00e9rica","inLanguage":"en-US","publisher":{"@id":"https:\/\/antoniobosch.com\/en\/#organization"}}]},"og:locale":"en_US","og:site_name":"Felipe Bosch: Liderazgo, innovaci\u00f3n y transformaci\u00f3n de Guatemala","og:type":"article","og:title":"CMI prepara proyectos en Guatemala - Felipe Bosch: Liderazgo, innovaci\u00f3n y transformaci\u00f3n de Guatemala","og:description":"CMI prepara la ampliaci\u00f3n y remodelaci\u00f3n de cinco proyectos en Guatemala. Esta inversi\u00f3n est\u00e1 casi lista. \u00a1Entra ahora!","og:url":"https:\/\/antoniobosch.com\/en\/cmi-prepara-proyectos-en-guatemala\/","og:image":"https:\/\/antoniobosch.com\/wp-content\/uploads\/2022\/08\/cmi-multi-inversiones.png","og:image:secure_url":"https:\/\/antoniobosch.com\/wp-content\/uploads\/2022\/08\/cmi-multi-inversiones.png","og:image:width":"574","og:image:height":"194","article:section":"Guatemala","article:published_time":"2022-08-04T18:10:36+00:00","article:modified_time":"2022-10-27T20:18:54+00:00","twitter:card":"summary_large_image","twitter:title":"CMI prepara proyectos en Guatemala - Felipe Bosch: Liderazgo, innovaci\u00f3n y transformaci\u00f3n de Guatemala","twitter:description":"CMI prepara la ampliaci\u00f3n y remodelaci\u00f3n de cinco proyectos en Guatemala. Esta inversi\u00f3n est\u00e1 casi lista. \u00a1Entra ahora!","twitter:image":"https:\/\/antoniobosch.com\/wp-content\/uploads\/2022\/08\/cmi-multi-inversiones.png","twitter:label1":"Written by","twitter:data1":"Felipe Gutierrez","twitter:label2":"Est. reading time","twitter:data2":"3 minutes"},"aioseo_meta_data":{"post_id":"608","title":null,"description":"CMI prepara la ampliaci\u00f3n y remodelaci\u00f3n de cinco proyectos en Guatemala. Esta inversi\u00f3n est\u00e1 casi lista. \u00a1Entra ahora!","keywords":[],"keyphrases":{"focus":{"keyphrase":"proyectos Guatemala","analysis":{"keyphraseInTitle":{"title":"Focus keyphrase in SEO title","description":"Focus keyphrase not found in SEO title.","score":3,"maxScore":9,"error":1},"keyphraseInDescription":{"title":"Focus keyphrase in meta description","description":"Focus keyphrase not found in meta description.","score":3,"maxScore":9,"error":1},"keyphraseLength":{"title":"Focus keyphrase length","description":"Good job!","score":9,"maxScore":9,"error":0,"length":2},"keyphraseInURL":{"title":"Focus keyphrase in URL","description":"Focus keyphrase not found in the URL.","score":1,"maxScore":5,"error":1},"keyphraseInIntroduction":{"title":"Focus keyphrase in introduction","description":"Your Focus keyphrase does not appear in the first paragraph. Make sure the topic is clear immediately.","score":3,"maxScore":9,"error":1},"keyphraseInSubHeadings":{"title":"Focus keyphrase in Subheadings","description":"Use your focus keyphrase more in your H2 and H3 subheadings.","score":3,"maxScore":9,"error":1},"keyphraseInImageAlt":[]},"score":44},"additional":[]},"primary_term":null,"canonical_url":null,"og_title":null,"og_description":null,"og_object_type":"default","og_image_type":"featured","og_image_url":"https:\/\/antoniobosch.com\/wp-content\/uploads\/2022\/08\/cmi-multi-inversiones.png","og_image_width":"574","og_image_height":"194","og_image_custom_url":null,"og_image_custom_fields":null,"og_video":"","og_custom_url":null,"og_article_section":"Guatemala","og_article_tags":[],"twitter_use_og":true,"twitter_card":"default","twitter_image_type":"default","twitter_image_url":null,"twitter_image_custom_url":null,"twitter_image_custom_fields":null,"twitter_title":null,"twitter_description":null,"schema":{"blockGraphs":[],"customGraphs":[],"default":{"data":{"Article":[],"Course":[],"Dataset":[],"FAQPage":[],"Movie":[],"Person":[],"Product":[],"ProductReview":[],"Car":[],"Recipe":[],"Service":[],"SoftwareApplication":[],"WebPage":[]},"graphName":"BlogPosting","isEnabled":true},"graphs":[]},"schema_type":"default","schema_type_options":null,"pillar_content":false,"robots_default":true,"robots_noindex":false,"robots_noarchive":false,"robots_nosnippet":false,"robots_nofollow":false,"robots_noimageindex":false,"robots_noodp":false,"robots_notranslate":false,"robots_max_snippet":"-1","robots_max_videopreview":"-1","robots_max_imagepreview":"large","priority":null,"frequency":"default","local_seo":null,"breadcrumb_settings":null,"limit_modified_date":false,"ai":null,"created":"2022-10-18 14:30:59","updated":"2025-06-03 22:48:36","seo_analyzer_scan_date":null,"focus_keyword":"proyectos Guatemala","additional_keywords":null,"truseo_locale":null},"aioseo_breadcrumb":"<div class=\"aioseo-breadcrumbs\"><span class=\"aioseo-breadcrumb\">\n\t\t\t<a href=\"https:\/\/antoniobosch.com\/en\" title=\"Inicio\">Inicio<\/a>\n\t\t<\/span><span class=\"aioseo-breadcrumb-separator\">&raquo;<\/span><span class=\"aioseo-breadcrumb\">\n\t\t\t<a href=\"https:\/\/antoniobosch.com\/en\/category\/guatemala\/\" title=\"Guatemala\">Guatemala<\/a>\n\t\t<\/span><span class=\"aioseo-breadcrumb-separator\">&raquo;<\/span><span class=\"aioseo-breadcrumb\">\n\t\t\tCMI prepara proyectos en Guatemala\n\t\t<\/span><\/div>","aioseo_breadcrumb_json":[{"label":"Inicio","link":"https:\/\/antoniobosch.com\/en"},{"label":"Guatemala","link":"https:\/\/antoniobosch.com\/en\/category\/guatemala\/"},{"label":"CMI prepara proyectos en Guatemala","link":"https:\/\/antoniobosch.com\/en\/cmi-prepara-proyectos-en-guatemala\/"}],"_links":{"self":[{"href":"https:\/\/antoniobosch.com\/en\/wp-json\/wp\/v2\/posts\/608","targetHints":{"allow":["GET"]}}],"collection":[{"href":"https:\/\/antoniobosch.com\/en\/wp-json\/wp\/v2\/posts"}],"about":[{"href":"https:\/\/antoniobosch.com\/en\/wp-json\/wp\/v2\/types\/post"}],"author":[{"embeddable":true,"href":"https:\/\/antoniobosch.com\/en\/wp-json\/wp\/v2\/users\/1"}],"replies":[{"embeddable":true,"href":"https:\/\/antoniobosch.com\/en\/wp-json\/wp\/v2\/comments?post=608"}],"version-history":[{"count":2,"href":"https:\/\/antoniobosch.com\/en\/wp-json\/wp\/v2\/posts\/608\/revisions"}],"predecessor-version":[{"id":694,"href":"https:\/\/antoniobosch.com\/en\/wp-json\/wp\/v2\/posts\/608\/revisions\/694"}],"wp:featuredmedia":[{"embeddable":true,"href":"https:\/\/antoniobosch.com\/en\/wp-json\/wp\/v2\/media\/615"}],"wp:attachment":[{"href":"https:\/\/antoniobosch.com\/en\/wp-json\/wp\/v2\/media?parent=608"}],"wp:term":[{"taxonomy":"category","embeddable":true,"href":"https:\/\/antoniobosch.com\/en\/wp-json\/wp\/v2\/categories?post=608"},{"taxonomy":"post_tag","embeddable":true,"href":"https:\/\/antoniobosch.com\/en\/wp-json\/wp\/v2\/tags?post=608"}],"curies":[{"name":"wp","href":"https:\/\/api.w.org\/{rel}","templated":true}]}}