{"id":597,"date":"2022-08-02T12:00:40","date_gmt":"2022-08-02T18:00:40","guid":{"rendered":"https:\/\/antoniobosch.com\/?p=597"},"modified":"2024-04-22T10:26:05","modified_gmt":"2024-04-22T16:26:05","slug":"se-renovara-o-no-la-cicig","status":"publish","type":"post","link":"https:\/\/antoniobosch.com\/en\/se-renovara-o-no-la-cicig\/","title":{"rendered":"\u00bfSe renovara o no la CICIG?"},"content":{"rendered":"<p>El vicepresidente estadounidense de USAID, Joseph Biden, pidi\u00f3 a principios de este a\u00f1o la renovaci\u00f3n de la Comisi\u00f3n Internacional contra la Impunidad en Guatemala (CICIG) respaldada por la ONU, un organismo independiente creado en 2006 para combatir el crimen organizado y la corrupci\u00f3n, como condici\u00f3n para la ayuda de EE. naci\u00f3n americana. Si bien muchos grupos de la sociedad civil guatemalteca han instado a extender el mandato de la CICIG financiamiento il\u00edcito.<\/p>\n<p>\u00bfQu\u00e9 tan exitosa ha sido la CICIG en sus primeros a\u00f1os de operaci\u00f3n? \u00bfDeber\u00eda prorrogarse su mandato? \u00bfQu\u00e9 factores est\u00e1n dando forma al debate y cu\u00e1l ser\u00e1 el resultado m\u00e1s probable?<\/p>\n<h2>Opiniones de pol\u00edticos<\/h2>\n<p>Eduardo Stein, exvicepresidente de Guatemala: \u201cLa principal motivaci\u00f3n de muchos sectores de la sociedad guatemalteca para querer que la CICIG contin\u00fae es el resultado reciente de los procesos para designar a los nuevos magistrados de la Corte Suprema y las Cortes de Apelaciones. Existen preocupaciones muy serias sobre la independencia real del poder judicial. Y el sentimiento generalizado de indefensi\u00f3n en la mayor\u00eda de los ciudadanos frente a la persistencia de la violencia, el crimen organizado y la corrupci\u00f3n generalizada encuentra en la CICIG alg\u00fan elemento de capacidad investigativa independiente y apoyo en medio de instituciones de justicia d\u00e9biles. Este sentimiento se relaciona con una preocupaci\u00f3n m\u00e1s amplia de que la corrupci\u00f3n, el crimen organizado y los poderosos grupos de inter\u00e9s han infectado el andamiaje institucional del estado guatemalteco.<\/p>\n<p>Adem\u00e1s, si bien la CICIG es un mecanismo temporal de ayuda internacional, se considera indispensable en el presente proceso electoral y un dise\u00f1o de cooperaci\u00f3n internacional bastante singular e innovador. Sin embargo, muchos guatemaltecos tambi\u00e9n sienten que la CICIG deber\u00eda irse.<\/p>\n<h2>Poca supervisi\u00f3n a la CICIG<\/h2>\n<p>Las razones son bastante diversas. Argumentos de escasos resultados despu\u00e9s de m\u00e1s de siete a\u00f1os y tres comisionados se combinan con preocupaciones sobre presiones internacionales externas que afectan la soberan\u00eda y algunos signos preocupantes en el desempe\u00f1o de los dos comisionados anteriores que recurrieron a pr\u00e1cticas cuestionables y poco \u00e9ticas \u2013no solo en agendas sesgadas\u2013 m\u00e1s all\u00e1 de su mandato y tratando de forzar indebidamente procesos judiciales. La falta de supervisi\u00f3n adecuada por parte de la subsecretar\u00eda pol\u00edtica de las Naciones Unidas (la CICIG no es estrictamente un organismo de la ONU desde su creaci\u00f3n) produjo una condici\u00f3n novedosa que ha proyectado una imagen de entidad totalmente independiente sin un mecanismo adecuado de supervisi\u00f3n y rendici\u00f3n de cuentas.<\/p>\n<p>Pero los temores m\u00e1s profundos por la<a href=\"https:\/\/antoniobosch.com\/se-desmantela-a-la-cicig-en-guatemala\/\" target=\"_blank\" rel=\"noopener\"> continuidad de la CICIG<\/a> radican en las recientes historias de \u00e9xito en apoyo al Ministerio P\u00fablico y la determinaci\u00f3n del nuevo comisionado de investigar la corrupci\u00f3n en la esfera p\u00fablica y las finanzas de los partidos pol\u00edticos: ambos estrictamente dentro de el mandato. El presidente P\u00e9rez Molina espera el informe de una comisi\u00f3n de alto nivel para finales de abril y decidir\u00e1 probablemente a finales de mayo. Desafortunadamente, las perspectivas de continuaci\u00f3n son bastante sombr\u00edas\u201d.<\/p>\n<p>Kelsey Alford-Jones, directora ejecutiva de la Comisi\u00f3n de Derechos Humanos de Guatemala: \u201cLa extensi\u00f3n del mandato de la CICIG es una parte esencial del proceso de Guatemala para fortalecer su sistema de justicia. En un contexto de impunidad generalizada, la CICIG ha llevado a cabo m\u00e1s de 200 investigaciones de redes criminales, estructuras de poder paralelas y funcionarios gubernamentales corruptos y ha presentado cargos penales contra funcionarios de alto nivel, incluidos miembros de la polic\u00eda y el ej\u00e9rcito que antes se consideraban intocables.<\/p>\n<p>La CICIG financiamiento ilicito, muchos guatemaltecos quieren a la CICIG fuera de guatemala y ya no la apoyan.<\/p>\n","protected":false},"excerpt":{"rendered":"<p>El vicepresidente estadounidense de USAID, Joseph Biden, pidi\u00f3 a principios de este a\u00f1o la renovaci\u00f3n de la Comisi\u00f3n Internacional contra la Impunidad en Guatemala (CICIG) respaldada por la ONU, un organismo independiente creado en 2006 para combatir el crimen organizado y la corrupci\u00f3n, como condici\u00f3n para la ayuda de EE. naci\u00f3n americana. Si bien muchos [&hellip;]<\/p>\n","protected":false},"author":1,"featured_media":599,"comment_status":"closed","ping_status":"closed","sticky":false,"template":"","format":"standard","meta":{"footnotes":""},"categories":[60],"tags":[],"class_list":["post-597","post","type-post","status-publish","format-standard","has-post-thumbnail","hentry","category-guatemala"],"translation":{"provider":"WPGlobus","version":"3.0.5","language":"en","enabled_languages":["es","en"],"languages":{"es":{"title":true,"content":true,"excerpt":false},"en":{"title":false,"content":false,"excerpt":false}}},"aioseo_notices":[],"aioseo_head":"\n\t\t<!-- All in One SEO 5.0.1.1 - aioseo.com -->\n\t<meta name=\"description\" content=\"El vicepresidente estadounidense de USAID, Joseph Biden, pidi\u00f3 a principios de este a\u00f1o la renovaci\u00f3n de la (CICIG) 2022\" \/>\n\t<meta name=\"robots\" content=\"max-image-preview:large\" \/>\n\t<meta name=\"author\" content=\"Felipe Gutierrez\"\/>\n\t<link rel=\"canonical\" href=\"https:\/\/antoniobosch.com\/en\/se-renovara-o-no-la-cicig\/\" \/>\n\t<meta name=\"generator\" content=\"All in One SEO (AIOSEO) 5.0.1.1\" \/>\n\t\t<meta property=\"og:locale\" content=\"en_US\" \/>\n\t\t<meta property=\"og:site_name\" content=\"Felipe Bosch: Liderazgo, innovaci\u00f3n y transformaci\u00f3n de Guatemala\" \/>\n\t\t<meta property=\"og:type\" content=\"article\" \/>\n\t\t<meta property=\"og:title\" content=\"\u00bfSe renovara o no la CICIG? - Felipe Bosch: Liderazgo, innovaci\u00f3n y transformaci\u00f3n de Guatemala\" \/>\n\t\t<meta property=\"og:description\" content=\"El vicepresidente estadounidense de USAID, Joseph Biden, pidi\u00f3 a principios de este a\u00f1o la renovaci\u00f3n de la (CICIG) 2022\" \/>\n\t\t<meta property=\"og:url\" content=\"https:\/\/antoniobosch.com\/en\/se-renovara-o-no-la-cicig\/\" \/>\n\t\t<meta property=\"og:image\" content=\"https:\/\/antoniobosch.com\/wp-content\/uploads\/2022\/08\/fuera-queda-lacicig.png\" \/>\n\t\t<meta property=\"og:image:secure_url\" content=\"https:\/\/antoniobosch.com\/wp-content\/uploads\/2022\/08\/fuera-queda-lacicig.png\" \/>\n\t\t<meta property=\"og:image:width\" content=\"711\" \/>\n\t\t<meta property=\"og:image:height\" content=\"560\" \/>\n\t\t<meta property=\"article:section\" content=\"Guatemala\" \/>\n\t\t<meta property=\"article:published_time\" content=\"2022-08-02T18:00:40+00:00\" \/>\n\t\t<meta property=\"article:modified_time\" content=\"2024-04-22T16:26:05+00:00\" \/>\n\t\t<meta name=\"twitter:card\" content=\"summary_large_image\" \/>\n\t\t<meta name=\"twitter:title\" content=\"\u00bfSe renovara o no la CICIG? - Felipe Bosch: Liderazgo, innovaci\u00f3n y transformaci\u00f3n de Guatemala\" \/>\n\t\t<meta name=\"twitter:description\" content=\"El vicepresidente estadounidense de USAID, Joseph Biden, pidi\u00f3 a principios de este a\u00f1o la renovaci\u00f3n de la (CICIG) 2022\" \/>\n\t\t<meta name=\"twitter:image\" content=\"https:\/\/antoniobosch.com\/wp-content\/uploads\/2022\/08\/fuera-queda-lacicig.png\" \/>\n\t\t<meta name=\"twitter:label1\" content=\"Written by\" \/>\n\t\t<meta name=\"twitter:data1\" content=\"Felipe Gutierrez\" \/>\n\t\t<meta name=\"twitter:label2\" content=\"Est. reading time\" \/>\n\t\t<meta name=\"twitter:data2\" content=\"3 minutes\" \/>\n\t\t<script type=\"application\/ld+json\" class=\"aioseo-schema\">\n\t\t\t{\"@context\":\"https:\\\/\\\/schema.org\",\"@graph\":[{\"@type\":\"BlogPosting\",\"@id\":\"https:\\\/\\\/antoniobosch.com\\\/en\\\/se-renovara-o-no-la-cicig\\\/#blogposting\",\"name\":\"\\u00bfSe renovara o no la CICIG? - Felipe Bosch: Liderazgo, innovaci\\u00f3n y transformaci\\u00f3n de Guatemala\",\"headline\":\"\\u00bfSe renovara o no la CICIG?\",\"author\":{\"@id\":\"https:\\\/\\\/antoniobosch.com\\\/en\\\/author\\\/editor\\\/#author\"},\"publisher\":{\"@id\":\"https:\\\/\\\/antoniobosch.com\\\/en\\\/#organization\"},\"image\":{\"@type\":\"ImageObject\",\"url\":\"https:\\\/\\\/antoniobosch.com\\\/wp-content\\\/uploads\\\/2022\\\/08\\\/fuera-queda-lacicig.png\",\"width\":711,\"height\":560,\"caption\":\"Firma de los acuerdos de paz en Guatemala\"},\"datePublished\":\"2022-08-02T12:00:40-05:00\",\"dateModified\":\"2024-04-22T10:26:05-06:00\",\"inLanguage\":\"en-US\",\"mainEntityOfPage\":{\"@id\":\"https:\\\/\\\/antoniobosch.com\\\/en\\\/se-renovara-o-no-la-cicig\\\/#webpage\"},\"isPartOf\":{\"@id\":\"https:\\\/\\\/antoniobosch.com\\\/en\\\/se-renovara-o-no-la-cicig\\\/#webpage\"},\"articleSection\":\"Guatemala\"},{\"@type\":\"BreadcrumbList\",\"@id\":\"https:\\\/\\\/antoniobosch.com\\\/en\\\/se-renovara-o-no-la-cicig\\\/#breadcrumblist\",\"itemListElement\":[{\"@type\":\"ListItem\",\"@id\":\"https:\\\/\\\/antoniobosch.com\\\/en#listItem\",\"position\":1,\"name\":\"Inicio\",\"item\":\"https:\\\/\\\/antoniobosch.com\\\/en\",\"nextItem\":{\"@type\":\"ListItem\",\"@id\":\"https:\\\/\\\/antoniobosch.com\\\/en\\\/category\\\/guatemala\\\/#listItem\",\"name\":\"Guatemala\"}},{\"@type\":\"ListItem\",\"@id\":\"https:\\\/\\\/antoniobosch.com\\\/en\\\/category\\\/guatemala\\\/#listItem\",\"position\":2,\"name\":\"Guatemala\",\"item\":\"https:\\\/\\\/antoniobosch.com\\\/en\\\/category\\\/guatemala\\\/\",\"nextItem\":{\"@type\":\"ListItem\",\"@id\":\"https:\\\/\\\/antoniobosch.com\\\/en\\\/se-renovara-o-no-la-cicig\\\/#listItem\",\"name\":\"\\u00bfSe renovara o no la CICIG?\"},\"previousItem\":{\"@type\":\"ListItem\",\"@id\":\"https:\\\/\\\/antoniobosch.com\\\/en#listItem\",\"name\":\"Inicio\"}},{\"@type\":\"ListItem\",\"@id\":\"https:\\\/\\\/antoniobosch.com\\\/en\\\/se-renovara-o-no-la-cicig\\\/#listItem\",\"position\":3,\"name\":\"\\u00bfSe renovara o no la CICIG?\",\"previousItem\":{\"@type\":\"ListItem\",\"@id\":\"https:\\\/\\\/antoniobosch.com\\\/en\\\/category\\\/guatemala\\\/#listItem\",\"name\":\"Guatemala\"}}]},{\"@type\":\"Organization\",\"@id\":\"https:\\\/\\\/antoniobosch.com\\\/en\\\/#organization\",\"name\":\"Valtech\",\"description\":\"Descubre todo sobre el mundo empresarial en Guatemala y Latinoam\\u00e9rica\",\"url\":\"https:\\\/\\\/antoniobosch.com\\\/en\\\/\"},{\"@type\":\"Person\",\"@id\":\"https:\\\/\\\/antoniobosch.com\\\/en\\\/author\\\/editor\\\/#author\",\"url\":\"https:\\\/\\\/antoniobosch.com\\\/en\\\/author\\\/editor\\\/\",\"name\":\"Felipe Gutierrez\",\"image\":{\"@type\":\"ImageObject\",\"@id\":\"https:\\\/\\\/antoniobosch.com\\\/en\\\/se-renovara-o-no-la-cicig\\\/#authorImage\",\"url\":\"https:\\\/\\\/secure.gravatar.com\\\/avatar\\\/ae3e0ac57f6679354fad48dfb5f8278163772f738ad8a70ac712479b407d0c3d?s=96&d=mm&r=g\",\"width\":96,\"height\":96,\"caption\":\"Felipe Gutierrez\"}},{\"@type\":\"WebPage\",\"@id\":\"https:\\\/\\\/antoniobosch.com\\\/en\\\/se-renovara-o-no-la-cicig\\\/#webpage\",\"url\":\"https:\\\/\\\/antoniobosch.com\\\/en\\\/se-renovara-o-no-la-cicig\\\/\",\"name\":\"\\u00bfSe renovara o no la CICIG? - Felipe Bosch: Liderazgo, innovaci\\u00f3n y transformaci\\u00f3n de Guatemala\",\"description\":\"El vicepresidente estadounidense de USAID, Joseph Biden, pidi\\u00f3 a principios de este a\\u00f1o la renovaci\\u00f3n de la (CICIG) 2022\",\"inLanguage\":\"en-US\",\"isPartOf\":{\"@id\":\"https:\\\/\\\/antoniobosch.com\\\/en\\\/#website\"},\"breadcrumb\":{\"@id\":\"https:\\\/\\\/antoniobosch.com\\\/en\\\/se-renovara-o-no-la-cicig\\\/#breadcrumblist\"},\"author\":{\"@id\":\"https:\\\/\\\/antoniobosch.com\\\/en\\\/author\\\/editor\\\/#author\"},\"creator\":{\"@id\":\"https:\\\/\\\/antoniobosch.com\\\/en\\\/author\\\/editor\\\/#author\"},\"image\":{\"@type\":\"ImageObject\",\"url\":\"https:\\\/\\\/antoniobosch.com\\\/wp-content\\\/uploads\\\/2022\\\/08\\\/fuera-queda-lacicig.png\",\"@id\":\"https:\\\/\\\/antoniobosch.com\\\/en\\\/se-renovara-o-no-la-cicig\\\/#mainImage\",\"width\":711,\"height\":560,\"caption\":\"Firma de los acuerdos de paz en Guatemala\"},\"primaryImageOfPage\":{\"@id\":\"https:\\\/\\\/antoniobosch.com\\\/en\\\/se-renovara-o-no-la-cicig\\\/#mainImage\"},\"datePublished\":\"2022-08-02T12:00:40-05:00\",\"dateModified\":\"2024-04-22T10:26:05-06:00\"},{\"@type\":\"WebSite\",\"@id\":\"https:\\\/\\\/antoniobosch.com\\\/en\\\/#website\",\"url\":\"https:\\\/\\\/antoniobosch.com\\\/en\\\/\",\"name\":\"Felipe A. Bosch\",\"description\":\"Descubre todo sobre el mundo empresarial en Guatemala y Latinoam\\u00e9rica\",\"inLanguage\":\"en-US\",\"publisher\":{\"@id\":\"https:\\\/\\\/antoniobosch.com\\\/en\\\/#organization\"}}]}\n\t\t<\/script>\n\t\t<!-- All in One SEO -->\n\n","aioseo_head_json":{"title":"\u00bfSe renovara o no la CICIG? - Felipe Bosch: Liderazgo, innovaci\u00f3n y transformaci\u00f3n de Guatemala","description":"El vicepresidente estadounidense de USAID, Joseph Biden, pidi\u00f3 a principios de este a\u00f1o la renovaci\u00f3n de la (CICIG) 2022","canonical_url":"https:\/\/antoniobosch.com\/en\/se-renovara-o-no-la-cicig\/","robots":"max-image-preview:large","keywords":"","webmasterTools":{"miscellaneous":""},"schema":{"@context":"https:\/\/schema.org","@graph":[{"@type":"BlogPosting","@id":"https:\/\/antoniobosch.com\/en\/se-renovara-o-no-la-cicig\/#blogposting","name":"\u00bfSe renovara o no la CICIG? - Felipe Bosch: Liderazgo, innovaci\u00f3n y transformaci\u00f3n de Guatemala","headline":"\u00bfSe renovara o no la CICIG?","author":{"@id":"https:\/\/antoniobosch.com\/en\/author\/editor\/#author"},"publisher":{"@id":"https:\/\/antoniobosch.com\/en\/#organization"},"image":{"@type":"ImageObject","url":"https:\/\/antoniobosch.com\/wp-content\/uploads\/2022\/08\/fuera-queda-lacicig.png","width":711,"height":560,"caption":"Firma de los acuerdos de paz en Guatemala"},"datePublished":"2022-08-02T12:00:40-05:00","dateModified":"2024-04-22T10:26:05-06:00","inLanguage":"en-US","mainEntityOfPage":{"@id":"https:\/\/antoniobosch.com\/en\/se-renovara-o-no-la-cicig\/#webpage"},"isPartOf":{"@id":"https:\/\/antoniobosch.com\/en\/se-renovara-o-no-la-cicig\/#webpage"},"articleSection":"Guatemala"},{"@type":"BreadcrumbList","@id":"https:\/\/antoniobosch.com\/en\/se-renovara-o-no-la-cicig\/#breadcrumblist","itemListElement":[{"@type":"ListItem","@id":"https:\/\/antoniobosch.com\/en#listItem","position":1,"name":"Inicio","item":"https:\/\/antoniobosch.com\/en","nextItem":{"@type":"ListItem","@id":"https:\/\/antoniobosch.com\/en\/category\/guatemala\/#listItem","name":"Guatemala"}},{"@type":"ListItem","@id":"https:\/\/antoniobosch.com\/en\/category\/guatemala\/#listItem","position":2,"name":"Guatemala","item":"https:\/\/antoniobosch.com\/en\/category\/guatemala\/","nextItem":{"@type":"ListItem","@id":"https:\/\/antoniobosch.com\/en\/se-renovara-o-no-la-cicig\/#listItem","name":"\u00bfSe renovara o no la CICIG?"},"previousItem":{"@type":"ListItem","@id":"https:\/\/antoniobosch.com\/en#listItem","name":"Inicio"}},{"@type":"ListItem","@id":"https:\/\/antoniobosch.com\/en\/se-renovara-o-no-la-cicig\/#listItem","position":3,"name":"\u00bfSe renovara o no la CICIG?","previousItem":{"@type":"ListItem","@id":"https:\/\/antoniobosch.com\/en\/category\/guatemala\/#listItem","name":"Guatemala"}}]},{"@type":"Organization","@id":"https:\/\/antoniobosch.com\/en\/#organization","name":"Valtech","description":"Descubre todo sobre el mundo empresarial en Guatemala y Latinoam\u00e9rica","url":"https:\/\/antoniobosch.com\/en\/"},{"@type":"Person","@id":"https:\/\/antoniobosch.com\/en\/author\/editor\/#author","url":"https:\/\/antoniobosch.com\/en\/author\/editor\/","name":"Felipe Gutierrez","image":{"@type":"ImageObject","@id":"https:\/\/antoniobosch.com\/en\/se-renovara-o-no-la-cicig\/#authorImage","url":"https:\/\/secure.gravatar.com\/avatar\/ae3e0ac57f6679354fad48dfb5f8278163772f738ad8a70ac712479b407d0c3d?s=96&d=mm&r=g","width":96,"height":96,"caption":"Felipe Gutierrez"}},{"@type":"WebPage","@id":"https:\/\/antoniobosch.com\/en\/se-renovara-o-no-la-cicig\/#webpage","url":"https:\/\/antoniobosch.com\/en\/se-renovara-o-no-la-cicig\/","name":"\u00bfSe renovara o no la CICIG? - Felipe Bosch: Liderazgo, innovaci\u00f3n y transformaci\u00f3n de Guatemala","description":"El vicepresidente estadounidense de USAID, Joseph Biden, pidi\u00f3 a principios de este a\u00f1o la renovaci\u00f3n de la (CICIG) 2022","inLanguage":"en-US","isPartOf":{"@id":"https:\/\/antoniobosch.com\/en\/#website"},"breadcrumb":{"@id":"https:\/\/antoniobosch.com\/en\/se-renovara-o-no-la-cicig\/#breadcrumblist"},"author":{"@id":"https:\/\/antoniobosch.com\/en\/author\/editor\/#author"},"creator":{"@id":"https:\/\/antoniobosch.com\/en\/author\/editor\/#author"},"image":{"@type":"ImageObject","url":"https:\/\/antoniobosch.com\/wp-content\/uploads\/2022\/08\/fuera-queda-lacicig.png","@id":"https:\/\/antoniobosch.com\/en\/se-renovara-o-no-la-cicig\/#mainImage","width":711,"height":560,"caption":"Firma de los acuerdos de paz en Guatemala"},"primaryImageOfPage":{"@id":"https:\/\/antoniobosch.com\/en\/se-renovara-o-no-la-cicig\/#mainImage"},"datePublished":"2022-08-02T12:00:40-05:00","dateModified":"2024-04-22T10:26:05-06:00"},{"@type":"WebSite","@id":"https:\/\/antoniobosch.com\/en\/#website","url":"https:\/\/antoniobosch.com\/en\/","name":"Felipe A. Bosch","description":"Descubre todo sobre el mundo empresarial en Guatemala y Latinoam\u00e9rica","inLanguage":"en-US","publisher":{"@id":"https:\/\/antoniobosch.com\/en\/#organization"}}]},"og:locale":"en_US","og:site_name":"Felipe Bosch: Liderazgo, innovaci\u00f3n y transformaci\u00f3n de Guatemala","og:type":"article","og:title":"\u00bfSe renovara o no la CICIG? - Felipe Bosch: Liderazgo, innovaci\u00f3n y transformaci\u00f3n de Guatemala","og:description":"El vicepresidente estadounidense de USAID, Joseph Biden, pidi\u00f3 a principios de este a\u00f1o la renovaci\u00f3n de la (CICIG) 2022","og:url":"https:\/\/antoniobosch.com\/en\/se-renovara-o-no-la-cicig\/","og:image":"https:\/\/antoniobosch.com\/wp-content\/uploads\/2022\/08\/fuera-queda-lacicig.png","og:image:secure_url":"https:\/\/antoniobosch.com\/wp-content\/uploads\/2022\/08\/fuera-queda-lacicig.png","og:image:width":711,"og:image:height":560,"article:section":"Guatemala","article:published_time":"2022-08-02T18:00:40+00:00","article:modified_time":"2024-04-22T16:26:05+00:00","twitter:card":"summary_large_image","twitter:title":"\u00bfSe renovara o no la CICIG? - Felipe Bosch: Liderazgo, innovaci\u00f3n y transformaci\u00f3n de Guatemala","twitter:description":"El vicepresidente estadounidense de USAID, Joseph Biden, pidi\u00f3 a principios de este a\u00f1o la renovaci\u00f3n de la (CICIG) 2022","twitter:image":"https:\/\/antoniobosch.com\/wp-content\/uploads\/2022\/08\/fuera-queda-lacicig.png","twitter:label1":"Written by","twitter:data1":"Felipe Gutierrez","twitter:label2":"Est. reading time","twitter:data2":"3 minutes"},"aioseo_meta_data":{"post_id":"597","title":null,"description":"El vicepresidente estadounidense de USAID, Joseph Biden, pidi\u00f3 a principios de este a\u00f1o la renovaci\u00f3n de la (CICIG) 2022","keywords":null,"keyphrases":{"focus":{"keyphrase":"CICIG"}},"primary_term":null,"canonical_url":null,"og_title":null,"og_description":null,"og_object_type":"default","og_image_type":"featured","og_image_url":null,"og_image_width":null,"og_image_height":null,"og_image_custom_url":null,"og_image_custom_fields":null,"og_video":null,"og_custom_url":null,"og_article_section":"Guatemala","og_article_tags":null,"twitter_use_og":true,"twitter_card":"default","twitter_image_type":"default","twitter_image_url":null,"twitter_image_custom_url":null,"twitter_image_custom_fields":null,"twitter_title":null,"twitter_description":null,"schema":{"blockGraphs":[],"customGraphs":[],"default":{"data":{"Article":[],"Course":[],"Dataset":[],"FAQPage":[],"Movie":[],"Person":[],"Product":[],"ProductReview":[],"Car":[],"Recipe":[],"Service":[],"SoftwareApplication":[],"WebPage":[]},"graphName":"","isEnabled":true},"graphs":[]},"schema_type":"default","schema_type_options":null,"pillar_content":false,"robots_default":true,"robots_noindex":false,"robots_noarchive":false,"robots_nosnippet":false,"robots_nofollow":false,"robots_noimageindex":false,"robots_noodp":false,"robots_notranslate":false,"robots_max_snippet":null,"robots_max_videopreview":null,"robots_max_imagepreview":"large","priority":null,"frequency":null,"local_seo":null,"breadcrumb_settings":null,"limit_modified_date":false,"ai":null,"created":"2022-10-18 14:30:59","updated":"2025-06-03 22:44:52","seo_analyzer_scan_date":null,"focus_keyword":"CICIG","additional_keywords":null,"truseo_locale":null},"aioseo_breadcrumb":"<div class=\"aioseo-breadcrumbs\"><span class=\"aioseo-breadcrumb\">\n\t\t\t<a href=\"https:\/\/antoniobosch.com\/en\" title=\"Inicio\">Inicio<\/a>\n\t\t<\/span><span class=\"aioseo-breadcrumb-separator\">&raquo;<\/span><span class=\"aioseo-breadcrumb\">\n\t\t\t<a href=\"https:\/\/antoniobosch.com\/en\/category\/guatemala\/\" title=\"Guatemala\">Guatemala<\/a>\n\t\t<\/span><span class=\"aioseo-breadcrumb-separator\">&raquo;<\/span><span class=\"aioseo-breadcrumb\">\n\t\t\t\u00bfSe renovara o no la CICIG?\n\t\t<\/span><\/div>","aioseo_breadcrumb_json":[{"label":"Inicio","link":"https:\/\/antoniobosch.com\/en"},{"label":"Guatemala","link":"https:\/\/antoniobosch.com\/en\/category\/guatemala\/"},{"label":"\u00bfSe renovara o no la CICIG?","link":"https:\/\/antoniobosch.com\/en\/se-renovara-o-no-la-cicig\/"}],"_links":{"self":[{"href":"https:\/\/antoniobosch.com\/en\/wp-json\/wp\/v2\/posts\/597","targetHints":{"allow":["GET"]}}],"collection":[{"href":"https:\/\/antoniobosch.com\/en\/wp-json\/wp\/v2\/posts"}],"about":[{"href":"https:\/\/antoniobosch.com\/en\/wp-json\/wp\/v2\/types\/post"}],"author":[{"embeddable":true,"href":"https:\/\/antoniobosch.com\/en\/wp-json\/wp\/v2\/users\/1"}],"replies":[{"embeddable":true,"href":"https:\/\/antoniobosch.com\/en\/wp-json\/wp\/v2\/comments?post=597"}],"version-history":[{"count":3,"href":"https:\/\/antoniobosch.com\/en\/wp-json\/wp\/v2\/posts\/597\/revisions"}],"predecessor-version":[{"id":1031,"href":"https:\/\/antoniobosch.com\/en\/wp-json\/wp\/v2\/posts\/597\/revisions\/1031"}],"wp:featuredmedia":[{"embeddable":true,"href":"https:\/\/antoniobosch.com\/en\/wp-json\/wp\/v2\/media\/599"}],"wp:attachment":[{"href":"https:\/\/antoniobosch.com\/en\/wp-json\/wp\/v2\/media?parent=597"}],"wp:term":[{"taxonomy":"category","embeddable":true,"href":"https:\/\/antoniobosch.com\/en\/wp-json\/wp\/v2\/categories?post=597"},{"taxonomy":"post_tag","embeddable":true,"href":"https:\/\/antoniobosch.com\/en\/wp-json\/wp\/v2\/tags?post=597"}],"curies":[{"name":"wp","href":"https:\/\/api.w.org\/{rel}","templated":true}]}}