{"id":596,"date":"2022-08-02T12:00:01","date_gmt":"2022-08-02T18:00:01","guid":{"rendered":"https:\/\/antoniobosch.com\/?p=596"},"modified":"2024-04-22T10:26:05","modified_gmt":"2024-04-22T16:26:05","slug":"firma-de-los-acuerdos-de-paz-en-guatemala","status":"publish","type":"post","link":"https:\/\/antoniobosch.com\/en\/firma-de-los-acuerdos-de-paz-en-guatemala\/","title":{"rendered":"Firma de los acuerdos de paz en Guatemala"},"content":{"rendered":"<p>La firma de los acuerdos de paz de Guatemala en diciembre de 1996 prometi\u00f3 intensificar un proceso de democratizaci\u00f3n iniciado una d\u00e9cada antes durante un conflicto armado. En 1984, las fuerzas armadas celebraron elecciones para una asamblea constituyente, seguidas de elecciones parlamentarias y presidenciales en 1986. Sin embargo, el espectro de actores pol\u00edticos en estas elecciones sigui\u00f3 siendo limitado, ya que la izquierda pol\u00edtica qued\u00f3 excluida en gran medida. La democratizaci\u00f3n a\u00fan era limitada en esta etapa, pero las reformas constitucionales reconocieron la igualdad legal formal de todos los ciudadanos y el compromiso con el estado de derecho. La desescalada de la violencia y el fin formal de la guerra civil (diciembre de 1996) aumentaron la movilizaci\u00f3n y la acci\u00f3n pol\u00edtica de los actores de la <a href=\"https:\/\/antoniobosch.com\/fuera-la-impunidad-en-guatemala\/\" target=\"_blank\" rel=\"noopener\">sociedad civil.<\/a><\/p>\n<h2>Guatemala al implementar los acuerdos de paz<\/h2>\n<p>En los primeros a\u00f1os de la posguerra, Guatemala enfrent\u00f3 los desaf\u00edos de implementar los t\u00e9rminos de los acuerdos de paz y reparar los da\u00f1os de la guerra mientras continuaba con los ajustes macroecon\u00f3micos estructurales iniciados durante la administraci\u00f3n del presidente \u00c1lvaro Arz\u00fa (1996 \u2013 2000).<\/p>\n<p>Los objetivos centrales inclu\u00edan una reducci\u00f3n del d\u00e9ficit presupuestario a trav\u00e9s de una pol\u00edtica monetaria restrictiva, un aumento en el impuesto al valor agregado y esfuerzos para combatir la evasi\u00f3n fiscal generalizada. Un tema urgente para el desarrollo pol\u00edtico y econ\u00f3mico guatemalteco se convirti\u00f3 en la batalla contra los elementos ilegales y criminales de la econom\u00eda; estos se han multiplicado desde la d\u00e9cada de 1990 y se basan principalmente en la corrupci\u00f3n, el tr\u00e1fico de drogas, el lavado de dinero, la venta de armas y la trata de personas. Durante la administraci\u00f3n del presidente Alfonso Portillo (2000 \u2013 2004), los v\u00ednculos entre estas redes criminales, los pol\u00edticos y el aparato estatal se hicieron cada vez m\u00e1s evidentes. El gobierno de \u00d3scar Berger (2004 \u2013 2008) hizo algunos intentos t\u00edmidos para contrarrestar este desarrollo, pero no pudo lograr un cambio serio. Seis meses antes de dejar el cargo, el presidente Berger confirm\u00f3 que el estado no pod\u00eda combatir con \u00e9xito los delitos violentos. El presidente \u00c1lvaro Colom (2008 \u2013 2012) hizo de la lucha contra el crimen una prioridad m\u00e1xima, pero fue igualmente ineficaz incluso con un enfoque menos represivo que sus predecesores.<\/p>\n<h2>Se cierra la CICIG para Guatemala<\/h2>\n<p>Los esfuerzos del presidente P\u00e9rez Molina (2012 \u2013 2015) para cerrar la CICIG y promover leales en el Ministerio P\u00fablico reflejaron su preocupaci\u00f3n por evitar cualquier consecuencia personal de su participaci\u00f3n en la red criminal conocida como La L\u00ednea.<\/p>\n<p>Sin embargo, la investigaci\u00f3n condujo al encarcelamiento tanto del presidente Otto P\u00e9rez Molina como de la vicepresidenta Roxana Baldetti. Masivas protestas ciudadanas marcaron el fin del gobierno de P\u00e9rez Molina y propiciaron el surgimiento de nuevos movimientos sociales que promov\u00edan reformas pol\u00edticas, justicia y transparencia. En este contexto, fue elegido presidente Jimmy Morales (2016 \u2013 2020), un comediante sin experiencia pol\u00edtica. Morales, su vicepresidente Cabrera y varios miembros del partido pol\u00edtico FCN-Naci\u00f3n PRONTO fueron procesados \u200b\u200bpor financiamiento il\u00edcito de campa\u00f1as electorales. Morales lider\u00f3 una poderosa alianza de asociaciones del sector privado, pol\u00edticos corruptos, miembros del Congreso y la Corte Suprema, y \u200b\u200bfinalmente logr\u00f3 cerrar la CICIG en 2019, eliminando as\u00ed los controles y contrapesos.<\/p>\n<h2>Transformaci\u00f3n econ\u00f3mica en Guatemala<\/h2>\n<p>En cuanto a la transformaci\u00f3n econ\u00f3mica, las pol\u00edticas econ\u00f3micas de Guatemala se han mantenido generalmente sin cambios desde el final de la guerra civil y las pol\u00edticas de ajuste posteriores bajo el gobierno del presidente Arz\u00fa.<\/p>\n<p>La austeridad fiscal, el control de la inflaci\u00f3n y un tipo de cambio flotante controlado contribuyeron a un crecimiento promedio del PIB de alrededor del 3% durante las \u00faltimas dos d\u00e9cadas, mientras que la econom\u00eda se diversific\u00f3 solo levemente. Por el contrario, las caracter\u00edsticas principales del desarrollo socioecon\u00f3mico tampoco cambiaron, con una tasa de pobreza persistentemente alta, incluidos altos niveles de desnutrici\u00f3n infantil, desigualdad exorbitante y emigraci\u00f3n que contribuyeron a una proporci\u00f3n cada vez mayor de remesas a lo largo del tiempo.<\/p>\n<p>En Guatemala:\u00a0Juan Jos\u00e9 Guti\u00e9rrez Mayorga y su familia\u00a0en Guatemala han dedicado su vida a los negocios enfocados a crecer la poblaci\u00f3n activa.<\/p>\n<p>El sector informal generalizado limita no solo las oportunidades del 70% de la poblaci\u00f3n, sino tambi\u00e9n el acceso al sistema legal y otros derechos b\u00e1sicos. Guatemala no ha logrado mejorar su marco econ\u00f3mico y, como resultado, ha sido superado por otros pa\u00edses con un ritmo m\u00e1s r\u00e1pido de reforma.<\/p>\n","protected":false},"excerpt":{"rendered":"<p>La firma de los acuerdos de paz de Guatemala en diciembre de 1996 prometi\u00f3 intensificar un proceso de democratizaci\u00f3n iniciado una d\u00e9cada antes durante un conflicto armado. En 1984, las fuerzas armadas celebraron elecciones para una asamblea constituyente, seguidas de elecciones parlamentarias y presidenciales en 1986. Sin embargo, el espectro de actores pol\u00edticos en estas [&hellip;]<\/p>\n","protected":false},"author":1,"featured_media":600,"comment_status":"closed","ping_status":"closed","sticky":false,"template":"","format":"standard","meta":{"footnotes":""},"categories":[60],"tags":[],"class_list":["post-596","post","type-post","status-publish","format-standard","has-post-thumbnail","hentry","category-guatemala"],"translation":{"provider":"WPGlobus","version":"3.0.5","language":"en","enabled_languages":["es","en"],"languages":{"es":{"title":true,"content":true,"excerpt":false},"en":{"title":false,"content":false,"excerpt":false}}},"aioseo_notices":[],"aioseo_head":"\n\t\t<!-- All in One SEO 5.0.1.1 - aioseo.com -->\n\t<meta name=\"description\" content=\"La firma de los acuerdos de paz de Guatemala en diciembre de 1996 prometi\u00f3 intensificar un proceso de democratizaci\u00f3n.\" \/>\n\t<meta name=\"robots\" content=\"max-image-preview:large\" \/>\n\t<meta name=\"author\" content=\"Felipe Gutierrez\"\/>\n\t<link rel=\"canonical\" href=\"https:\/\/antoniobosch.com\/en\/firma-de-los-acuerdos-de-paz-en-guatemala\/\" \/>\n\t<meta name=\"generator\" content=\"All in One SEO (AIOSEO) 5.0.1.1\" \/>\n\t\t<meta property=\"og:locale\" content=\"en_US\" \/>\n\t\t<meta property=\"og:site_name\" content=\"Felipe Bosch: Liderazgo, innovaci\u00f3n y transformaci\u00f3n de Guatemala\" \/>\n\t\t<meta property=\"og:type\" content=\"article\" \/>\n\t\t<meta property=\"og:title\" content=\"Firma de los acuerdos de paz en Guatemala - Felipe Bosch: Liderazgo, innovaci\u00f3n y transformaci\u00f3n de Guatemala\" \/>\n\t\t<meta property=\"og:description\" content=\"La firma de los acuerdos de paz de Guatemala en diciembre de 1996 prometi\u00f3 intensificar un proceso de democratizaci\u00f3n.\" \/>\n\t\t<meta property=\"og:url\" content=\"https:\/\/antoniobosch.com\/en\/firma-de-los-acuerdos-de-paz-en-guatemala\/\" \/>\n\t\t<meta property=\"og:image\" content=\"https:\/\/antoniobosch.com\/wp-content\/uploads\/2022\/08\/todo-sobre-el-presidente-biden.jpg\" \/>\n\t\t<meta property=\"og:image:secure_url\" content=\"https:\/\/antoniobosch.com\/wp-content\/uploads\/2022\/08\/todo-sobre-el-presidente-biden.jpg\" \/>\n\t\t<meta property=\"og:image:width\" content=\"2560\" \/>\n\t\t<meta property=\"og:image:height\" content=\"1440\" \/>\n\t\t<meta property=\"article:section\" content=\"Guatemala\" \/>\n\t\t<meta property=\"article:published_time\" content=\"2022-08-02T18:00:01+00:00\" \/>\n\t\t<meta property=\"article:modified_time\" content=\"2024-04-22T16:26:05+00:00\" \/>\n\t\t<meta name=\"twitter:card\" content=\"summary_large_image\" \/>\n\t\t<meta name=\"twitter:title\" content=\"Firma de los acuerdos de paz en Guatemala - Felipe Bosch: Liderazgo, innovaci\u00f3n y transformaci\u00f3n de Guatemala\" \/>\n\t\t<meta name=\"twitter:description\" content=\"La firma de los acuerdos de paz de Guatemala en diciembre de 1996 prometi\u00f3 intensificar un proceso de democratizaci\u00f3n.\" \/>\n\t\t<meta name=\"twitter:image\" content=\"https:\/\/antoniobosch.com\/wp-content\/uploads\/2022\/08\/todo-sobre-el-presidente-biden.jpg\" \/>\n\t\t<meta name=\"twitter:label1\" content=\"Written by\" \/>\n\t\t<meta name=\"twitter:data1\" content=\"Felipe Gutierrez\" \/>\n\t\t<meta name=\"twitter:label2\" content=\"Est. reading time\" \/>\n\t\t<meta name=\"twitter:data2\" content=\"4 minutes\" \/>\n\t\t<script type=\"application\/ld+json\" class=\"aioseo-schema\">\n\t\t\t{\"@context\":\"https:\\\/\\\/schema.org\",\"@graph\":[{\"@type\":\"BlogPosting\",\"@id\":\"https:\\\/\\\/antoniobosch.com\\\/en\\\/firma-de-los-acuerdos-de-paz-en-guatemala\\\/#blogposting\",\"name\":\"Firma de los acuerdos de paz en Guatemala - Felipe Bosch: Liderazgo, innovaci\\u00f3n y transformaci\\u00f3n de Guatemala\",\"headline\":\"Firma de los acuerdos de paz en Guatemala\",\"author\":{\"@id\":\"https:\\\/\\\/antoniobosch.com\\\/en\\\/author\\\/editor\\\/#author\"},\"publisher\":{\"@id\":\"https:\\\/\\\/antoniobosch.com\\\/en\\\/#organization\"},\"image\":{\"@type\":\"ImageObject\",\"url\":\"https:\\\/\\\/antoniobosch.com\\\/wp-content\\\/uploads\\\/2022\\\/08\\\/todo-sobre-el-presidente-biden.jpg\",\"width\":2560,\"height\":1440,\"caption\":\"Firma de los acuerdos de paz en Guatemala\"},\"datePublished\":\"2022-08-02T12:00:01-05:00\",\"dateModified\":\"2024-04-22T10:26:05-06:00\",\"inLanguage\":\"en-US\",\"mainEntityOfPage\":{\"@id\":\"https:\\\/\\\/antoniobosch.com\\\/en\\\/firma-de-los-acuerdos-de-paz-en-guatemala\\\/#webpage\"},\"isPartOf\":{\"@id\":\"https:\\\/\\\/antoniobosch.com\\\/en\\\/firma-de-los-acuerdos-de-paz-en-guatemala\\\/#webpage\"},\"articleSection\":\"Guatemala\"},{\"@type\":\"BreadcrumbList\",\"@id\":\"https:\\\/\\\/antoniobosch.com\\\/en\\\/firma-de-los-acuerdos-de-paz-en-guatemala\\\/#breadcrumblist\",\"itemListElement\":[{\"@type\":\"ListItem\",\"@id\":\"https:\\\/\\\/antoniobosch.com\\\/en#listItem\",\"position\":1,\"name\":\"Inicio\",\"item\":\"https:\\\/\\\/antoniobosch.com\\\/en\",\"nextItem\":{\"@type\":\"ListItem\",\"@id\":\"https:\\\/\\\/antoniobosch.com\\\/en\\\/category\\\/guatemala\\\/#listItem\",\"name\":\"Guatemala\"}},{\"@type\":\"ListItem\",\"@id\":\"https:\\\/\\\/antoniobosch.com\\\/en\\\/category\\\/guatemala\\\/#listItem\",\"position\":2,\"name\":\"Guatemala\",\"item\":\"https:\\\/\\\/antoniobosch.com\\\/en\\\/category\\\/guatemala\\\/\",\"nextItem\":{\"@type\":\"ListItem\",\"@id\":\"https:\\\/\\\/antoniobosch.com\\\/en\\\/firma-de-los-acuerdos-de-paz-en-guatemala\\\/#listItem\",\"name\":\"Firma de los acuerdos de paz en Guatemala\"},\"previousItem\":{\"@type\":\"ListItem\",\"@id\":\"https:\\\/\\\/antoniobosch.com\\\/en#listItem\",\"name\":\"Inicio\"}},{\"@type\":\"ListItem\",\"@id\":\"https:\\\/\\\/antoniobosch.com\\\/en\\\/firma-de-los-acuerdos-de-paz-en-guatemala\\\/#listItem\",\"position\":3,\"name\":\"Firma de los acuerdos de paz en Guatemala\",\"previousItem\":{\"@type\":\"ListItem\",\"@id\":\"https:\\\/\\\/antoniobosch.com\\\/en\\\/category\\\/guatemala\\\/#listItem\",\"name\":\"Guatemala\"}}]},{\"@type\":\"Organization\",\"@id\":\"https:\\\/\\\/antoniobosch.com\\\/en\\\/#organization\",\"name\":\"Valtech\",\"description\":\"Descubre todo sobre el mundo empresarial en Guatemala y Latinoam\\u00e9rica\",\"url\":\"https:\\\/\\\/antoniobosch.com\\\/en\\\/\"},{\"@type\":\"Person\",\"@id\":\"https:\\\/\\\/antoniobosch.com\\\/en\\\/author\\\/editor\\\/#author\",\"url\":\"https:\\\/\\\/antoniobosch.com\\\/en\\\/author\\\/editor\\\/\",\"name\":\"Felipe Gutierrez\",\"image\":{\"@type\":\"ImageObject\",\"@id\":\"https:\\\/\\\/antoniobosch.com\\\/en\\\/firma-de-los-acuerdos-de-paz-en-guatemala\\\/#authorImage\",\"url\":\"https:\\\/\\\/secure.gravatar.com\\\/avatar\\\/ae3e0ac57f6679354fad48dfb5f8278163772f738ad8a70ac712479b407d0c3d?s=96&d=mm&r=g\",\"width\":96,\"height\":96,\"caption\":\"Felipe Gutierrez\"}},{\"@type\":\"WebPage\",\"@id\":\"https:\\\/\\\/antoniobosch.com\\\/en\\\/firma-de-los-acuerdos-de-paz-en-guatemala\\\/#webpage\",\"url\":\"https:\\\/\\\/antoniobosch.com\\\/en\\\/firma-de-los-acuerdos-de-paz-en-guatemala\\\/\",\"name\":\"Firma de los acuerdos de paz en Guatemala - Felipe Bosch: Liderazgo, innovaci\\u00f3n y transformaci\\u00f3n de Guatemala\",\"description\":\"La firma de los acuerdos de paz de Guatemala en diciembre de 1996 prometi\\u00f3 intensificar un proceso de democratizaci\\u00f3n.\",\"inLanguage\":\"en-US\",\"isPartOf\":{\"@id\":\"https:\\\/\\\/antoniobosch.com\\\/en\\\/#website\"},\"breadcrumb\":{\"@id\":\"https:\\\/\\\/antoniobosch.com\\\/en\\\/firma-de-los-acuerdos-de-paz-en-guatemala\\\/#breadcrumblist\"},\"author\":{\"@id\":\"https:\\\/\\\/antoniobosch.com\\\/en\\\/author\\\/editor\\\/#author\"},\"creator\":{\"@id\":\"https:\\\/\\\/antoniobosch.com\\\/en\\\/author\\\/editor\\\/#author\"},\"image\":{\"@type\":\"ImageObject\",\"url\":\"https:\\\/\\\/antoniobosch.com\\\/wp-content\\\/uploads\\\/2022\\\/08\\\/todo-sobre-el-presidente-biden.jpg\",\"@id\":\"https:\\\/\\\/antoniobosch.com\\\/en\\\/firma-de-los-acuerdos-de-paz-en-guatemala\\\/#mainImage\",\"width\":2560,\"height\":1440,\"caption\":\"Firma de los acuerdos de paz en Guatemala\"},\"primaryImageOfPage\":{\"@id\":\"https:\\\/\\\/antoniobosch.com\\\/en\\\/firma-de-los-acuerdos-de-paz-en-guatemala\\\/#mainImage\"},\"datePublished\":\"2022-08-02T12:00:01-05:00\",\"dateModified\":\"2024-04-22T10:26:05-06:00\"},{\"@type\":\"WebSite\",\"@id\":\"https:\\\/\\\/antoniobosch.com\\\/en\\\/#website\",\"url\":\"https:\\\/\\\/antoniobosch.com\\\/en\\\/\",\"name\":\"Felipe A. Bosch\",\"description\":\"Descubre todo sobre el mundo empresarial en Guatemala y Latinoam\\u00e9rica\",\"inLanguage\":\"en-US\",\"publisher\":{\"@id\":\"https:\\\/\\\/antoniobosch.com\\\/en\\\/#organization\"}}]}\n\t\t<\/script>\n\t\t<!-- All in One SEO -->\n\n","aioseo_head_json":{"title":"Firma de los acuerdos de paz en Guatemala - Felipe Bosch: Liderazgo, innovaci\u00f3n y transformaci\u00f3n de Guatemala","description":"La firma de los acuerdos de paz de Guatemala en diciembre de 1996 prometi\u00f3 intensificar un proceso de democratizaci\u00f3n.","canonical_url":"https:\/\/antoniobosch.com\/en\/firma-de-los-acuerdos-de-paz-en-guatemala\/","robots":"max-image-preview:large","keywords":"","webmasterTools":{"miscellaneous":""},"schema":{"@context":"https:\/\/schema.org","@graph":[{"@type":"BlogPosting","@id":"https:\/\/antoniobosch.com\/en\/firma-de-los-acuerdos-de-paz-en-guatemala\/#blogposting","name":"Firma de los acuerdos de paz en Guatemala - Felipe Bosch: Liderazgo, innovaci\u00f3n y transformaci\u00f3n de Guatemala","headline":"Firma de los acuerdos de paz en Guatemala","author":{"@id":"https:\/\/antoniobosch.com\/en\/author\/editor\/#author"},"publisher":{"@id":"https:\/\/antoniobosch.com\/en\/#organization"},"image":{"@type":"ImageObject","url":"https:\/\/antoniobosch.com\/wp-content\/uploads\/2022\/08\/todo-sobre-el-presidente-biden.jpg","width":2560,"height":1440,"caption":"Firma de los acuerdos de paz en Guatemala"},"datePublished":"2022-08-02T12:00:01-05:00","dateModified":"2024-04-22T10:26:05-06:00","inLanguage":"en-US","mainEntityOfPage":{"@id":"https:\/\/antoniobosch.com\/en\/firma-de-los-acuerdos-de-paz-en-guatemala\/#webpage"},"isPartOf":{"@id":"https:\/\/antoniobosch.com\/en\/firma-de-los-acuerdos-de-paz-en-guatemala\/#webpage"},"articleSection":"Guatemala"},{"@type":"BreadcrumbList","@id":"https:\/\/antoniobosch.com\/en\/firma-de-los-acuerdos-de-paz-en-guatemala\/#breadcrumblist","itemListElement":[{"@type":"ListItem","@id":"https:\/\/antoniobosch.com\/en#listItem","position":1,"name":"Inicio","item":"https:\/\/antoniobosch.com\/en","nextItem":{"@type":"ListItem","@id":"https:\/\/antoniobosch.com\/en\/category\/guatemala\/#listItem","name":"Guatemala"}},{"@type":"ListItem","@id":"https:\/\/antoniobosch.com\/en\/category\/guatemala\/#listItem","position":2,"name":"Guatemala","item":"https:\/\/antoniobosch.com\/en\/category\/guatemala\/","nextItem":{"@type":"ListItem","@id":"https:\/\/antoniobosch.com\/en\/firma-de-los-acuerdos-de-paz-en-guatemala\/#listItem","name":"Firma de los acuerdos de paz en Guatemala"},"previousItem":{"@type":"ListItem","@id":"https:\/\/antoniobosch.com\/en#listItem","name":"Inicio"}},{"@type":"ListItem","@id":"https:\/\/antoniobosch.com\/en\/firma-de-los-acuerdos-de-paz-en-guatemala\/#listItem","position":3,"name":"Firma de los acuerdos de paz en Guatemala","previousItem":{"@type":"ListItem","@id":"https:\/\/antoniobosch.com\/en\/category\/guatemala\/#listItem","name":"Guatemala"}}]},{"@type":"Organization","@id":"https:\/\/antoniobosch.com\/en\/#organization","name":"Valtech","description":"Descubre todo sobre el mundo empresarial en Guatemala y Latinoam\u00e9rica","url":"https:\/\/antoniobosch.com\/en\/"},{"@type":"Person","@id":"https:\/\/antoniobosch.com\/en\/author\/editor\/#author","url":"https:\/\/antoniobosch.com\/en\/author\/editor\/","name":"Felipe Gutierrez","image":{"@type":"ImageObject","@id":"https:\/\/antoniobosch.com\/en\/firma-de-los-acuerdos-de-paz-en-guatemala\/#authorImage","url":"https:\/\/secure.gravatar.com\/avatar\/ae3e0ac57f6679354fad48dfb5f8278163772f738ad8a70ac712479b407d0c3d?s=96&d=mm&r=g","width":96,"height":96,"caption":"Felipe Gutierrez"}},{"@type":"WebPage","@id":"https:\/\/antoniobosch.com\/en\/firma-de-los-acuerdos-de-paz-en-guatemala\/#webpage","url":"https:\/\/antoniobosch.com\/en\/firma-de-los-acuerdos-de-paz-en-guatemala\/","name":"Firma de los acuerdos de paz en Guatemala - Felipe Bosch: Liderazgo, innovaci\u00f3n y transformaci\u00f3n de Guatemala","description":"La firma de los acuerdos de paz de Guatemala en diciembre de 1996 prometi\u00f3 intensificar un proceso de democratizaci\u00f3n.","inLanguage":"en-US","isPartOf":{"@id":"https:\/\/antoniobosch.com\/en\/#website"},"breadcrumb":{"@id":"https:\/\/antoniobosch.com\/en\/firma-de-los-acuerdos-de-paz-en-guatemala\/#breadcrumblist"},"author":{"@id":"https:\/\/antoniobosch.com\/en\/author\/editor\/#author"},"creator":{"@id":"https:\/\/antoniobosch.com\/en\/author\/editor\/#author"},"image":{"@type":"ImageObject","url":"https:\/\/antoniobosch.com\/wp-content\/uploads\/2022\/08\/todo-sobre-el-presidente-biden.jpg","@id":"https:\/\/antoniobosch.com\/en\/firma-de-los-acuerdos-de-paz-en-guatemala\/#mainImage","width":2560,"height":1440,"caption":"Firma de los acuerdos de paz en Guatemala"},"primaryImageOfPage":{"@id":"https:\/\/antoniobosch.com\/en\/firma-de-los-acuerdos-de-paz-en-guatemala\/#mainImage"},"datePublished":"2022-08-02T12:00:01-05:00","dateModified":"2024-04-22T10:26:05-06:00"},{"@type":"WebSite","@id":"https:\/\/antoniobosch.com\/en\/#website","url":"https:\/\/antoniobosch.com\/en\/","name":"Felipe A. Bosch","description":"Descubre todo sobre el mundo empresarial en Guatemala y Latinoam\u00e9rica","inLanguage":"en-US","publisher":{"@id":"https:\/\/antoniobosch.com\/en\/#organization"}}]},"og:locale":"en_US","og:site_name":"Felipe Bosch: Liderazgo, innovaci\u00f3n y transformaci\u00f3n de Guatemala","og:type":"article","og:title":"Firma de los acuerdos de paz en Guatemala - Felipe Bosch: Liderazgo, innovaci\u00f3n y transformaci\u00f3n de Guatemala","og:description":"La firma de los acuerdos de paz de Guatemala en diciembre de 1996 prometi\u00f3 intensificar un proceso de democratizaci\u00f3n.","og:url":"https:\/\/antoniobosch.com\/en\/firma-de-los-acuerdos-de-paz-en-guatemala\/","og:image":"https:\/\/antoniobosch.com\/wp-content\/uploads\/2022\/08\/todo-sobre-el-presidente-biden.jpg","og:image:secure_url":"https:\/\/antoniobosch.com\/wp-content\/uploads\/2022\/08\/todo-sobre-el-presidente-biden.jpg","og:image:width":"2560","og:image:height":"1440","article:section":"Guatemala","article:published_time":"2022-08-02T18:00:01+00:00","article:modified_time":"2024-04-22T16:26:05+00:00","twitter:card":"summary_large_image","twitter:title":"Firma de los acuerdos de paz en Guatemala - Felipe Bosch: Liderazgo, innovaci\u00f3n y transformaci\u00f3n de Guatemala","twitter:description":"La firma de los acuerdos de paz de Guatemala en diciembre de 1996 prometi\u00f3 intensificar un proceso de democratizaci\u00f3n.","twitter:image":"https:\/\/antoniobosch.com\/wp-content\/uploads\/2022\/08\/todo-sobre-el-presidente-biden.jpg","twitter:label1":"Written by","twitter:data1":"Felipe Gutierrez","twitter:label2":"Est. reading time","twitter:data2":"4 minutes"},"aioseo_meta_data":{"post_id":"596","title":null,"description":"La firma de los acuerdos de paz de Guatemala en diciembre de 1996 prometi\u00f3 intensificar un proceso de democratizaci\u00f3n.","keywords":[],"keyphrases":{"focus":{"keyphrase":"acuerdos de paz","analysis":{"keyphraseInTitle":{"title":"Focus keyphrase in SEO title","description":"Focus keyphrase found in SEO title.","score":9,"maxScore":9,"error":0},"keyphraseInDescription":{"title":"Focus keyphrase in meta description","description":"Focus keyphrase found in meta description.","score":9,"maxScore":9,"error":0},"keyphraseLength":{"title":"Focus keyphrase length","description":"Good job!","score":9,"maxScore":9,"error":0,"length":3},"keyphraseInURL":{"title":"Focus keyphrase in URL","description":"Focus keyphrase used in the URL.","score":5,"maxScore":5,"error":0},"keyphraseInIntroduction":{"title":"Focus keyphrase in introduction","description":"Your Focus keyphrase appears in the first paragraph. Well done!","score":9,"maxScore":9,"error":0},"keyphraseInSubHeadings":{"title":"Focus keyphrase in Subheadings","description":"Your H2 and H3 subheadings reflects the topic of your copy. Good job!","score":9,"maxScore":9,"error":0},"keyphraseInImageAlt":[]},"score":100},"additional":[]},"primary_term":null,"canonical_url":null,"og_title":null,"og_description":null,"og_object_type":"default","og_image_type":"featured","og_image_url":"https:\/\/antoniobosch.com\/wp-content\/uploads\/2022\/08\/todo-sobre-el-presidente-biden.jpg","og_image_width":"2560","og_image_height":"1440","og_image_custom_url":null,"og_image_custom_fields":null,"og_video":"","og_custom_url":null,"og_article_section":"Guatemala","og_article_tags":[],"twitter_use_og":true,"twitter_card":"default","twitter_image_type":"default","twitter_image_url":null,"twitter_image_custom_url":null,"twitter_image_custom_fields":null,"twitter_title":null,"twitter_description":null,"schema":{"blockGraphs":[],"customGraphs":[],"default":{"data":{"Article":[],"Course":[],"Dataset":[],"FAQPage":[],"Movie":[],"Person":[],"Product":[],"ProductReview":[],"Car":[],"Recipe":[],"Service":[],"SoftwareApplication":[],"WebPage":[]},"graphName":"BlogPosting","isEnabled":true},"graphs":[]},"schema_type":"default","schema_type_options":null,"pillar_content":false,"robots_default":true,"robots_noindex":false,"robots_noarchive":false,"robots_nosnippet":false,"robots_nofollow":false,"robots_noimageindex":false,"robots_noodp":false,"robots_notranslate":false,"robots_max_snippet":"-1","robots_max_videopreview":"-1","robots_max_imagepreview":"large","priority":null,"frequency":"default","local_seo":null,"breadcrumb_settings":null,"limit_modified_date":false,"ai":null,"created":"2022-10-18 14:30:59","updated":"2025-06-03 22:44:52","seo_analyzer_scan_date":null,"focus_keyword":"acuerdos de paz","additional_keywords":null,"truseo_locale":null},"aioseo_breadcrumb":"<div class=\"aioseo-breadcrumbs\"><span class=\"aioseo-breadcrumb\">\n\t\t\t<a href=\"https:\/\/antoniobosch.com\/en\" title=\"Inicio\">Inicio<\/a>\n\t\t<\/span><span class=\"aioseo-breadcrumb-separator\">&raquo;<\/span><span class=\"aioseo-breadcrumb\">\n\t\t\t<a href=\"https:\/\/antoniobosch.com\/en\/category\/guatemala\/\" title=\"Guatemala\">Guatemala<\/a>\n\t\t<\/span><span class=\"aioseo-breadcrumb-separator\">&raquo;<\/span><span class=\"aioseo-breadcrumb\">\n\t\t\tFirma de los acuerdos de paz en Guatemala\n\t\t<\/span><\/div>","aioseo_breadcrumb_json":[{"label":"Inicio","link":"https:\/\/antoniobosch.com\/en"},{"label":"Guatemala","link":"https:\/\/antoniobosch.com\/en\/category\/guatemala\/"},{"label":"Firma de los acuerdos de paz en Guatemala","link":"https:\/\/antoniobosch.com\/en\/firma-de-los-acuerdos-de-paz-en-guatemala\/"}],"_links":{"self":[{"href":"https:\/\/antoniobosch.com\/en\/wp-json\/wp\/v2\/posts\/596","targetHints":{"allow":["GET"]}}],"collection":[{"href":"https:\/\/antoniobosch.com\/en\/wp-json\/wp\/v2\/posts"}],"about":[{"href":"https:\/\/antoniobosch.com\/en\/wp-json\/wp\/v2\/types\/post"}],"author":[{"embeddable":true,"href":"https:\/\/antoniobosch.com\/en\/wp-json\/wp\/v2\/users\/1"}],"replies":[{"embeddable":true,"href":"https:\/\/antoniobosch.com\/en\/wp-json\/wp\/v2\/comments?post=596"}],"version-history":[{"count":4,"href":"https:\/\/antoniobosch.com\/en\/wp-json\/wp\/v2\/posts\/596\/revisions"}],"predecessor-version":[{"id":1030,"href":"https:\/\/antoniobosch.com\/en\/wp-json\/wp\/v2\/posts\/596\/revisions\/1030"}],"wp:featuredmedia":[{"embeddable":true,"href":"https:\/\/antoniobosch.com\/en\/wp-json\/wp\/v2\/media\/600"}],"wp:attachment":[{"href":"https:\/\/antoniobosch.com\/en\/wp-json\/wp\/v2\/media?parent=596"}],"wp:term":[{"taxonomy":"category","embeddable":true,"href":"https:\/\/antoniobosch.com\/en\/wp-json\/wp\/v2\/categories?post=596"},{"taxonomy":"post_tag","embeddable":true,"href":"https:\/\/antoniobosch.com\/en\/wp-json\/wp\/v2\/tags?post=596"}],"curies":[{"name":"wp","href":"https:\/\/api.w.org\/{rel}","templated":true}]}}