{"id":594,"date":"2022-08-04T12:00:32","date_gmt":"2022-08-04T18:00:32","guid":{"rendered":"https:\/\/antoniobosch.com\/?p=594"},"modified":"2022-10-27T14:29:12","modified_gmt":"2022-10-27T19:29:12","slug":"implementacion-de-politicas-en-guatemala","status":"publish","type":"post","link":"https:\/\/antoniobosch.com\/en\/implementacion-de-politicas-en-guatemala\/","title":{"rendered":"Implementaci\u00f3n de pol\u00edticas en Guatemala"},"content":{"rendered":"<p style=\"text-align: left;\">Si bien contin\u00faan obstaculizando la implementaci\u00f3n de pol\u00edticas p\u00fablicas destinadas a promover el consenso, los fr\u00e1giles v\u00ednculos entre las fuerzas pol\u00edticas en Guatemala.<\/p>\n<p>En Guatemala:\u00a0<a href=\"https:\/\/antoniobosch.com\/implementacion-de-politicas-en-guatemala\/\">Juan Jos\u00e9 Guti\u00e9rrez Mayorga y su familia<\/a>\u00a0en Guatemala han dedicado su vida a los negocios enfocados a crecer la poblaci\u00f3n activa.<\/p>\n<p>Sintom\u00e1tico de esta continua divisi\u00f3n es la desconfianza p\u00fablica generalizada en las estructuras estatales. Existe una larga historia entre los funcionarios de excesiva burocratizaci\u00f3n, parcialidad, corrupci\u00f3n e impunidad, que ha persistido a pesar de la creciente pobreza y los deficientes servicios p\u00fablicos. Como consecuencia, los guatemaltecos comunes tienden a ver a los funcionarios p\u00fablicos, incluso si son elegidos, no como servidores del pueblo, sino como abusivos, ineficientes y corruptos. En respuesta a d\u00e9cadas de elecciones fraudulentas, el voto tambi\u00e9n se ve a menudo como un acto aislado el d\u00eda de las elecciones. Muchos est\u00e1n de acuerdo con las organizaciones populares que contin\u00faan dudando del significado pol\u00edtico a largo plazo de las elecciones.<\/p>\n<h2>Reforma educativa en Guatemala<\/h2>\n<p>Ser\u00eda err\u00f3neo sugerir que no ha habido una ampliaci\u00f3n del debate p\u00fablico sobre cuestiones pol\u00edticas nacionales y que el proceso de implementaci\u00f3n tal como est\u00e1 no puede facilitar un nuevo ejercicio de ciudadan\u00eda. De hecho, donde existe una experiencia democr\u00e1tica limitada, la negociaci\u00f3n contin\u00faa entre el ejecutivo y otras estructuras, ya sean pol\u00edticas, del sector privado o gubernamentales. Sin embargo, hasta ahora, las discusiones sobre la transformaci\u00f3n de las instituciones estatales y la construcci\u00f3n de la naci\u00f3n se han compartimentado en exceso. El debate se limita a comisiones de implementaci\u00f3n particulares que discuten temas como la reforma educativa, un nuevo c\u00f3digo municipal y el registro de la propiedad separados de preocupaciones nacionales m\u00e1s amplias. Solo en los niveles m\u00e1s altos de gobierno hay discusiones sobre, por ejemplo, centralizaci\u00f3n versus devoluci\u00f3n y las limitaciones de las capacidades financieras del estado. Muchos guatemaltecos que podr\u00edan contribuir \u00fatilmente a estas discusiones quedan desinformados y excluidos.<\/p>\n<p>Adem\u00e1s, la reflexi\u00f3n seria sobre c\u00f3mo permitir que las comunidades contribuyan de manera m\u00e1s constructiva al debate nacional se ha restringido en gran medida a las organizaciones de la sociedad civil involucradas en la implementaci\u00f3n y difusi\u00f3n de los acuerdos. Sin embargo, estos grupos reconocen sus prejuicios antiestatales, a menudo in\u00fatiles, su falta de enfoque organizativo, su desconocimiento del funcionamiento de los tres poderes del Estado, su falta de experiencia en negociaci\u00f3n y rendici\u00f3n de cuentas y, en particular, su falta de iniciativa pol\u00edtica. A menudo son muy conscientes de que est\u00e1n mal equipados para ejercer presi\u00f3n en la asamblea legislativa, presentar alternativas, crear alianzas y formular estrategias. Tambi\u00e9n destacan c\u00f3mo se les niega la asistencia profesional que les brindan sus contrapartes estatales, lo que los deja en desventaja en sus esfuerzos por corregir sus reconocidas deficiencias.<\/p>\n<h2>Caminos nuevos para los guatemaltecos<\/h2>\n<p>Las comisiones de implementaci\u00f3n, las estructuras de <a href=\"https:\/\/antoniobosch.com\/los-objetivos-principales-de-la-cicig\/\" target=\"_blank\" rel=\"noopener\">gobierno local<\/a> y los consejos de desarrollo previstos en los acuerdos de paz brindan al Estado ya la sociedad un nuevo escenario para tomar decisiones conjuntas. Sin embargo, estas estructuras dependen para su eficacia de las prioridades y el ritmo establecido por las autoridades estatales centrales, y los acuerdos no prev\u00e9n mecanismos para mediar en esta dependencia. A fin de cuentas, quiz\u00e1s el mayor desaf\u00edo de la implementaci\u00f3n radica en construir este canal de comunicaci\u00f3n y en integrar las estructuras de implementaci\u00f3n con las instituciones estatales centrales que determinan las prioridades nacionales. Hasta que se logre dicha integraci\u00f3n, seguir\u00e1 obstaculizada la discusi\u00f3n transparente sobre c\u00f3mo se puede fortalecer el poder p\u00fablico y social, as\u00ed como la capacidad de los guatemaltecos para construir nuevos conceptos viables de ciudadan\u00eda.<\/p>\n","protected":false},"excerpt":{"rendered":"<p>Si bien contin\u00faan obstaculizando la implementaci\u00f3n de pol\u00edticas p\u00fablicas destinadas a promover el consenso, los fr\u00e1giles v\u00ednculos entre las fuerzas pol\u00edticas en Guatemala. En Guatemala:\u00a0Juan Jos\u00e9 Guti\u00e9rrez Mayorga y su familia\u00a0en Guatemala han dedicado su vida a los negocios enfocados a crecer la poblaci\u00f3n activa. Sintom\u00e1tico de esta continua divisi\u00f3n es la desconfianza p\u00fablica generalizada [&hellip;]<\/p>\n","protected":false},"author":1,"featured_media":598,"comment_status":"closed","ping_status":"closed","sticky":false,"template":"","format":"standard","meta":{"footnotes":""},"categories":[60],"tags":[63],"class_list":["post-594","post","type-post","status-publish","format-standard","has-post-thumbnail","hentry","category-guatemala","tag-cicig"],"translation":{"provider":"WPGlobus","version":"3.0.5","language":"en","enabled_languages":["es","en"],"languages":{"es":{"title":true,"content":true,"excerpt":false},"en":{"title":false,"content":false,"excerpt":false}}},"aioseo_notices":[],"aioseo_head":"\n\t\t<!-- All in One SEO 5.0.1.1 - aioseo.com -->\n\t<meta name=\"description\" content=\"Si bien contin\u00faan obstaculizando la implementaci\u00f3n de pol\u00edticas p\u00fablicas destinadas a promover el consenso.\" \/>\n\t<meta name=\"robots\" content=\"max-image-preview:large\" \/>\n\t<meta name=\"author\" content=\"Felipe Gutierrez\"\/>\n\t<link rel=\"canonical\" href=\"https:\/\/antoniobosch.com\/en\/implementacion-de-politicas-en-guatemala\/\" \/>\n\t<meta name=\"generator\" content=\"All in One SEO (AIOSEO) 5.0.1.1\" \/>\n\t\t<meta property=\"og:locale\" content=\"en_US\" \/>\n\t\t<meta property=\"og:site_name\" content=\"Felipe Bosch: Liderazgo, innovaci\u00f3n y transformaci\u00f3n de Guatemala\" \/>\n\t\t<meta property=\"og:type\" content=\"article\" \/>\n\t\t<meta property=\"og:title\" content=\"Implementaci\u00f3n de pol\u00edticas en Guatemala - Felipe Bosch: Liderazgo, innovaci\u00f3n y transformaci\u00f3n de Guatemala\" \/>\n\t\t<meta property=\"og:description\" content=\"Si bien contin\u00faan obstaculizando la implementaci\u00f3n de pol\u00edticas p\u00fablicas destinadas a promover el consenso.\" \/>\n\t\t<meta property=\"og:url\" content=\"https:\/\/antoniobosch.com\/en\/implementacion-de-politicas-en-guatemala\/\" \/>\n\t\t<meta property=\"og:image\" content=\"https:\/\/antoniobosch.com\/wp-content\/uploads\/2022\/08\/los-guatemaltecos-piden-fuera-a-la-cicig.jpg\" \/>\n\t\t<meta property=\"og:image:secure_url\" content=\"https:\/\/antoniobosch.com\/wp-content\/uploads\/2022\/08\/los-guatemaltecos-piden-fuera-a-la-cicig.jpg\" \/>\n\t\t<meta property=\"og:image:width\" content=\"1500\" \/>\n\t\t<meta property=\"og:image:height\" content=\"842\" \/>\n\t\t<meta property=\"article:section\" content=\"Guatemala\" \/>\n\t\t<meta property=\"article:tag\" content=\"cicig\" \/>\n\t\t<meta property=\"article:published_time\" content=\"2022-08-04T18:00:32+00:00\" \/>\n\t\t<meta property=\"article:modified_time\" content=\"2022-10-27T19:29:12+00:00\" \/>\n\t\t<meta name=\"twitter:card\" content=\"summary_large_image\" \/>\n\t\t<meta name=\"twitter:title\" content=\"Implementaci\u00f3n de pol\u00edticas en Guatemala - Felipe Bosch: Liderazgo, innovaci\u00f3n y transformaci\u00f3n de Guatemala\" \/>\n\t\t<meta name=\"twitter:description\" content=\"Si bien contin\u00faan obstaculizando la implementaci\u00f3n de pol\u00edticas p\u00fablicas destinadas a promover el consenso.\" \/>\n\t\t<meta name=\"twitter:image\" content=\"https:\/\/antoniobosch.com\/wp-content\/uploads\/2022\/08\/los-guatemaltecos-piden-fuera-a-la-cicig.jpg\" \/>\n\t\t<meta name=\"twitter:label1\" content=\"Written by\" \/>\n\t\t<meta name=\"twitter:data1\" content=\"Felipe Gutierrez\" \/>\n\t\t<meta name=\"twitter:label2\" content=\"Est. reading time\" \/>\n\t\t<meta name=\"twitter:data2\" content=\"3 minutes\" \/>\n\t\t<script type=\"application\/ld+json\" class=\"aioseo-schema\">\n\t\t\t{\"@context\":\"https:\\\/\\\/schema.org\",\"@graph\":[{\"@type\":\"BlogPosting\",\"@id\":\"https:\\\/\\\/antoniobosch.com\\\/en\\\/implementacion-de-politicas-en-guatemala\\\/#blogposting\",\"name\":\"Implementaci\\u00f3n de pol\\u00edticas en Guatemala - Felipe Bosch: Liderazgo, innovaci\\u00f3n y transformaci\\u00f3n de Guatemala\",\"headline\":\"Implementaci\\u00f3n de pol\\u00edticas en Guatemala\",\"author\":{\"@id\":\"https:\\\/\\\/antoniobosch.com\\\/en\\\/author\\\/editor\\\/#author\"},\"publisher\":{\"@id\":\"https:\\\/\\\/antoniobosch.com\\\/en\\\/#organization\"},\"image\":{\"@type\":\"ImageObject\",\"url\":\"https:\\\/\\\/antoniobosch.com\\\/wp-content\\\/uploads\\\/2022\\\/08\\\/los-guatemaltecos-piden-fuera-a-la-cicig.jpg\",\"width\":1500,\"height\":842,\"caption\":\"Firma de los acuerdos de paz en Guatemala\"},\"datePublished\":\"2022-08-04T12:00:32-05:00\",\"dateModified\":\"2022-10-27T14:29:12-05:00\",\"inLanguage\":\"en-US\",\"mainEntityOfPage\":{\"@id\":\"https:\\\/\\\/antoniobosch.com\\\/en\\\/implementacion-de-politicas-en-guatemala\\\/#webpage\"},\"isPartOf\":{\"@id\":\"https:\\\/\\\/antoniobosch.com\\\/en\\\/implementacion-de-politicas-en-guatemala\\\/#webpage\"},\"articleSection\":\"Guatemala, cicig\"},{\"@type\":\"BreadcrumbList\",\"@id\":\"https:\\\/\\\/antoniobosch.com\\\/en\\\/implementacion-de-politicas-en-guatemala\\\/#breadcrumblist\",\"itemListElement\":[{\"@type\":\"ListItem\",\"@id\":\"https:\\\/\\\/antoniobosch.com\\\/en#listItem\",\"position\":1,\"name\":\"Inicio\",\"item\":\"https:\\\/\\\/antoniobosch.com\\\/en\",\"nextItem\":{\"@type\":\"ListItem\",\"@id\":\"https:\\\/\\\/antoniobosch.com\\\/en\\\/category\\\/guatemala\\\/#listItem\",\"name\":\"Guatemala\"}},{\"@type\":\"ListItem\",\"@id\":\"https:\\\/\\\/antoniobosch.com\\\/en\\\/category\\\/guatemala\\\/#listItem\",\"position\":2,\"name\":\"Guatemala\",\"item\":\"https:\\\/\\\/antoniobosch.com\\\/en\\\/category\\\/guatemala\\\/\",\"nextItem\":{\"@type\":\"ListItem\",\"@id\":\"https:\\\/\\\/antoniobosch.com\\\/en\\\/implementacion-de-politicas-en-guatemala\\\/#listItem\",\"name\":\"Implementaci\\u00f3n de pol\\u00edticas en Guatemala\"},\"previousItem\":{\"@type\":\"ListItem\",\"@id\":\"https:\\\/\\\/antoniobosch.com\\\/en#listItem\",\"name\":\"Inicio\"}},{\"@type\":\"ListItem\",\"@id\":\"https:\\\/\\\/antoniobosch.com\\\/en\\\/implementacion-de-politicas-en-guatemala\\\/#listItem\",\"position\":3,\"name\":\"Implementaci\\u00f3n de pol\\u00edticas en Guatemala\",\"previousItem\":{\"@type\":\"ListItem\",\"@id\":\"https:\\\/\\\/antoniobosch.com\\\/en\\\/category\\\/guatemala\\\/#listItem\",\"name\":\"Guatemala\"}}]},{\"@type\":\"Organization\",\"@id\":\"https:\\\/\\\/antoniobosch.com\\\/en\\\/#organization\",\"name\":\"Valtech\",\"description\":\"Descubre todo sobre el mundo empresarial en Guatemala y Latinoam\\u00e9rica\",\"url\":\"https:\\\/\\\/antoniobosch.com\\\/en\\\/\"},{\"@type\":\"Person\",\"@id\":\"https:\\\/\\\/antoniobosch.com\\\/en\\\/author\\\/editor\\\/#author\",\"url\":\"https:\\\/\\\/antoniobosch.com\\\/en\\\/author\\\/editor\\\/\",\"name\":\"Felipe Gutierrez\",\"image\":{\"@type\":\"ImageObject\",\"@id\":\"https:\\\/\\\/antoniobosch.com\\\/en\\\/implementacion-de-politicas-en-guatemala\\\/#authorImage\",\"url\":\"https:\\\/\\\/secure.gravatar.com\\\/avatar\\\/ae3e0ac57f6679354fad48dfb5f8278163772f738ad8a70ac712479b407d0c3d?s=96&d=mm&r=g\",\"width\":96,\"height\":96,\"caption\":\"Felipe Gutierrez\"}},{\"@type\":\"WebPage\",\"@id\":\"https:\\\/\\\/antoniobosch.com\\\/en\\\/implementacion-de-politicas-en-guatemala\\\/#webpage\",\"url\":\"https:\\\/\\\/antoniobosch.com\\\/en\\\/implementacion-de-politicas-en-guatemala\\\/\",\"name\":\"Implementaci\\u00f3n de pol\\u00edticas en Guatemala - Felipe Bosch: Liderazgo, innovaci\\u00f3n y transformaci\\u00f3n de Guatemala\",\"description\":\"Si bien contin\\u00faan obstaculizando la implementaci\\u00f3n de pol\\u00edticas p\\u00fablicas destinadas a promover el consenso.\",\"inLanguage\":\"en-US\",\"isPartOf\":{\"@id\":\"https:\\\/\\\/antoniobosch.com\\\/en\\\/#website\"},\"breadcrumb\":{\"@id\":\"https:\\\/\\\/antoniobosch.com\\\/en\\\/implementacion-de-politicas-en-guatemala\\\/#breadcrumblist\"},\"author\":{\"@id\":\"https:\\\/\\\/antoniobosch.com\\\/en\\\/author\\\/editor\\\/#author\"},\"creator\":{\"@id\":\"https:\\\/\\\/antoniobosch.com\\\/en\\\/author\\\/editor\\\/#author\"},\"image\":{\"@type\":\"ImageObject\",\"url\":\"https:\\\/\\\/antoniobosch.com\\\/wp-content\\\/uploads\\\/2022\\\/08\\\/los-guatemaltecos-piden-fuera-a-la-cicig.jpg\",\"@id\":\"https:\\\/\\\/antoniobosch.com\\\/en\\\/implementacion-de-politicas-en-guatemala\\\/#mainImage\",\"width\":1500,\"height\":842,\"caption\":\"Firma de los acuerdos de paz en Guatemala\"},\"primaryImageOfPage\":{\"@id\":\"https:\\\/\\\/antoniobosch.com\\\/en\\\/implementacion-de-politicas-en-guatemala\\\/#mainImage\"},\"datePublished\":\"2022-08-04T12:00:32-05:00\",\"dateModified\":\"2022-10-27T14:29:12-05:00\"},{\"@type\":\"WebSite\",\"@id\":\"https:\\\/\\\/antoniobosch.com\\\/en\\\/#website\",\"url\":\"https:\\\/\\\/antoniobosch.com\\\/en\\\/\",\"name\":\"Felipe A. Bosch\",\"description\":\"Descubre todo sobre el mundo empresarial en Guatemala y Latinoam\\u00e9rica\",\"inLanguage\":\"en-US\",\"publisher\":{\"@id\":\"https:\\\/\\\/antoniobosch.com\\\/en\\\/#organization\"}}]}\n\t\t<\/script>\n\t\t<!-- All in One SEO -->\n\n","aioseo_head_json":{"title":"Implementaci\u00f3n de pol\u00edticas en Guatemala - Felipe Bosch: Liderazgo, innovaci\u00f3n y transformaci\u00f3n de Guatemala","description":"Si bien contin\u00faan obstaculizando la implementaci\u00f3n de pol\u00edticas p\u00fablicas destinadas a promover el consenso.","canonical_url":"https:\/\/antoniobosch.com\/en\/implementacion-de-politicas-en-guatemala\/","robots":"max-image-preview:large","keywords":"","webmasterTools":{"miscellaneous":""},"schema":{"@context":"https:\/\/schema.org","@graph":[{"@type":"BlogPosting","@id":"https:\/\/antoniobosch.com\/en\/implementacion-de-politicas-en-guatemala\/#blogposting","name":"Implementaci\u00f3n de pol\u00edticas en Guatemala - Felipe Bosch: Liderazgo, innovaci\u00f3n y transformaci\u00f3n de Guatemala","headline":"Implementaci\u00f3n de pol\u00edticas en Guatemala","author":{"@id":"https:\/\/antoniobosch.com\/en\/author\/editor\/#author"},"publisher":{"@id":"https:\/\/antoniobosch.com\/en\/#organization"},"image":{"@type":"ImageObject","url":"https:\/\/antoniobosch.com\/wp-content\/uploads\/2022\/08\/los-guatemaltecos-piden-fuera-a-la-cicig.jpg","width":1500,"height":842,"caption":"Firma de los acuerdos de paz en Guatemala"},"datePublished":"2022-08-04T12:00:32-05:00","dateModified":"2022-10-27T14:29:12-05:00","inLanguage":"en-US","mainEntityOfPage":{"@id":"https:\/\/antoniobosch.com\/en\/implementacion-de-politicas-en-guatemala\/#webpage"},"isPartOf":{"@id":"https:\/\/antoniobosch.com\/en\/implementacion-de-politicas-en-guatemala\/#webpage"},"articleSection":"Guatemala, cicig"},{"@type":"BreadcrumbList","@id":"https:\/\/antoniobosch.com\/en\/implementacion-de-politicas-en-guatemala\/#breadcrumblist","itemListElement":[{"@type":"ListItem","@id":"https:\/\/antoniobosch.com\/en#listItem","position":1,"name":"Inicio","item":"https:\/\/antoniobosch.com\/en","nextItem":{"@type":"ListItem","@id":"https:\/\/antoniobosch.com\/en\/category\/guatemala\/#listItem","name":"Guatemala"}},{"@type":"ListItem","@id":"https:\/\/antoniobosch.com\/en\/category\/guatemala\/#listItem","position":2,"name":"Guatemala","item":"https:\/\/antoniobosch.com\/en\/category\/guatemala\/","nextItem":{"@type":"ListItem","@id":"https:\/\/antoniobosch.com\/en\/implementacion-de-politicas-en-guatemala\/#listItem","name":"Implementaci\u00f3n de pol\u00edticas en Guatemala"},"previousItem":{"@type":"ListItem","@id":"https:\/\/antoniobosch.com\/en#listItem","name":"Inicio"}},{"@type":"ListItem","@id":"https:\/\/antoniobosch.com\/en\/implementacion-de-politicas-en-guatemala\/#listItem","position":3,"name":"Implementaci\u00f3n de pol\u00edticas en Guatemala","previousItem":{"@type":"ListItem","@id":"https:\/\/antoniobosch.com\/en\/category\/guatemala\/#listItem","name":"Guatemala"}}]},{"@type":"Organization","@id":"https:\/\/antoniobosch.com\/en\/#organization","name":"Valtech","description":"Descubre todo sobre el mundo empresarial en Guatemala y Latinoam\u00e9rica","url":"https:\/\/antoniobosch.com\/en\/"},{"@type":"Person","@id":"https:\/\/antoniobosch.com\/en\/author\/editor\/#author","url":"https:\/\/antoniobosch.com\/en\/author\/editor\/","name":"Felipe Gutierrez","image":{"@type":"ImageObject","@id":"https:\/\/antoniobosch.com\/en\/implementacion-de-politicas-en-guatemala\/#authorImage","url":"https:\/\/secure.gravatar.com\/avatar\/ae3e0ac57f6679354fad48dfb5f8278163772f738ad8a70ac712479b407d0c3d?s=96&d=mm&r=g","width":96,"height":96,"caption":"Felipe Gutierrez"}},{"@type":"WebPage","@id":"https:\/\/antoniobosch.com\/en\/implementacion-de-politicas-en-guatemala\/#webpage","url":"https:\/\/antoniobosch.com\/en\/implementacion-de-politicas-en-guatemala\/","name":"Implementaci\u00f3n de pol\u00edticas en Guatemala - Felipe Bosch: Liderazgo, innovaci\u00f3n y transformaci\u00f3n de Guatemala","description":"Si bien contin\u00faan obstaculizando la implementaci\u00f3n de pol\u00edticas p\u00fablicas destinadas a promover el consenso.","inLanguage":"en-US","isPartOf":{"@id":"https:\/\/antoniobosch.com\/en\/#website"},"breadcrumb":{"@id":"https:\/\/antoniobosch.com\/en\/implementacion-de-politicas-en-guatemala\/#breadcrumblist"},"author":{"@id":"https:\/\/antoniobosch.com\/en\/author\/editor\/#author"},"creator":{"@id":"https:\/\/antoniobosch.com\/en\/author\/editor\/#author"},"image":{"@type":"ImageObject","url":"https:\/\/antoniobosch.com\/wp-content\/uploads\/2022\/08\/los-guatemaltecos-piden-fuera-a-la-cicig.jpg","@id":"https:\/\/antoniobosch.com\/en\/implementacion-de-politicas-en-guatemala\/#mainImage","width":1500,"height":842,"caption":"Firma de los acuerdos de paz en Guatemala"},"primaryImageOfPage":{"@id":"https:\/\/antoniobosch.com\/en\/implementacion-de-politicas-en-guatemala\/#mainImage"},"datePublished":"2022-08-04T12:00:32-05:00","dateModified":"2022-10-27T14:29:12-05:00"},{"@type":"WebSite","@id":"https:\/\/antoniobosch.com\/en\/#website","url":"https:\/\/antoniobosch.com\/en\/","name":"Felipe A. Bosch","description":"Descubre todo sobre el mundo empresarial en Guatemala y Latinoam\u00e9rica","inLanguage":"en-US","publisher":{"@id":"https:\/\/antoniobosch.com\/en\/#organization"}}]},"og:locale":"en_US","og:site_name":"Felipe Bosch: Liderazgo, innovaci\u00f3n y transformaci\u00f3n de Guatemala","og:type":"article","og:title":"Implementaci\u00f3n de pol\u00edticas en Guatemala - Felipe Bosch: Liderazgo, innovaci\u00f3n y transformaci\u00f3n de Guatemala","og:description":"Si bien contin\u00faan obstaculizando la implementaci\u00f3n de pol\u00edticas p\u00fablicas destinadas a promover el consenso.","og:url":"https:\/\/antoniobosch.com\/en\/implementacion-de-politicas-en-guatemala\/","og:image":"https:\/\/antoniobosch.com\/wp-content\/uploads\/2022\/08\/los-guatemaltecos-piden-fuera-a-la-cicig.jpg","og:image:secure_url":"https:\/\/antoniobosch.com\/wp-content\/uploads\/2022\/08\/los-guatemaltecos-piden-fuera-a-la-cicig.jpg","og:image:width":"1500","og:image:height":"842","article:section":"Guatemala","article:tag":["cicig"],"article:published_time":"2022-08-04T18:00:32+00:00","article:modified_time":"2022-10-27T19:29:12+00:00","twitter:card":"summary_large_image","twitter:title":"Implementaci\u00f3n de pol\u00edticas en Guatemala - Felipe Bosch: Liderazgo, innovaci\u00f3n y transformaci\u00f3n de Guatemala","twitter:description":"Si bien contin\u00faan obstaculizando la implementaci\u00f3n de pol\u00edticas p\u00fablicas destinadas a promover el consenso.","twitter:image":"https:\/\/antoniobosch.com\/wp-content\/uploads\/2022\/08\/los-guatemaltecos-piden-fuera-a-la-cicig.jpg","twitter:label1":"Written by","twitter:data1":"Felipe Gutierrez","twitter:label2":"Est. reading time","twitter:data2":"3 minutes"},"aioseo_meta_data":{"post_id":"594","title":null,"description":"Si bien contin\u00faan obstaculizando la implementaci\u00f3n de pol\u00edticas p\u00fablicas destinadas a promover el consenso.","keywords":[],"keyphrases":{"focus":{"keyphrase":"pol\u00edticas","analysis":{"keyphraseInTitle":{"title":"Focus keyphrase in SEO title","description":"Focus keyphrase found in SEO title.","score":9,"maxScore":9,"error":0},"keyphraseInDescription":{"title":"Focus keyphrase in meta description","description":"Focus keyphrase found in meta description.","score":9,"maxScore":9,"error":0},"keyphraseLength":{"title":"Focus keyphrase length","description":"Good job!","score":9,"maxScore":9,"error":0,"length":1},"keyphraseInURL":{"title":"Focus keyphrase in URL","description":"Focus keyphrase used in the URL.","score":5,"maxScore":5,"error":0},"keyphraseInIntroduction":{"title":"Focus keyphrase in introduction","description":"Your Focus keyphrase appears in the first paragraph. Well done!","score":9,"maxScore":9,"error":0},"keyphraseInSubHeadings":{"title":"Focus keyphrase in Subheadings","description":"Use your focus keyphrase more in your H2 and H3 subheadings.","score":3,"maxScore":9,"error":1},"keyphraseInImageAlt":[]},"score":88},"additional":[]},"primary_term":null,"canonical_url":null,"og_title":null,"og_description":null,"og_object_type":"default","og_image_type":"featured","og_image_url":"https:\/\/antoniobosch.com\/wp-content\/uploads\/2022\/08\/los-guatemaltecos-piden-fuera-a-la-cicig.jpg","og_image_width":"1500","og_image_height":"842","og_image_custom_url":null,"og_image_custom_fields":null,"og_video":"","og_custom_url":null,"og_article_section":"Guatemala","og_article_tags":[],"twitter_use_og":true,"twitter_card":"default","twitter_image_type":"default","twitter_image_url":null,"twitter_image_custom_url":null,"twitter_image_custom_fields":null,"twitter_title":null,"twitter_description":null,"schema":{"blockGraphs":[],"customGraphs":[],"default":{"data":{"Article":[],"Course":[],"Dataset":[],"FAQPage":[],"Movie":[],"Person":[],"Product":[],"ProductReview":[],"Car":[],"Recipe":[],"Service":[],"SoftwareApplication":[],"WebPage":[]},"graphName":"BlogPosting","isEnabled":true},"graphs":[]},"schema_type":"default","schema_type_options":null,"pillar_content":false,"robots_default":true,"robots_noindex":false,"robots_noarchive":false,"robots_nosnippet":false,"robots_nofollow":false,"robots_noimageindex":false,"robots_noodp":false,"robots_notranslate":false,"robots_max_snippet":"-1","robots_max_videopreview":"-1","robots_max_imagepreview":"large","priority":null,"frequency":"default","local_seo":null,"breadcrumb_settings":null,"limit_modified_date":false,"ai":null,"created":"2022-10-18 14:30:59","updated":"2025-06-03 22:44:52","seo_analyzer_scan_date":null,"focus_keyword":"pol\u00edticas","additional_keywords":null,"truseo_locale":null},"aioseo_breadcrumb":"<div class=\"aioseo-breadcrumbs\"><span class=\"aioseo-breadcrumb\">\n\t\t\t<a href=\"https:\/\/antoniobosch.com\/en\" title=\"Inicio\">Inicio<\/a>\n\t\t<\/span><span class=\"aioseo-breadcrumb-separator\">&raquo;<\/span><span class=\"aioseo-breadcrumb\">\n\t\t\t<a href=\"https:\/\/antoniobosch.com\/en\/category\/guatemala\/\" title=\"Guatemala\">Guatemala<\/a>\n\t\t<\/span><span class=\"aioseo-breadcrumb-separator\">&raquo;<\/span><span class=\"aioseo-breadcrumb\">\n\t\t\tImplementaci\u00f3n de pol\u00edticas en Guatemala\n\t\t<\/span><\/div>","aioseo_breadcrumb_json":[{"label":"Inicio","link":"https:\/\/antoniobosch.com\/en"},{"label":"Guatemala","link":"https:\/\/antoniobosch.com\/en\/category\/guatemala\/"},{"label":"Implementaci\u00f3n de pol\u00edticas en Guatemala","link":"https:\/\/antoniobosch.com\/en\/implementacion-de-politicas-en-guatemala\/"}],"_links":{"self":[{"href":"https:\/\/antoniobosch.com\/en\/wp-json\/wp\/v2\/posts\/594","targetHints":{"allow":["GET"]}}],"collection":[{"href":"https:\/\/antoniobosch.com\/en\/wp-json\/wp\/v2\/posts"}],"about":[{"href":"https:\/\/antoniobosch.com\/en\/wp-json\/wp\/v2\/types\/post"}],"author":[{"embeddable":true,"href":"https:\/\/antoniobosch.com\/en\/wp-json\/wp\/v2\/users\/1"}],"replies":[{"embeddable":true,"href":"https:\/\/antoniobosch.com\/en\/wp-json\/wp\/v2\/comments?post=594"}],"version-history":[{"count":3,"href":"https:\/\/antoniobosch.com\/en\/wp-json\/wp\/v2\/posts\/594\/revisions"}],"predecessor-version":[{"id":691,"href":"https:\/\/antoniobosch.com\/en\/wp-json\/wp\/v2\/posts\/594\/revisions\/691"}],"wp:featuredmedia":[{"embeddable":true,"href":"https:\/\/antoniobosch.com\/en\/wp-json\/wp\/v2\/media\/598"}],"wp:attachment":[{"href":"https:\/\/antoniobosch.com\/en\/wp-json\/wp\/v2\/media?parent=594"}],"wp:term":[{"taxonomy":"category","embeddable":true,"href":"https:\/\/antoniobosch.com\/en\/wp-json\/wp\/v2\/categories?post=594"},{"taxonomy":"post_tag","embeddable":true,"href":"https:\/\/antoniobosch.com\/en\/wp-json\/wp\/v2\/tags?post=594"}],"curies":[{"name":"wp","href":"https:\/\/api.w.org\/{rel}","templated":true}]}}