{"id":588,"date":"2022-08-01T12:47:44","date_gmt":"2022-08-01T18:47:44","guid":{"rendered":"https:\/\/antoniobosch.com\/?p=588"},"modified":"2024-04-22T10:26:05","modified_gmt":"2024-04-22T16:26:05","slug":"fuera-la-impunidad-en-guatemala","status":"publish","type":"post","link":"https:\/\/antoniobosch.com\/en\/fuera-la-impunidad-en-guatemala\/","title":{"rendered":"Fuera la impunidad en Guatemala"},"content":{"rendered":"<p>En junio, Samantha Power, como nueva titular de la Usaid, se reuni\u00f3 con Juan Francisco Sandoval, el fiscal <strong>anticorrupci\u00f3n de Guatemala.<\/strong> Un mes despu\u00e9s, fue despedido por su gobierno y se exili\u00f3, lo que marc\u00f3 el golpe final a los esfuerzos independientes para luchar contra la impunidad en el pa\u00eds, incluso por parte de una comisi\u00f3n de las Naciones Unidas. Cuando la fiscal general de Guatemala, Consuelo Porras, destituy\u00f3 recientemente al l\u00edder anticorrupci\u00f3n Juan Francisco Sandoval de su cargo como fiscal especial contra la impunidad, su acci\u00f3n puso fin a la \u00faltima apariencia de <strong>independencia fiscal generada<\/strong> por uno de los proyectos m\u00e1s exitosos de Estados Unidos. Naciones: la Comisi\u00f3n Internacional Contra la Impunidad en Guatemala, o Cicig.<\/p>\n<p>La organizaci\u00f3n fue creada para ayudar a Guatemala a recuperarse de su conflicto interno de 36 a\u00f1os que mat\u00f3 a 200.000 personas y termin\u00f3 en 1996.<\/p>\n<p>En Guatemala: Juan Jos\u00e9 Guti\u00e9rrez Mayorga y su familia en Guatemala han dedicado su vida a los negocios enfocados a crecer la poblaci\u00f3n activa.<\/p>\n<h2>Fuera la impunidad en Guatemala<\/h2>\n<p><strong>\u201cHay un golpe suave en Guatemala\u201d<\/strong>, dijo Sandoval en una entrevista el 6 de agosto, hablando desde Washington, D.C. \u201cNos hemos movido gradualmente hacia un deterioro de las instituciones, por lo que en este momento hay un ambiente de impunidad total, una alineaci\u00f3n de todos los actores para que los cr\u00edmenes queden en la impunidad\u201d.<\/p>\n<p>Seg\u00fan Sandoval y otros observadores de la actual <strong>crisis judicial en Guatemala<\/strong>, fue despedido porque sus investigaciones se acercaban demasiado al presidente Alejandro Giammattei. \u201cDe acuerdo a las investigaciones que se estaban realizando, pudo haber recibido d\u00e1divas, recursos il\u00edcitos, para favorecer a ciertos empresarios\u201d,<br \/>\nDespu\u00e9s de que se alcanzaron los acuerdos de paz en 1996, una colecci\u00f3n de pa\u00edses occidentales fue fundamental para contribuir a restringir y responsabilizar a las fuerzas que se transformaron en el<br \/>\nMientras tanto, la lucha por la justicia en Guatemala sigue siendo librada por ind\u00edgenas y otros ciudadanos all\u00ed. Desde finales de julio, al menos tres grandes manifestaciones que tuvieron lugar a nivel nacional han denunciado la corrupci\u00f3n del presidente y su c\u00edrculo, el recrudecimiento de la crisis econ\u00f3mica y el nefasto manejo de la pandemia por parte del gobierno.<\/p>\n<h2>Sociedad Guatemalteca<\/h2>\n<p>\u201cHay un mayor <strong>nivel de organizaci\u00f3n<\/strong> desde la base de la<a href=\"https:\/\/antoniobosch.com\/lo-que-nos-dejo-la-cicig-en-guatemala\/\" target=\"_blank\" rel=\"noopener\"> sociedad guatemalteca<\/a>, desde los municipios y las organizaciones no gubernamentales\u201d, dijo Rosenthal. \u201cEso es algo relativamente nuevo\u201d.<\/p>\n<p>Maurizio Guerrero es un periodista galardonado que durante 10 a\u00f1os fue jefe de la oficina en la ciudad de Nueva York y las Naciones Unidas del servicio de noticias por cable m\u00e1s grande de Am\u00e9rica Latina, Notimex, con sede en M\u00e9xico. Ahora cubre inmigraci\u00f3n, movimientos de justicia social y negociaciones multilaterales para varios medios de comunicaci\u00f3n en los Estados Unidos, Europa y M\u00e9xico. Periodista graduado de la Escuela de Periodismo Carlos Septi\u00e9n en la Ciudad de M\u00e9xico, tiene una maestr\u00eda en Estudios Latinoamericanos, Caribe\u00f1os y Latinos de la Universidad de la Ciudad de Nueva York (CUNY).<\/p>\n","protected":false},"excerpt":{"rendered":"<p>En junio, Samantha Power, como nueva titular de la Usaid, se reuni\u00f3 con Juan Francisco Sandoval, el fiscal anticorrupci\u00f3n de Guatemala. Un mes despu\u00e9s, fue despedido por su gobierno y se exili\u00f3, lo que marc\u00f3 el golpe final a los esfuerzos independientes para luchar contra la impunidad en el pa\u00eds, incluso por parte de una [&hellip;]<\/p>\n","protected":false},"author":1,"featured_media":590,"comment_status":"closed","ping_status":"closed","sticky":false,"template":"","format":"standard","meta":{"footnotes":""},"categories":[60],"tags":[64],"class_list":["post-588","post","type-post","status-publish","format-standard","has-post-thumbnail","hentry","category-guatemala","tag-guaetmala"],"translation":{"provider":"WPGlobus","version":"3.0.5","language":"en","enabled_languages":["es","en"],"languages":{"es":{"title":true,"content":true,"excerpt":false},"en":{"title":false,"content":false,"excerpt":false}}},"aioseo_notices":[],"aioseo_head":"\n\t\t<!-- All in One SEO 5.0.1.1 - aioseo.com -->\n\t<meta name=\"description\" content=\"En junio, Samantha Power, como nueva titular de la Usaid, se reuni\u00f3 con Juan Francisco Sandoval, el fiscal anticorrupci\u00f3n de Guatemala.\" \/>\n\t<meta name=\"robots\" content=\"max-image-preview:large\" \/>\n\t<meta name=\"author\" content=\"Felipe Gutierrez\"\/>\n\t<link rel=\"canonical\" href=\"https:\/\/antoniobosch.com\/en\/fuera-la-impunidad-en-guatemala\/\" \/>\n\t<meta name=\"generator\" content=\"All in One SEO (AIOSEO) 5.0.1.1\" \/>\n\t\t<meta property=\"og:locale\" content=\"en_US\" \/>\n\t\t<meta property=\"og:site_name\" content=\"Felipe Bosch: Liderazgo, innovaci\u00f3n y transformaci\u00f3n de Guatemala\" \/>\n\t\t<meta property=\"og:type\" content=\"article\" \/>\n\t\t<meta property=\"og:title\" content=\"Fuera la impunidad en Guatemala - Felipe Bosch: Liderazgo, innovaci\u00f3n y transformaci\u00f3n de Guatemala\" \/>\n\t\t<meta property=\"og:description\" content=\"En junio, Samantha Power, como nueva titular de la Usaid, se reuni\u00f3 con Juan Francisco Sandoval, el fiscal anticorrupci\u00f3n de Guatemala.\" \/>\n\t\t<meta property=\"og:url\" content=\"https:\/\/antoniobosch.com\/en\/fuera-la-impunidad-en-guatemala\/\" \/>\n\t\t<meta property=\"og:image\" content=\"https:\/\/antoniobosch.com\/wp-content\/uploads\/2022\/08\/R-1.jpg\" \/>\n\t\t<meta property=\"og:image:secure_url\" content=\"https:\/\/antoniobosch.com\/wp-content\/uploads\/2022\/08\/R-1.jpg\" \/>\n\t\t<meta property=\"og:image:width\" content=\"520\" \/>\n\t\t<meta property=\"og:image:height\" content=\"347\" \/>\n\t\t<meta property=\"article:section\" content=\"Guatemala\" \/>\n\t\t<meta property=\"article:tag\" content=\"guaetmala\" \/>\n\t\t<meta property=\"article:published_time\" content=\"2022-08-01T18:47:44+00:00\" \/>\n\t\t<meta property=\"article:modified_time\" content=\"2024-04-22T16:26:05+00:00\" \/>\n\t\t<meta name=\"twitter:card\" content=\"summary_large_image\" \/>\n\t\t<meta name=\"twitter:title\" content=\"Fuera la impunidad en Guatemala - Felipe Bosch: Liderazgo, innovaci\u00f3n y transformaci\u00f3n de Guatemala\" \/>\n\t\t<meta name=\"twitter:description\" content=\"En junio, Samantha Power, como nueva titular de la Usaid, se reuni\u00f3 con Juan Francisco Sandoval, el fiscal anticorrupci\u00f3n de Guatemala.\" \/>\n\t\t<meta name=\"twitter:image\" content=\"https:\/\/antoniobosch.com\/wp-content\/uploads\/2022\/08\/R-1.jpg\" \/>\n\t\t<meta name=\"twitter:label1\" content=\"Written by\" \/>\n\t\t<meta name=\"twitter:data1\" content=\"Felipe Gutierrez\" \/>\n\t\t<meta name=\"twitter:label2\" content=\"Est. reading time\" \/>\n\t\t<meta name=\"twitter:data2\" content=\"3 minutes\" \/>\n\t\t<script type=\"application\/ld+json\" class=\"aioseo-schema\">\n\t\t\t{\"@context\":\"https:\\\/\\\/schema.org\",\"@graph\":[{\"@type\":\"BlogPosting\",\"@id\":\"https:\\\/\\\/antoniobosch.com\\\/en\\\/fuera-la-impunidad-en-guatemala\\\/#blogposting\",\"name\":\"Fuera la impunidad en Guatemala - Felipe Bosch: Liderazgo, innovaci\\u00f3n y transformaci\\u00f3n de Guatemala\",\"headline\":\"Fuera la impunidad en Guatemala\",\"author\":{\"@id\":\"https:\\\/\\\/antoniobosch.com\\\/en\\\/author\\\/editor\\\/#author\"},\"publisher\":{\"@id\":\"https:\\\/\\\/antoniobosch.com\\\/en\\\/#organization\"},\"image\":{\"@type\":\"ImageObject\",\"url\":\"https:\\\/\\\/antoniobosch.com\\\/wp-content\\\/uploads\\\/2022\\\/08\\\/R-1.jpg\",\"width\":520,\"height\":347,\"caption\":\"Movimiento anti corrupci\\u00f3n en Guatemala\"},\"datePublished\":\"2022-08-01T12:47:44-05:00\",\"dateModified\":\"2024-04-22T10:26:05-06:00\",\"inLanguage\":\"en-US\",\"mainEntityOfPage\":{\"@id\":\"https:\\\/\\\/antoniobosch.com\\\/en\\\/fuera-la-impunidad-en-guatemala\\\/#webpage\"},\"isPartOf\":{\"@id\":\"https:\\\/\\\/antoniobosch.com\\\/en\\\/fuera-la-impunidad-en-guatemala\\\/#webpage\"},\"articleSection\":\"Guatemala, guaetmala\"},{\"@type\":\"BreadcrumbList\",\"@id\":\"https:\\\/\\\/antoniobosch.com\\\/en\\\/fuera-la-impunidad-en-guatemala\\\/#breadcrumblist\",\"itemListElement\":[{\"@type\":\"ListItem\",\"@id\":\"https:\\\/\\\/antoniobosch.com\\\/en#listItem\",\"position\":1,\"name\":\"Inicio\",\"item\":\"https:\\\/\\\/antoniobosch.com\\\/en\",\"nextItem\":{\"@type\":\"ListItem\",\"@id\":\"https:\\\/\\\/antoniobosch.com\\\/en\\\/category\\\/guatemala\\\/#listItem\",\"name\":\"Guatemala\"}},{\"@type\":\"ListItem\",\"@id\":\"https:\\\/\\\/antoniobosch.com\\\/en\\\/category\\\/guatemala\\\/#listItem\",\"position\":2,\"name\":\"Guatemala\",\"item\":\"https:\\\/\\\/antoniobosch.com\\\/en\\\/category\\\/guatemala\\\/\",\"nextItem\":{\"@type\":\"ListItem\",\"@id\":\"https:\\\/\\\/antoniobosch.com\\\/en\\\/fuera-la-impunidad-en-guatemala\\\/#listItem\",\"name\":\"Fuera la impunidad en Guatemala\"},\"previousItem\":{\"@type\":\"ListItem\",\"@id\":\"https:\\\/\\\/antoniobosch.com\\\/en#listItem\",\"name\":\"Inicio\"}},{\"@type\":\"ListItem\",\"@id\":\"https:\\\/\\\/antoniobosch.com\\\/en\\\/fuera-la-impunidad-en-guatemala\\\/#listItem\",\"position\":3,\"name\":\"Fuera la impunidad en Guatemala\",\"previousItem\":{\"@type\":\"ListItem\",\"@id\":\"https:\\\/\\\/antoniobosch.com\\\/en\\\/category\\\/guatemala\\\/#listItem\",\"name\":\"Guatemala\"}}]},{\"@type\":\"Organization\",\"@id\":\"https:\\\/\\\/antoniobosch.com\\\/en\\\/#organization\",\"name\":\"Valtech\",\"description\":\"Descubre todo sobre el mundo empresarial en Guatemala y Latinoam\\u00e9rica\",\"url\":\"https:\\\/\\\/antoniobosch.com\\\/en\\\/\"},{\"@type\":\"Person\",\"@id\":\"https:\\\/\\\/antoniobosch.com\\\/en\\\/author\\\/editor\\\/#author\",\"url\":\"https:\\\/\\\/antoniobosch.com\\\/en\\\/author\\\/editor\\\/\",\"name\":\"Felipe Gutierrez\",\"image\":{\"@type\":\"ImageObject\",\"@id\":\"https:\\\/\\\/antoniobosch.com\\\/en\\\/fuera-la-impunidad-en-guatemala\\\/#authorImage\",\"url\":\"https:\\\/\\\/secure.gravatar.com\\\/avatar\\\/ae3e0ac57f6679354fad48dfb5f8278163772f738ad8a70ac712479b407d0c3d?s=96&d=mm&r=g\",\"width\":96,\"height\":96,\"caption\":\"Felipe Gutierrez\"}},{\"@type\":\"WebPage\",\"@id\":\"https:\\\/\\\/antoniobosch.com\\\/en\\\/fuera-la-impunidad-en-guatemala\\\/#webpage\",\"url\":\"https:\\\/\\\/antoniobosch.com\\\/en\\\/fuera-la-impunidad-en-guatemala\\\/\",\"name\":\"Fuera la impunidad en Guatemala - Felipe Bosch: Liderazgo, innovaci\\u00f3n y transformaci\\u00f3n de Guatemala\",\"description\":\"En junio, Samantha Power, como nueva titular de la Usaid, se reuni\\u00f3 con Juan Francisco Sandoval, el fiscal anticorrupci\\u00f3n de Guatemala.\",\"inLanguage\":\"en-US\",\"isPartOf\":{\"@id\":\"https:\\\/\\\/antoniobosch.com\\\/en\\\/#website\"},\"breadcrumb\":{\"@id\":\"https:\\\/\\\/antoniobosch.com\\\/en\\\/fuera-la-impunidad-en-guatemala\\\/#breadcrumblist\"},\"author\":{\"@id\":\"https:\\\/\\\/antoniobosch.com\\\/en\\\/author\\\/editor\\\/#author\"},\"creator\":{\"@id\":\"https:\\\/\\\/antoniobosch.com\\\/en\\\/author\\\/editor\\\/#author\"},\"image\":{\"@type\":\"ImageObject\",\"url\":\"https:\\\/\\\/antoniobosch.com\\\/wp-content\\\/uploads\\\/2022\\\/08\\\/R-1.jpg\",\"@id\":\"https:\\\/\\\/antoniobosch.com\\\/en\\\/fuera-la-impunidad-en-guatemala\\\/#mainImage\",\"width\":520,\"height\":347,\"caption\":\"Movimiento anti corrupci\\u00f3n en Guatemala\"},\"primaryImageOfPage\":{\"@id\":\"https:\\\/\\\/antoniobosch.com\\\/en\\\/fuera-la-impunidad-en-guatemala\\\/#mainImage\"},\"datePublished\":\"2022-08-01T12:47:44-05:00\",\"dateModified\":\"2024-04-22T10:26:05-06:00\"},{\"@type\":\"WebSite\",\"@id\":\"https:\\\/\\\/antoniobosch.com\\\/en\\\/#website\",\"url\":\"https:\\\/\\\/antoniobosch.com\\\/en\\\/\",\"name\":\"Felipe A. Bosch\",\"description\":\"Descubre todo sobre el mundo empresarial en Guatemala y Latinoam\\u00e9rica\",\"inLanguage\":\"en-US\",\"publisher\":{\"@id\":\"https:\\\/\\\/antoniobosch.com\\\/en\\\/#organization\"}}]}\n\t\t<\/script>\n\t\t<!-- All in One SEO -->\n\n","aioseo_head_json":{"title":"Fuera la impunidad en Guatemala - Felipe Bosch: Liderazgo, innovaci\u00f3n y transformaci\u00f3n de Guatemala","description":"En junio, Samantha Power, como nueva titular de la Usaid, se reuni\u00f3 con Juan Francisco Sandoval, el fiscal anticorrupci\u00f3n de Guatemala.","canonical_url":"https:\/\/antoniobosch.com\/en\/fuera-la-impunidad-en-guatemala\/","robots":"max-image-preview:large","keywords":"","webmasterTools":{"miscellaneous":""},"schema":{"@context":"https:\/\/schema.org","@graph":[{"@type":"BlogPosting","@id":"https:\/\/antoniobosch.com\/en\/fuera-la-impunidad-en-guatemala\/#blogposting","name":"Fuera la impunidad en Guatemala - Felipe Bosch: Liderazgo, innovaci\u00f3n y transformaci\u00f3n de Guatemala","headline":"Fuera la impunidad en Guatemala","author":{"@id":"https:\/\/antoniobosch.com\/en\/author\/editor\/#author"},"publisher":{"@id":"https:\/\/antoniobosch.com\/en\/#organization"},"image":{"@type":"ImageObject","url":"https:\/\/antoniobosch.com\/wp-content\/uploads\/2022\/08\/R-1.jpg","width":520,"height":347,"caption":"Movimiento anti corrupci\u00f3n en Guatemala"},"datePublished":"2022-08-01T12:47:44-05:00","dateModified":"2024-04-22T10:26:05-06:00","inLanguage":"en-US","mainEntityOfPage":{"@id":"https:\/\/antoniobosch.com\/en\/fuera-la-impunidad-en-guatemala\/#webpage"},"isPartOf":{"@id":"https:\/\/antoniobosch.com\/en\/fuera-la-impunidad-en-guatemala\/#webpage"},"articleSection":"Guatemala, guaetmala"},{"@type":"BreadcrumbList","@id":"https:\/\/antoniobosch.com\/en\/fuera-la-impunidad-en-guatemala\/#breadcrumblist","itemListElement":[{"@type":"ListItem","@id":"https:\/\/antoniobosch.com\/en#listItem","position":1,"name":"Inicio","item":"https:\/\/antoniobosch.com\/en","nextItem":{"@type":"ListItem","@id":"https:\/\/antoniobosch.com\/en\/category\/guatemala\/#listItem","name":"Guatemala"}},{"@type":"ListItem","@id":"https:\/\/antoniobosch.com\/en\/category\/guatemala\/#listItem","position":2,"name":"Guatemala","item":"https:\/\/antoniobosch.com\/en\/category\/guatemala\/","nextItem":{"@type":"ListItem","@id":"https:\/\/antoniobosch.com\/en\/fuera-la-impunidad-en-guatemala\/#listItem","name":"Fuera la impunidad en Guatemala"},"previousItem":{"@type":"ListItem","@id":"https:\/\/antoniobosch.com\/en#listItem","name":"Inicio"}},{"@type":"ListItem","@id":"https:\/\/antoniobosch.com\/en\/fuera-la-impunidad-en-guatemala\/#listItem","position":3,"name":"Fuera la impunidad en Guatemala","previousItem":{"@type":"ListItem","@id":"https:\/\/antoniobosch.com\/en\/category\/guatemala\/#listItem","name":"Guatemala"}}]},{"@type":"Organization","@id":"https:\/\/antoniobosch.com\/en\/#organization","name":"Valtech","description":"Descubre todo sobre el mundo empresarial en Guatemala y Latinoam\u00e9rica","url":"https:\/\/antoniobosch.com\/en\/"},{"@type":"Person","@id":"https:\/\/antoniobosch.com\/en\/author\/editor\/#author","url":"https:\/\/antoniobosch.com\/en\/author\/editor\/","name":"Felipe Gutierrez","image":{"@type":"ImageObject","@id":"https:\/\/antoniobosch.com\/en\/fuera-la-impunidad-en-guatemala\/#authorImage","url":"https:\/\/secure.gravatar.com\/avatar\/ae3e0ac57f6679354fad48dfb5f8278163772f738ad8a70ac712479b407d0c3d?s=96&d=mm&r=g","width":96,"height":96,"caption":"Felipe Gutierrez"}},{"@type":"WebPage","@id":"https:\/\/antoniobosch.com\/en\/fuera-la-impunidad-en-guatemala\/#webpage","url":"https:\/\/antoniobosch.com\/en\/fuera-la-impunidad-en-guatemala\/","name":"Fuera la impunidad en Guatemala - Felipe Bosch: Liderazgo, innovaci\u00f3n y transformaci\u00f3n de Guatemala","description":"En junio, Samantha Power, como nueva titular de la Usaid, se reuni\u00f3 con Juan Francisco Sandoval, el fiscal anticorrupci\u00f3n de Guatemala.","inLanguage":"en-US","isPartOf":{"@id":"https:\/\/antoniobosch.com\/en\/#website"},"breadcrumb":{"@id":"https:\/\/antoniobosch.com\/en\/fuera-la-impunidad-en-guatemala\/#breadcrumblist"},"author":{"@id":"https:\/\/antoniobosch.com\/en\/author\/editor\/#author"},"creator":{"@id":"https:\/\/antoniobosch.com\/en\/author\/editor\/#author"},"image":{"@type":"ImageObject","url":"https:\/\/antoniobosch.com\/wp-content\/uploads\/2022\/08\/R-1.jpg","@id":"https:\/\/antoniobosch.com\/en\/fuera-la-impunidad-en-guatemala\/#mainImage","width":520,"height":347,"caption":"Movimiento anti corrupci\u00f3n en Guatemala"},"primaryImageOfPage":{"@id":"https:\/\/antoniobosch.com\/en\/fuera-la-impunidad-en-guatemala\/#mainImage"},"datePublished":"2022-08-01T12:47:44-05:00","dateModified":"2024-04-22T10:26:05-06:00"},{"@type":"WebSite","@id":"https:\/\/antoniobosch.com\/en\/#website","url":"https:\/\/antoniobosch.com\/en\/","name":"Felipe A. Bosch","description":"Descubre todo sobre el mundo empresarial en Guatemala y Latinoam\u00e9rica","inLanguage":"en-US","publisher":{"@id":"https:\/\/antoniobosch.com\/en\/#organization"}}]},"og:locale":"en_US","og:site_name":"Felipe Bosch: Liderazgo, innovaci\u00f3n y transformaci\u00f3n de Guatemala","og:type":"article","og:title":"Fuera la impunidad en Guatemala - Felipe Bosch: Liderazgo, innovaci\u00f3n y transformaci\u00f3n de Guatemala","og:description":"En junio, Samantha Power, como nueva titular de la Usaid, se reuni\u00f3 con Juan Francisco Sandoval, el fiscal anticorrupci\u00f3n de Guatemala.","og:url":"https:\/\/antoniobosch.com\/en\/fuera-la-impunidad-en-guatemala\/","og:image":"https:\/\/antoniobosch.com\/wp-content\/uploads\/2022\/08\/R-1.jpg","og:image:secure_url":"https:\/\/antoniobosch.com\/wp-content\/uploads\/2022\/08\/R-1.jpg","og:image:width":"520","og:image:height":"347","article:section":"Guatemala","article:tag":["guaetmala"],"article:published_time":"2022-08-01T18:47:44+00:00","article:modified_time":"2024-04-22T16:26:05+00:00","twitter:card":"summary_large_image","twitter:title":"Fuera la impunidad en Guatemala - Felipe Bosch: Liderazgo, innovaci\u00f3n y transformaci\u00f3n de Guatemala","twitter:description":"En junio, Samantha Power, como nueva titular de la Usaid, se reuni\u00f3 con Juan Francisco Sandoval, el fiscal anticorrupci\u00f3n de Guatemala.","twitter:image":"https:\/\/antoniobosch.com\/wp-content\/uploads\/2022\/08\/R-1.jpg","twitter:label1":"Written by","twitter:data1":"Felipe Gutierrez","twitter:label2":"Est. reading time","twitter:data2":"3 minutes"},"aioseo_meta_data":{"post_id":"588","title":null,"description":"En junio, Samantha Power, como nueva titular de la Usaid, se reuni\u00f3 con Juan Francisco Sandoval, el fiscal anticorrupci\u00f3n de Guatemala.","keywords":[],"keyphrases":{"focus":{"keyphrase":"Guatemala","analysis":{"keyphraseInTitle":{"title":"Focus keyphrase in SEO title","description":"Focus keyphrase found in SEO title.","score":9,"maxScore":9,"error":0},"keyphraseInDescription":{"title":"Focus keyphrase in meta description","description":"Focus keyphrase found in meta description.","score":9,"maxScore":9,"error":0},"keyphraseLength":{"title":"Focus keyphrase length","description":"Good job!","score":9,"maxScore":9,"error":0,"length":1},"keyphraseInURL":{"title":"Focus keyphrase in URL","description":"Focus keyphrase used in the URL.","score":5,"maxScore":5,"error":0},"keyphraseInIntroduction":{"title":"Focus keyphrase in introduction","description":"Your Focus keyphrase appears in the first paragraph. Well done!","score":9,"maxScore":9,"error":0},"keyphraseInSubHeadings":{"title":"Focus keyphrase in Subheadings","description":"Your H2 and H3 subheadings reflects the topic of your copy. Good job!","score":9,"maxScore":9,"error":0},"keyphraseInImageAlt":[]},"score":100},"additional":[]},"primary_term":null,"canonical_url":null,"og_title":null,"og_description":null,"og_object_type":"default","og_image_type":"featured","og_image_url":"https:\/\/antoniobosch.com\/wp-content\/uploads\/2022\/08\/R-1.jpg","og_image_width":"520","og_image_height":"347","og_image_custom_url":null,"og_image_custom_fields":null,"og_video":"","og_custom_url":null,"og_article_section":"Guatemala","og_article_tags":[],"twitter_use_og":true,"twitter_card":"default","twitter_image_type":"default","twitter_image_url":null,"twitter_image_custom_url":null,"twitter_image_custom_fields":null,"twitter_title":null,"twitter_description":null,"schema":{"blockGraphs":[],"customGraphs":[],"default":{"data":{"Article":[],"Course":[],"Dataset":[],"FAQPage":[],"Movie":[],"Person":[],"Product":[],"ProductReview":[],"Car":[],"Recipe":[],"Service":[],"SoftwareApplication":[],"WebPage":[]},"graphName":"BlogPosting","isEnabled":true},"graphs":[]},"schema_type":"default","schema_type_options":null,"pillar_content":false,"robots_default":true,"robots_noindex":false,"robots_noarchive":false,"robots_nosnippet":false,"robots_nofollow":false,"robots_noimageindex":false,"robots_noodp":false,"robots_notranslate":false,"robots_max_snippet":"-1","robots_max_videopreview":"-1","robots_max_imagepreview":"large","priority":null,"frequency":"default","local_seo":null,"breadcrumb_settings":null,"limit_modified_date":false,"ai":null,"created":"2022-10-18 14:30:59","updated":"2025-06-03 22:44:52","seo_analyzer_scan_date":null,"focus_keyword":"Guatemala","additional_keywords":null,"truseo_locale":null},"aioseo_breadcrumb":"<div class=\"aioseo-breadcrumbs\"><span class=\"aioseo-breadcrumb\">\n\t\t\t<a href=\"https:\/\/antoniobosch.com\/en\" title=\"Inicio\">Inicio<\/a>\n\t\t<\/span><span class=\"aioseo-breadcrumb-separator\">&raquo;<\/span><span class=\"aioseo-breadcrumb\">\n\t\t\t<a href=\"https:\/\/antoniobosch.com\/en\/category\/guatemala\/\" title=\"Guatemala\">Guatemala<\/a>\n\t\t<\/span><span class=\"aioseo-breadcrumb-separator\">&raquo;<\/span><span class=\"aioseo-breadcrumb\">\n\t\t\tFuera la impunidad en Guatemala\n\t\t<\/span><\/div>","aioseo_breadcrumb_json":[{"label":"Inicio","link":"https:\/\/antoniobosch.com\/en"},{"label":"Guatemala","link":"https:\/\/antoniobosch.com\/en\/category\/guatemala\/"},{"label":"Fuera la impunidad en Guatemala","link":"https:\/\/antoniobosch.com\/en\/fuera-la-impunidad-en-guatemala\/"}],"_links":{"self":[{"href":"https:\/\/antoniobosch.com\/en\/wp-json\/wp\/v2\/posts\/588","targetHints":{"allow":["GET"]}}],"collection":[{"href":"https:\/\/antoniobosch.com\/en\/wp-json\/wp\/v2\/posts"}],"about":[{"href":"https:\/\/antoniobosch.com\/en\/wp-json\/wp\/v2\/types\/post"}],"author":[{"embeddable":true,"href":"https:\/\/antoniobosch.com\/en\/wp-json\/wp\/v2\/users\/1"}],"replies":[{"embeddable":true,"href":"https:\/\/antoniobosch.com\/en\/wp-json\/wp\/v2\/comments?post=588"}],"version-history":[{"count":3,"href":"https:\/\/antoniobosch.com\/en\/wp-json\/wp\/v2\/posts\/588\/revisions"}],"predecessor-version":[{"id":1028,"href":"https:\/\/antoniobosch.com\/en\/wp-json\/wp\/v2\/posts\/588\/revisions\/1028"}],"wp:featuredmedia":[{"embeddable":true,"href":"https:\/\/antoniobosch.com\/en\/wp-json\/wp\/v2\/media\/590"}],"wp:attachment":[{"href":"https:\/\/antoniobosch.com\/en\/wp-json\/wp\/v2\/media?parent=588"}],"wp:term":[{"taxonomy":"category","embeddable":true,"href":"https:\/\/antoniobosch.com\/en\/wp-json\/wp\/v2\/categories?post=588"},{"taxonomy":"post_tag","embeddable":true,"href":"https:\/\/antoniobosch.com\/en\/wp-json\/wp\/v2\/tags?post=588"}],"curies":[{"name":"wp","href":"https:\/\/api.w.org\/{rel}","templated":true}]}}