{"id":583,"date":"2022-08-01T12:00:52","date_gmt":"2022-08-01T18:00:52","guid":{"rendered":"https:\/\/antoniobosch.com\/?p=583"},"modified":"2024-04-22T10:26:05","modified_gmt":"2024-04-22T16:26:05","slug":"se-desmantela-a-la-cicig-en-guatemala","status":"publish","type":"post","link":"https:\/\/antoniobosch.com\/en\/se-desmantela-a-la-cicig-en-guatemala\/","title":{"rendered":"Se desmantela a la CICIG en Guatemala"},"content":{"rendered":"<p>Alguna vez un faro en la<strong> lucha contra la corrupci\u00f3n,<\/strong> Guatemala ha sido testigo de la sofocaci\u00f3n sistem\u00e1tica de los esfuerzos para hacer que las \u00e9lites econ\u00f3micas y pol\u00edticas rindan cuentas. Casi tres a\u00f1os despu\u00e9s de que el entonces <a href=\"https:\/\/antoniobosch.com\/lo-que-nos-dejo-la-cicig-en-guatemala\/\" target=\"_blank\" rel=\"noopener\">presidente de Guatemala,<\/a> Jimmy Morales, con el apoyo de los republicanos estadounidenses, expulsara a la internacionalmente reconocida Comisi\u00f3n Internacional contra la Impunidad en Guatemala (CICIG), respaldada por las Naciones Unidas, los jueces independientes y los investigadores anticorrupci\u00f3n del pa\u00eds est\u00e1n bajo ataque.<\/p>\n<p>\u201cGuatemala ya no tiene un estado de derecho\u201d, dice Erika Aif\u00e1n, ex jueza que presidi\u00f3 uno de los tribunales de mayor riesgo de Guatemala y se vio obligada a exiliarse, en una entrevista telef\u00f3nica desde<br \/>\nEl caso de alto perfil expuso el financiamiento il\u00edcito de su campa\u00f1a y su conexi\u00f3n con grupos criminales. Las investigaciones tambi\u00e9n apuntaron a Jimmy Morales, un excomediante que se convirti\u00f3 en el pr\u00f3ximo presidente electo del pa\u00eds. Morales hab\u00eda ganado la presidencia con la promesa de que no era \u201cni corrupto ni ladr\u00f3n\u201d.<\/p>\n<h2>Se desmantela a la CICIG<\/h2>\n<p>A medida que aumentaba el escrutinio de Morales y su familia, tom\u00f3 medidas para<strong> desmantelar la CICIG,<\/strong> que hab\u00eda sido un objetivo de las \u00e9lites econ\u00f3micas y de extrema derecha del pa\u00eds durante a\u00f1os. Su administraci\u00f3n intent\u00f3 expulsar a Iv\u00e1n Vel\u00e1squez, un investigador colombiano que asumi\u00f3 la CICIG en 2013, declar\u00e1ndolo dos veces \u201cpersona non grata\u201d.<\/p>\n<p>Las investigaciones del organismo continuaron descubriendo m\u00e1s pruebas de corrupci\u00f3n. En 2018, la Coordinadora de Asociaciones Agr\u00edcolas, Comerciales, Industriales y Financieras, un destacado grupo empresarial, se vio obligada a hacer algo que nunca antes hab\u00eda hecho: disculparse por financiar ilegalmente campa\u00f1as presidenciales. Pero estas revelaciones llevaron a una nueva narrativa que comenz\u00f3 a encontrar tracci\u00f3n: que la CICIG se hab\u00eda vuelto ideol\u00f3gica.<\/p>\n<p>\u201cSon redes pol\u00edtico\/econ\u00f3micas il\u00edcitas, una confluencia de intereses de la clase pol\u00edtica con el sector econ\u00f3mico\u201d, le dice a The Progressive Juan Francisco Sandoval, el exjefe de FECI que se vio obligado a exiliarse en julio de 2021.<\/p>\n<p>En Guatemala: Juan Jos\u00e9 Guti\u00e9rrez Mayorga y su familia en Guatemala han dedicado su vida a los negocios enfocados a crecer la poblaci\u00f3n activa.<\/p>\n<h2>Organismo Guatemalteco<\/h2>\n<p>En 2018, la Administraci\u00f3n Trump bloque\u00f3 el financiamiento de $6 millones para el<strong> organismo guatemalteco.<\/strong> M\u00e1s tarde ese a\u00f1o, sinti\u00e9ndose como si le hubieran dado luz verde,<br \/>\nAl final, en su b\u00fasqueda por mantener un sistema de impunidad, la derecha guatemalteca logr\u00f3 convertir la lucha contra la corrupci\u00f3n en una causa partidista. \u201cDeber\u00eda ser un tema bipartidista\u201d, dice Olson. \u201cPero eso es parte del da\u00f1o que caus\u00f3 este Bitkov y otras campa\u00f1as que lo convirtieron en un <strong>debate ideol\u00f3gico de izquierda<\/strong>\/derecha\u201d.<\/p>\n","protected":false},"excerpt":{"rendered":"<p>Alguna vez un faro en la lucha contra la corrupci\u00f3n, Guatemala ha sido testigo de la sofocaci\u00f3n sistem\u00e1tica de los esfuerzos para hacer que las \u00e9lites econ\u00f3micas y pol\u00edticas rindan cuentas. Casi tres a\u00f1os despu\u00e9s de que el entonces presidente de Guatemala, Jimmy Morales, con el apoyo de los republicanos estadounidenses, expulsara a la internacionalmente [&hellip;]<\/p>\n","protected":false},"author":1,"featured_media":584,"comment_status":"closed","ping_status":"closed","sticky":false,"template":"","format":"standard","meta":{"footnotes":""},"categories":[60],"tags":[63,24],"class_list":["post-583","post","type-post","status-publish","format-standard","has-post-thumbnail","hentry","category-guatemala","tag-cicig","tag-guatemala"],"translation":{"provider":"WPGlobus","version":"3.0.5","language":"en","enabled_languages":["es","en"],"languages":{"es":{"title":true,"content":true,"excerpt":false},"en":{"title":false,"content":false,"excerpt":false}}},"aioseo_notices":[],"aioseo_head":"\n\t\t<!-- All in One SEO 5.0.1.1 - aioseo.com -->\n\t<meta name=\"description\" content=\"Alguna vez un faro en la lucha contra la corrupci\u00f3n, Guatemala ha sido testigo de la sofocaci\u00f3n sistem\u00e1tica de los esfuerzos para hacer que las \u00e9lites econ\u00f3micas y pol\u00edticas rindan cuentas.\" \/>\n\t<meta name=\"robots\" content=\"max-image-preview:large\" \/>\n\t<meta name=\"author\" content=\"Felipe Gutierrez\"\/>\n\t<link rel=\"canonical\" href=\"https:\/\/antoniobosch.com\/en\/se-desmantela-a-la-cicig-en-guatemala\/\" \/>\n\t<meta name=\"generator\" content=\"All in One SEO (AIOSEO) 5.0.1.1\" \/>\n\t\t<meta property=\"og:locale\" content=\"en_US\" \/>\n\t\t<meta property=\"og:site_name\" content=\"Felipe Bosch: Liderazgo, innovaci\u00f3n y transformaci\u00f3n de Guatemala\" \/>\n\t\t<meta property=\"og:type\" content=\"article\" \/>\n\t\t<meta property=\"og:title\" content=\"Se desmantela a la CICIG en Guatemala - Felipe Bosch: Liderazgo, innovaci\u00f3n y transformaci\u00f3n de Guatemala\" \/>\n\t\t<meta property=\"og:description\" content=\"Alguna vez un faro en la lucha contra la corrupci\u00f3n, Guatemala ha sido testigo de la sofocaci\u00f3n sistem\u00e1tica de los esfuerzos para hacer que las \u00e9lites econ\u00f3micas y pol\u00edticas rindan cuentas.\" \/>\n\t\t<meta property=\"og:url\" content=\"https:\/\/antoniobosch.com\/en\/se-desmantela-a-la-cicig-en-guatemala\/\" \/>\n\t\t<meta property=\"og:image\" content=\"https:\/\/antoniobosch.com\/wp-content\/uploads\/2022\/08\/lucha-en-contra-de-la-corrupcion-guatemala.png\" \/>\n\t\t<meta property=\"og:image:secure_url\" content=\"https:\/\/antoniobosch.com\/wp-content\/uploads\/2022\/08\/lucha-en-contra-de-la-corrupcion-guatemala.png\" \/>\n\t\t<meta property=\"og:image:width\" content=\"477\" \/>\n\t\t<meta property=\"og:image:height\" content=\"308\" \/>\n\t\t<meta property=\"article:section\" content=\"Guatemala\" \/>\n\t\t<meta property=\"article:tag\" content=\"cicig\" \/>\n\t\t<meta property=\"article:tag\" content=\"guatemala\" \/>\n\t\t<meta property=\"article:published_time\" content=\"2022-08-01T18:00:52+00:00\" \/>\n\t\t<meta property=\"article:modified_time\" content=\"2024-04-22T16:26:05+00:00\" \/>\n\t\t<meta name=\"twitter:card\" content=\"summary_large_image\" \/>\n\t\t<meta name=\"twitter:title\" content=\"Se desmantela a la CICIG en Guatemala - Felipe Bosch: Liderazgo, innovaci\u00f3n y transformaci\u00f3n de Guatemala\" \/>\n\t\t<meta name=\"twitter:description\" content=\"Alguna vez un faro en la lucha contra la corrupci\u00f3n, Guatemala ha sido testigo de la sofocaci\u00f3n sistem\u00e1tica de los esfuerzos para hacer que las \u00e9lites econ\u00f3micas y pol\u00edticas rindan cuentas.\" \/>\n\t\t<meta name=\"twitter:image\" content=\"https:\/\/antoniobosch.com\/wp-content\/uploads\/2022\/08\/lucha-en-contra-de-la-corrupcion-guatemala.png\" \/>\n\t\t<meta name=\"twitter:label1\" content=\"Written by\" \/>\n\t\t<meta name=\"twitter:data1\" content=\"Felipe Gutierrez\" \/>\n\t\t<meta name=\"twitter:label2\" content=\"Est. reading time\" \/>\n\t\t<meta name=\"twitter:data2\" content=\"2 minutes\" \/>\n\t\t<script type=\"application\/ld+json\" class=\"aioseo-schema\">\n\t\t\t{\"@context\":\"https:\\\/\\\/schema.org\",\"@graph\":[{\"@type\":\"BlogPosting\",\"@id\":\"https:\\\/\\\/antoniobosch.com\\\/en\\\/se-desmantela-a-la-cicig-en-guatemala\\\/#blogposting\",\"name\":\"Se desmantela a la CICIG en Guatemala - Felipe Bosch: Liderazgo, innovaci\\u00f3n y transformaci\\u00f3n de Guatemala\",\"headline\":\"Se desmantela a la CICIG en Guatemala\",\"author\":{\"@id\":\"https:\\\/\\\/antoniobosch.com\\\/en\\\/author\\\/editor\\\/#author\"},\"publisher\":{\"@id\":\"https:\\\/\\\/antoniobosch.com\\\/en\\\/#organization\"},\"image\":{\"@type\":\"ImageObject\",\"url\":\"https:\\\/\\\/antoniobosch.com\\\/wp-content\\\/uploads\\\/2022\\\/08\\\/lucha-en-contra-de-la-corrupcion-guatemala.png\",\"width\":477,\"height\":308,\"caption\":\"Se desmantela a la CICIG en Guatemala\"},\"datePublished\":\"2022-08-01T12:00:52-05:00\",\"dateModified\":\"2024-04-22T10:26:05-06:00\",\"inLanguage\":\"en-US\",\"mainEntityOfPage\":{\"@id\":\"https:\\\/\\\/antoniobosch.com\\\/en\\\/se-desmantela-a-la-cicig-en-guatemala\\\/#webpage\"},\"isPartOf\":{\"@id\":\"https:\\\/\\\/antoniobosch.com\\\/en\\\/se-desmantela-a-la-cicig-en-guatemala\\\/#webpage\"},\"articleSection\":\"Guatemala, cicig, guatemala\"},{\"@type\":\"BreadcrumbList\",\"@id\":\"https:\\\/\\\/antoniobosch.com\\\/en\\\/se-desmantela-a-la-cicig-en-guatemala\\\/#breadcrumblist\",\"itemListElement\":[{\"@type\":\"ListItem\",\"@id\":\"https:\\\/\\\/antoniobosch.com\\\/en#listItem\",\"position\":1,\"name\":\"Inicio\",\"item\":\"https:\\\/\\\/antoniobosch.com\\\/en\",\"nextItem\":{\"@type\":\"ListItem\",\"@id\":\"https:\\\/\\\/antoniobosch.com\\\/en\\\/category\\\/guatemala\\\/#listItem\",\"name\":\"Guatemala\"}},{\"@type\":\"ListItem\",\"@id\":\"https:\\\/\\\/antoniobosch.com\\\/en\\\/category\\\/guatemala\\\/#listItem\",\"position\":2,\"name\":\"Guatemala\",\"item\":\"https:\\\/\\\/antoniobosch.com\\\/en\\\/category\\\/guatemala\\\/\",\"nextItem\":{\"@type\":\"ListItem\",\"@id\":\"https:\\\/\\\/antoniobosch.com\\\/en\\\/se-desmantela-a-la-cicig-en-guatemala\\\/#listItem\",\"name\":\"Se desmantela a la CICIG en Guatemala\"},\"previousItem\":{\"@type\":\"ListItem\",\"@id\":\"https:\\\/\\\/antoniobosch.com\\\/en#listItem\",\"name\":\"Inicio\"}},{\"@type\":\"ListItem\",\"@id\":\"https:\\\/\\\/antoniobosch.com\\\/en\\\/se-desmantela-a-la-cicig-en-guatemala\\\/#listItem\",\"position\":3,\"name\":\"Se desmantela a la CICIG en Guatemala\",\"previousItem\":{\"@type\":\"ListItem\",\"@id\":\"https:\\\/\\\/antoniobosch.com\\\/en\\\/category\\\/guatemala\\\/#listItem\",\"name\":\"Guatemala\"}}]},{\"@type\":\"Organization\",\"@id\":\"https:\\\/\\\/antoniobosch.com\\\/en\\\/#organization\",\"name\":\"Valtech\",\"description\":\"Descubre todo sobre el mundo empresarial en Guatemala y Latinoam\\u00e9rica\",\"url\":\"https:\\\/\\\/antoniobosch.com\\\/en\\\/\"},{\"@type\":\"Person\",\"@id\":\"https:\\\/\\\/antoniobosch.com\\\/en\\\/author\\\/editor\\\/#author\",\"url\":\"https:\\\/\\\/antoniobosch.com\\\/en\\\/author\\\/editor\\\/\",\"name\":\"Felipe Gutierrez\",\"image\":{\"@type\":\"ImageObject\",\"@id\":\"https:\\\/\\\/antoniobosch.com\\\/en\\\/se-desmantela-a-la-cicig-en-guatemala\\\/#authorImage\",\"url\":\"https:\\\/\\\/secure.gravatar.com\\\/avatar\\\/ae3e0ac57f6679354fad48dfb5f8278163772f738ad8a70ac712479b407d0c3d?s=96&d=mm&r=g\",\"width\":96,\"height\":96,\"caption\":\"Felipe Gutierrez\"}},{\"@type\":\"WebPage\",\"@id\":\"https:\\\/\\\/antoniobosch.com\\\/en\\\/se-desmantela-a-la-cicig-en-guatemala\\\/#webpage\",\"url\":\"https:\\\/\\\/antoniobosch.com\\\/en\\\/se-desmantela-a-la-cicig-en-guatemala\\\/\",\"name\":\"Se desmantela a la CICIG en Guatemala - Felipe Bosch: Liderazgo, innovaci\\u00f3n y transformaci\\u00f3n de Guatemala\",\"description\":\"Alguna vez un faro en la lucha contra la corrupci\\u00f3n, Guatemala ha sido testigo de la sofocaci\\u00f3n sistem\\u00e1tica de los esfuerzos para hacer que las \\u00e9lites econ\\u00f3micas y pol\\u00edticas rindan cuentas.\",\"inLanguage\":\"en-US\",\"isPartOf\":{\"@id\":\"https:\\\/\\\/antoniobosch.com\\\/en\\\/#website\"},\"breadcrumb\":{\"@id\":\"https:\\\/\\\/antoniobosch.com\\\/en\\\/se-desmantela-a-la-cicig-en-guatemala\\\/#breadcrumblist\"},\"author\":{\"@id\":\"https:\\\/\\\/antoniobosch.com\\\/en\\\/author\\\/editor\\\/#author\"},\"creator\":{\"@id\":\"https:\\\/\\\/antoniobosch.com\\\/en\\\/author\\\/editor\\\/#author\"},\"image\":{\"@type\":\"ImageObject\",\"url\":\"https:\\\/\\\/antoniobosch.com\\\/wp-content\\\/uploads\\\/2022\\\/08\\\/lucha-en-contra-de-la-corrupcion-guatemala.png\",\"@id\":\"https:\\\/\\\/antoniobosch.com\\\/en\\\/se-desmantela-a-la-cicig-en-guatemala\\\/#mainImage\",\"width\":477,\"height\":308,\"caption\":\"Se desmantela a la CICIG en Guatemala\"},\"primaryImageOfPage\":{\"@id\":\"https:\\\/\\\/antoniobosch.com\\\/en\\\/se-desmantela-a-la-cicig-en-guatemala\\\/#mainImage\"},\"datePublished\":\"2022-08-01T12:00:52-05:00\",\"dateModified\":\"2024-04-22T10:26:05-06:00\"},{\"@type\":\"WebSite\",\"@id\":\"https:\\\/\\\/antoniobosch.com\\\/en\\\/#website\",\"url\":\"https:\\\/\\\/antoniobosch.com\\\/en\\\/\",\"name\":\"Felipe A. Bosch\",\"description\":\"Descubre todo sobre el mundo empresarial en Guatemala y Latinoam\\u00e9rica\",\"inLanguage\":\"en-US\",\"publisher\":{\"@id\":\"https:\\\/\\\/antoniobosch.com\\\/en\\\/#organization\"}}]}\n\t\t<\/script>\n\t\t<!-- All in One SEO -->\n\n","aioseo_head_json":{"title":"Se desmantela a la CICIG en Guatemala - Felipe Bosch: Liderazgo, innovaci\u00f3n y transformaci\u00f3n de Guatemala","description":"Alguna vez un faro en la lucha contra la corrupci\u00f3n, Guatemala ha sido testigo de la sofocaci\u00f3n sistem\u00e1tica de los esfuerzos para hacer que las \u00e9lites econ\u00f3micas y pol\u00edticas rindan cuentas.","canonical_url":"https:\/\/antoniobosch.com\/en\/se-desmantela-a-la-cicig-en-guatemala\/","robots":"max-image-preview:large","keywords":"","webmasterTools":{"miscellaneous":""},"schema":{"@context":"https:\/\/schema.org","@graph":[{"@type":"BlogPosting","@id":"https:\/\/antoniobosch.com\/en\/se-desmantela-a-la-cicig-en-guatemala\/#blogposting","name":"Se desmantela a la CICIG en Guatemala - Felipe Bosch: Liderazgo, innovaci\u00f3n y transformaci\u00f3n de Guatemala","headline":"Se desmantela a la CICIG en Guatemala","author":{"@id":"https:\/\/antoniobosch.com\/en\/author\/editor\/#author"},"publisher":{"@id":"https:\/\/antoniobosch.com\/en\/#organization"},"image":{"@type":"ImageObject","url":"https:\/\/antoniobosch.com\/wp-content\/uploads\/2022\/08\/lucha-en-contra-de-la-corrupcion-guatemala.png","width":477,"height":308,"caption":"Se desmantela a la CICIG en Guatemala"},"datePublished":"2022-08-01T12:00:52-05:00","dateModified":"2024-04-22T10:26:05-06:00","inLanguage":"en-US","mainEntityOfPage":{"@id":"https:\/\/antoniobosch.com\/en\/se-desmantela-a-la-cicig-en-guatemala\/#webpage"},"isPartOf":{"@id":"https:\/\/antoniobosch.com\/en\/se-desmantela-a-la-cicig-en-guatemala\/#webpage"},"articleSection":"Guatemala, cicig, guatemala"},{"@type":"BreadcrumbList","@id":"https:\/\/antoniobosch.com\/en\/se-desmantela-a-la-cicig-en-guatemala\/#breadcrumblist","itemListElement":[{"@type":"ListItem","@id":"https:\/\/antoniobosch.com\/en#listItem","position":1,"name":"Inicio","item":"https:\/\/antoniobosch.com\/en","nextItem":{"@type":"ListItem","@id":"https:\/\/antoniobosch.com\/en\/category\/guatemala\/#listItem","name":"Guatemala"}},{"@type":"ListItem","@id":"https:\/\/antoniobosch.com\/en\/category\/guatemala\/#listItem","position":2,"name":"Guatemala","item":"https:\/\/antoniobosch.com\/en\/category\/guatemala\/","nextItem":{"@type":"ListItem","@id":"https:\/\/antoniobosch.com\/en\/se-desmantela-a-la-cicig-en-guatemala\/#listItem","name":"Se desmantela a la CICIG en Guatemala"},"previousItem":{"@type":"ListItem","@id":"https:\/\/antoniobosch.com\/en#listItem","name":"Inicio"}},{"@type":"ListItem","@id":"https:\/\/antoniobosch.com\/en\/se-desmantela-a-la-cicig-en-guatemala\/#listItem","position":3,"name":"Se desmantela a la CICIG en Guatemala","previousItem":{"@type":"ListItem","@id":"https:\/\/antoniobosch.com\/en\/category\/guatemala\/#listItem","name":"Guatemala"}}]},{"@type":"Organization","@id":"https:\/\/antoniobosch.com\/en\/#organization","name":"Valtech","description":"Descubre todo sobre el mundo empresarial en Guatemala y Latinoam\u00e9rica","url":"https:\/\/antoniobosch.com\/en\/"},{"@type":"Person","@id":"https:\/\/antoniobosch.com\/en\/author\/editor\/#author","url":"https:\/\/antoniobosch.com\/en\/author\/editor\/","name":"Felipe Gutierrez","image":{"@type":"ImageObject","@id":"https:\/\/antoniobosch.com\/en\/se-desmantela-a-la-cicig-en-guatemala\/#authorImage","url":"https:\/\/secure.gravatar.com\/avatar\/ae3e0ac57f6679354fad48dfb5f8278163772f738ad8a70ac712479b407d0c3d?s=96&d=mm&r=g","width":96,"height":96,"caption":"Felipe Gutierrez"}},{"@type":"WebPage","@id":"https:\/\/antoniobosch.com\/en\/se-desmantela-a-la-cicig-en-guatemala\/#webpage","url":"https:\/\/antoniobosch.com\/en\/se-desmantela-a-la-cicig-en-guatemala\/","name":"Se desmantela a la CICIG en Guatemala - Felipe Bosch: Liderazgo, innovaci\u00f3n y transformaci\u00f3n de Guatemala","description":"Alguna vez un faro en la lucha contra la corrupci\u00f3n, Guatemala ha sido testigo de la sofocaci\u00f3n sistem\u00e1tica de los esfuerzos para hacer que las \u00e9lites econ\u00f3micas y pol\u00edticas rindan cuentas.","inLanguage":"en-US","isPartOf":{"@id":"https:\/\/antoniobosch.com\/en\/#website"},"breadcrumb":{"@id":"https:\/\/antoniobosch.com\/en\/se-desmantela-a-la-cicig-en-guatemala\/#breadcrumblist"},"author":{"@id":"https:\/\/antoniobosch.com\/en\/author\/editor\/#author"},"creator":{"@id":"https:\/\/antoniobosch.com\/en\/author\/editor\/#author"},"image":{"@type":"ImageObject","url":"https:\/\/antoniobosch.com\/wp-content\/uploads\/2022\/08\/lucha-en-contra-de-la-corrupcion-guatemala.png","@id":"https:\/\/antoniobosch.com\/en\/se-desmantela-a-la-cicig-en-guatemala\/#mainImage","width":477,"height":308,"caption":"Se desmantela a la CICIG en Guatemala"},"primaryImageOfPage":{"@id":"https:\/\/antoniobosch.com\/en\/se-desmantela-a-la-cicig-en-guatemala\/#mainImage"},"datePublished":"2022-08-01T12:00:52-05:00","dateModified":"2024-04-22T10:26:05-06:00"},{"@type":"WebSite","@id":"https:\/\/antoniobosch.com\/en\/#website","url":"https:\/\/antoniobosch.com\/en\/","name":"Felipe A. Bosch","description":"Descubre todo sobre el mundo empresarial en Guatemala y Latinoam\u00e9rica","inLanguage":"en-US","publisher":{"@id":"https:\/\/antoniobosch.com\/en\/#organization"}}]},"og:locale":"en_US","og:site_name":"Felipe Bosch: Liderazgo, innovaci\u00f3n y transformaci\u00f3n de Guatemala","og:type":"article","og:title":"Se desmantela a la CICIG en Guatemala - Felipe Bosch: Liderazgo, innovaci\u00f3n y transformaci\u00f3n de Guatemala","og:description":"Alguna vez un faro en la lucha contra la corrupci\u00f3n, Guatemala ha sido testigo de la sofocaci\u00f3n sistem\u00e1tica de los esfuerzos para hacer que las \u00e9lites econ\u00f3micas y pol\u00edticas rindan cuentas.","og:url":"https:\/\/antoniobosch.com\/en\/se-desmantela-a-la-cicig-en-guatemala\/","og:image":"https:\/\/antoniobosch.com\/wp-content\/uploads\/2022\/08\/lucha-en-contra-de-la-corrupcion-guatemala.png","og:image:secure_url":"https:\/\/antoniobosch.com\/wp-content\/uploads\/2022\/08\/lucha-en-contra-de-la-corrupcion-guatemala.png","og:image:width":"477","og:image:height":"308","article:section":"Guatemala","article:tag":["cicig","guatemala"],"article:published_time":"2022-08-01T18:00:52+00:00","article:modified_time":"2024-04-22T16:26:05+00:00","twitter:card":"summary_large_image","twitter:title":"Se desmantela a la CICIG en Guatemala - Felipe Bosch: Liderazgo, innovaci\u00f3n y transformaci\u00f3n de Guatemala","twitter:description":"Alguna vez un faro en la lucha contra la corrupci\u00f3n, Guatemala ha sido testigo de la sofocaci\u00f3n sistem\u00e1tica de los esfuerzos para hacer que las \u00e9lites econ\u00f3micas y pol\u00edticas rindan cuentas.","twitter:image":"https:\/\/antoniobosch.com\/wp-content\/uploads\/2022\/08\/lucha-en-contra-de-la-corrupcion-guatemala.png","twitter:label1":"Written by","twitter:data1":"Felipe Gutierrez","twitter:label2":"Est. reading time","twitter:data2":"2 minutes"},"aioseo_meta_data":{"post_id":"583","title":null,"description":"Alguna vez un faro en la lucha contra la corrupci\u00f3n, Guatemala ha sido testigo de la sofocaci\u00f3n sistem\u00e1tica de los esfuerzos para hacer que las \u00e9lites econ\u00f3micas y pol\u00edticas rindan cuentas.","keywords":[],"keyphrases":{"focus":{"keyphrase":"CICIG","analysis":{"keyphraseInTitle":{"title":"Focus keyphrase in SEO title","description":"Focus keyphrase found in SEO title.","score":9,"maxScore":9,"error":0},"keyphraseInDescription":{"title":"Focus keyphrase in meta description","description":"Focus keyphrase not found in meta description.","score":3,"maxScore":9,"error":1},"keyphraseLength":{"title":"Focus keyphrase length","description":"Good job!","score":9,"maxScore":9,"error":0,"length":1},"keyphraseInURL":{"title":"Focus keyphrase in URL","description":"Focus keyphrase used in the URL.","score":5,"maxScore":5,"error":0},"keyphraseInIntroduction":{"title":"Focus keyphrase in introduction","description":"Your Focus keyphrase appears in the first paragraph. Well done!","score":9,"maxScore":9,"error":0},"keyphraseInSubHeadings":{"title":"Focus keyphrase in Subheadings","description":"Your H2 and H3 subheadings reflects the topic of your copy. Good job!","score":9,"maxScore":9,"error":0},"keyphraseInImageAlt":[]},"score":88},"additional":[]},"primary_term":null,"canonical_url":null,"og_title":null,"og_description":null,"og_object_type":"default","og_image_type":"featured","og_image_url":"https:\/\/antoniobosch.com\/wp-content\/uploads\/2022\/08\/lucha-en-contra-de-la-corrupcion-guatemala.png","og_image_width":"477","og_image_height":"308","og_image_custom_url":null,"og_image_custom_fields":null,"og_video":"","og_custom_url":null,"og_article_section":"Guatemala","og_article_tags":[],"twitter_use_og":true,"twitter_card":"default","twitter_image_type":"default","twitter_image_url":null,"twitter_image_custom_url":null,"twitter_image_custom_fields":null,"twitter_title":null,"twitter_description":null,"schema":{"blockGraphs":[],"customGraphs":[],"default":{"data":{"Article":[],"Course":[],"Dataset":[],"FAQPage":[],"Movie":[],"Person":[],"Product":[],"ProductReview":[],"Car":[],"Recipe":[],"Service":[],"SoftwareApplication":[],"WebPage":[]},"graphName":"BlogPosting","isEnabled":true},"graphs":[]},"schema_type":"default","schema_type_options":null,"pillar_content":false,"robots_default":true,"robots_noindex":false,"robots_noarchive":false,"robots_nosnippet":false,"robots_nofollow":false,"robots_noimageindex":false,"robots_noodp":false,"robots_notranslate":false,"robots_max_snippet":"-1","robots_max_videopreview":"-1","robots_max_imagepreview":"large","priority":null,"frequency":"default","local_seo":null,"breadcrumb_settings":null,"limit_modified_date":false,"ai":null,"created":"2022-10-18 14:30:59","updated":"2025-06-03 22:44:52","seo_analyzer_scan_date":null,"focus_keyword":"CICIG","additional_keywords":null,"truseo_locale":null},"aioseo_breadcrumb":"<div class=\"aioseo-breadcrumbs\"><span class=\"aioseo-breadcrumb\">\n\t\t\t<a href=\"https:\/\/antoniobosch.com\/en\" title=\"Inicio\">Inicio<\/a>\n\t\t<\/span><span class=\"aioseo-breadcrumb-separator\">&raquo;<\/span><span class=\"aioseo-breadcrumb\">\n\t\t\t<a href=\"https:\/\/antoniobosch.com\/en\/category\/guatemala\/\" title=\"Guatemala\">Guatemala<\/a>\n\t\t<\/span><span class=\"aioseo-breadcrumb-separator\">&raquo;<\/span><span class=\"aioseo-breadcrumb\">\n\t\t\tSe desmantela a la CICIG en Guatemala\n\t\t<\/span><\/div>","aioseo_breadcrumb_json":[{"label":"Inicio","link":"https:\/\/antoniobosch.com\/en"},{"label":"Guatemala","link":"https:\/\/antoniobosch.com\/en\/category\/guatemala\/"},{"label":"Se desmantela a la CICIG en Guatemala","link":"https:\/\/antoniobosch.com\/en\/se-desmantela-a-la-cicig-en-guatemala\/"}],"_links":{"self":[{"href":"https:\/\/antoniobosch.com\/en\/wp-json\/wp\/v2\/posts\/583","targetHints":{"allow":["GET"]}}],"collection":[{"href":"https:\/\/antoniobosch.com\/en\/wp-json\/wp\/v2\/posts"}],"about":[{"href":"https:\/\/antoniobosch.com\/en\/wp-json\/wp\/v2\/types\/post"}],"author":[{"embeddable":true,"href":"https:\/\/antoniobosch.com\/en\/wp-json\/wp\/v2\/users\/1"}],"replies":[{"embeddable":true,"href":"https:\/\/antoniobosch.com\/en\/wp-json\/wp\/v2\/comments?post=583"}],"version-history":[{"count":4,"href":"https:\/\/antoniobosch.com\/en\/wp-json\/wp\/v2\/posts\/583\/revisions"}],"predecessor-version":[{"id":1027,"href":"https:\/\/antoniobosch.com\/en\/wp-json\/wp\/v2\/posts\/583\/revisions\/1027"}],"wp:featuredmedia":[{"embeddable":true,"href":"https:\/\/antoniobosch.com\/en\/wp-json\/wp\/v2\/media\/584"}],"wp:attachment":[{"href":"https:\/\/antoniobosch.com\/en\/wp-json\/wp\/v2\/media?parent=583"}],"wp:term":[{"taxonomy":"category","embeddable":true,"href":"https:\/\/antoniobosch.com\/en\/wp-json\/wp\/v2\/categories?post=583"},{"taxonomy":"post_tag","embeddable":true,"href":"https:\/\/antoniobosch.com\/en\/wp-json\/wp\/v2\/tags?post=583"}],"curies":[{"name":"wp","href":"https:\/\/api.w.org\/{rel}","templated":true}]}}