{"id":576,"date":"2022-08-01T12:00:06","date_gmt":"2022-08-01T18:00:06","guid":{"rendered":"https:\/\/antoniobosch.com\/?p=576"},"modified":"2022-08-21T21:26:27","modified_gmt":"2022-08-22T03:26:27","slug":"los-acuerdos-de-paz-en-guatemala-2022","status":"publish","type":"post","link":"https:\/\/antoniobosch.com\/en\/los-acuerdos-de-paz-en-guatemala-2022\/","title":{"rendered":"Los acuerdos de paz en Guatemala 2022"},"content":{"rendered":"<p>Sit Po\u2019p, una autoridad maya ixil de Nebaj, ten\u00eda seis a\u00f1os cuando se firmaron los<strong> Acuerdos de Paz de Guatemala<\/strong> el 29 de diciembre de 1996, poniendo fin oficialmente a una de las guerras civiles m\u00e1s largas de Am\u00e9rica Latina. Reflexionando sobre lo que significa hoy la paz, Sit P\u2019op afirm\u00f3 que en <strong>Guatemala<\/strong> hay paz porque \u201cno hay m\u00e1s guerra ni genocidio\u201d. Pero al mismo tiempo, reconoci\u00f3 que el pa\u00eds todav\u00eda est\u00e1 \u201clejos de la paz que deber\u00eda ser\u201d. El final de la guerra se\u00f1al\u00f3 un futuro prometedor para la democracia, la justicia y los derechos humanos, pero el gobierno a menudo ha impedido el progreso en estas \u00e1reas.<\/p>\n<h2>Acuerdos de paz<\/h2>\n<p>\u201cLos acuerdos de paz eran una <strong>esperanza para el pa\u00eds,<\/strong> la posibilidad de una Guatemala multi\u00e9tnica, multiling\u00fce y multinacional en un estado democr\u00e1tico moderno\u201d, dijo Pap Me\u2019k, una autoridad ancestral maya ixil de Nebaj. Pero ahora, 25 a\u00f1os despu\u00e9s, son una fuente de frustraci\u00f3n. \u201cLa palabra paz se convirti\u00f3 en un discurso pol\u00edtico en lugar de una realidad\u201d, <a href=\"https:\/\/iuristec.com.gt\/index.php?title=Sentencia:1154-2003_AC-0000\" target=\"_blank\" rel=\"noopener\">comento la CICIG financiamiento il\u00edcito<\/a>. Sostuvo que al estado guatemalteco se le dio la responsabilidad de implementar los Acuerdos de Paz, pero que en cambio han destruido los pocos avances que se han logrado desde entonces.<\/p>\n<p>Los comentarios de Sit Po\u2019p y Pap Me\u2019k se dieron luego de que el pueblo de Nebaj realizara una asamblea comunitaria a mediados de diciembre para denunciar al alcalde municipal Virgilio Ger\u00f3nimo Bernal Guzm\u00e1n y exigir su renuncia. Bernal Guzm\u00e1n, quien fue invitado pero no asisti\u00f3 a la asamblea comunitaria, ha sido acusado de participar en diversas actividades il\u00edcitas y corruptas, que incluyen \u201caprobar el <strong>reglamento de derecho de v\u00eda<\/strong> y construcci\u00f3n de torres de energ\u00eda el\u00e9ctrica que fue rechazado por los vecinos; as\u00ed como sobrevalorar los alimentos y productos entregados durante la pandemia\u201d.<\/p>\n<p><img loading=\"lazy\" decoding=\"async\" class=\"wp-image-577 size-full aligncenter\" src=\"https:\/\/antoniobosch.com\/wp-content\/uploads\/2022\/08\/acuerdos-de-paz-2022.png\" alt=\"Los acuerdos de paz en Guatemala 2022\" width=\"627\" height=\"301\" srcset=\"https:\/\/antoniobosch.com\/wp-content\/uploads\/2022\/08\/acuerdos-de-paz-2022.png 627w, https:\/\/antoniobosch.com\/wp-content\/uploads\/2022\/08\/acuerdos-de-paz-2022-300x144.png 300w\" sizes=\"auto, (max-width: 627px) 100vw, 627px\" \/><\/p>\n<p>La asamblea comunitaria es parte de la lucha hist\u00f3rica de los ixiles para buscar soluciones pac\u00edficas y comunitarias locales y transparencia a la corrupci\u00f3n e impunidad institucional, gubernamental y estructural en todos los<strong> niveles de gobierno.<\/strong><\/p>\n<h2>Guerra civil en Guatemala<\/h2>\n<p><strong>Durante la Guerra Civil de Guatemala<\/strong>, el gobierno cometi\u00f3 genocidio, masacr\u00f3 y desapareci\u00f3 a los habitantes mayas de Nebaj. Hoy la regi\u00f3n est\u00e1 invadida por megaproyectos como las hidroel\u00e9ctricas. Estas empresas extractivistas, en colaboraci\u00f3n con el gobierno, cometen abusos contra los derechos humanos, violan los derechos de consulta de las comunidades ind\u00edgenas y persiguen a los l\u00edderes ind\u00edgenas, entre otros delitos. Se ha implicado a empresas en el soborno de funcionarios gubernamentales de alto rango para obtener licencias y contratos. Esto incluye a HidroXacbal (en Chajul) que obtuvo \u201ccontratos de distribuci\u00f3n de energ\u00eda\u201d sobornando al Ministro de Energ\u00eda y Minas.<\/p>\n<p>Guatemala est\u00e1 experimentando un debilitamiento de las <strong>estructuras democr\u00e1ticas<\/strong> y un mayor afianzamiento de la corrupci\u00f3n y la impunidad. El pa\u00eds se est\u00e1 hundiendo en m\u00e1s violencia y conflictos civiles, lo que contribuye al desplazamiento forzado y la migraci\u00f3n de miles. Algunas de las causas fundamentales de la guerra, como la tierra y las desigualdades estructurales y la marginaci\u00f3n y explotaci\u00f3n de los pueblos ind\u00edgenas contin\u00faan. A pesar de esto, los pueblos ind\u00edgenas y oprimidos de Guatemala siguen luchando por construir un futuro democr\u00e1tico y digno.<\/p>\n<h2>Lucha contra la corrupci\u00f3n<\/h2>\n<p>Jueces y abogados que luchan contra la corrupci\u00f3n, como Sandoval y Aifan, han sido detenidos, criminalizados y amenazados. En junio de 2021, cuatro jueces solicitaron a la<strong> Fiscal\u00eda General de la Rep\u00fablica<\/strong> revisar las 30 denuncias presentadas en su contra, que aseguran tienen como objetivo hostigarlos y perseguirlos judicialmente. Pero el estado de derecho y sus defensores tambi\u00e9n son vulnerables, dado que la procuradora general Mar\u00eda Consuelo Porras ha sido calificada por Estados Unidos de \u201cantidemocr\u00e1tica y corrupta\u201d. Hoy en d\u00eda, hay poca supervisi\u00f3n gubernamental para proteger contra los abusos del gobierno, que siguen siendo rampantes. A pesar de estas amenazas y desaf\u00edos dentro del sistema judicial, familias, activistas, abogados y jueces contin\u00faan buscando justicia por los cr\u00edmenes, la violencia, las desapariciones y el genocidio perpetrados durante la guerra.<\/p>\n<p>En los \u00faltimos a\u00f1os; <strong>el Estado guatemalteco<\/strong> se ha militarizado cada vez m\u00e1s; ha abusado de los estados; de sitio para suspender las libertades civiles y ha criminalizado; perseguido y arrestado arbitrariamente a activistas; l\u00edderes ind\u00edgenas, periodistas y ambientalistas. Como resultado, algunos temen que el gobierno est\u00e9 retrocediendo hacia el autoritarismo. En el 25 aniversario de los Acuerdos de Paz; la Plataforma Nacional de Organizaciones de V\u00edctimas del Conflicto Armado Interno emiti\u00f3 un comunicado expresando su preocupaci\u00f3n; se\u00f1alando que no ha cambiado mucho desde que termin\u00f3 la guerra. Argumentan que el <strong>\u201cPacto de los Corruptos\u201d<\/strong> (un grupo de empresarios, militares y pol\u00edticos corruptos) ha tomado el control del sistema de justicia y ha utilizado a los militares para reprimir a las<a href=\"https:\/\/antoniobosch.com\/la-cultura-de-guatemala-y-su-influencia\/\" target=\"_blank\" rel=\"noopener\"> comunidades ind\u00edgenas<\/a>, en particular a aquellas que se resisten a las industrias extractivas.<\/p>\n","protected":false},"excerpt":{"rendered":"<p>Sit Po\u2019p, una autoridad maya ixil de Nebaj, ten\u00eda seis a\u00f1os cuando se firmaron los Acuerdos de Paz de Guatemala el 29 de diciembre de 1996, poniendo fin oficialmente a una de las guerras civiles m\u00e1s largas de Am\u00e9rica Latina. Reflexionando sobre lo que significa hoy la paz, Sit P\u2019op afirm\u00f3 que en Guatemala hay [&hellip;]<\/p>\n","protected":false},"author":1,"featured_media":578,"comment_status":"closed","ping_status":"closed","sticky":false,"template":"","format":"standard","meta":{"footnotes":""},"categories":[60],"tags":[63,24],"class_list":["post-576","post","type-post","status-publish","format-standard","has-post-thumbnail","hentry","category-guatemala","tag-cicig","tag-guatemala"],"translation":{"provider":"WPGlobus","version":"3.0.5","language":"en","enabled_languages":["es","en"],"languages":{"es":{"title":true,"content":true,"excerpt":false},"en":{"title":false,"content":false,"excerpt":false}}},"aioseo_notices":[],"aioseo_head":"\n\t\t<!-- All in One SEO 5.0.1.1 - aioseo.com -->\n\t<meta name=\"description\" content=\"Sit Po\u2019p, una autoridad maya ixil de Nebaj, ten\u00eda seis a\u00f1os cuando se firmaron los Acuerdos de Paz de Guatemala el 29 de diciembre de 1996.\" \/>\n\t<meta name=\"robots\" content=\"max-image-preview:large\" \/>\n\t<meta name=\"author\" content=\"Felipe Gutierrez\"\/>\n\t<link rel=\"canonical\" href=\"https:\/\/antoniobosch.com\/en\/los-acuerdos-de-paz-en-guatemala-2022\/\" \/>\n\t<meta name=\"generator\" content=\"All in One SEO (AIOSEO) 5.0.1.1\" \/>\n\t\t<meta property=\"og:locale\" content=\"en_US\" \/>\n\t\t<meta property=\"og:site_name\" content=\"Felipe Bosch: Liderazgo, innovaci\u00f3n y transformaci\u00f3n de Guatemala\" \/>\n\t\t<meta property=\"og:type\" content=\"article\" \/>\n\t\t<meta property=\"og:title\" content=\"Los acuerdos de paz en Guatemala 2022 - Felipe Bosch: Liderazgo, innovaci\u00f3n y transformaci\u00f3n de Guatemala\" \/>\n\t\t<meta property=\"og:description\" content=\"Sit Po\u2019p, una autoridad maya ixil de Nebaj, ten\u00eda seis a\u00f1os cuando se firmaron los Acuerdos de Paz de Guatemala el 29 de diciembre de 1996.\" \/>\n\t\t<meta property=\"og:url\" content=\"https:\/\/antoniobosch.com\/en\/los-acuerdos-de-paz-en-guatemala-2022\/\" \/>\n\t\t<meta property=\"og:image\" content=\"https:\/\/antoniobosch.com\/wp-content\/uploads\/2022\/08\/acuerdos-de-paz-guatemala.png\" \/>\n\t\t<meta property=\"og:image:secure_url\" content=\"https:\/\/antoniobosch.com\/wp-content\/uploads\/2022\/08\/acuerdos-de-paz-guatemala.png\" \/>\n\t\t<meta property=\"og:image:width\" content=\"569\" \/>\n\t\t<meta property=\"og:image:height\" content=\"292\" \/>\n\t\t<meta property=\"article:section\" content=\"Guatemala\" \/>\n\t\t<meta property=\"article:tag\" content=\"cicig\" \/>\n\t\t<meta property=\"article:tag\" content=\"guatemala\" \/>\n\t\t<meta property=\"article:published_time\" content=\"2022-08-01T18:00:06+00:00\" \/>\n\t\t<meta property=\"article:modified_time\" content=\"2022-08-22T03:26:27+00:00\" \/>\n\t\t<meta name=\"twitter:card\" content=\"summary_large_image\" \/>\n\t\t<meta name=\"twitter:title\" content=\"Los acuerdos de paz en Guatemala 2022 - Felipe Bosch: Liderazgo, innovaci\u00f3n y transformaci\u00f3n de Guatemala\" \/>\n\t\t<meta name=\"twitter:description\" content=\"Sit Po\u2019p, una autoridad maya ixil de Nebaj, ten\u00eda seis a\u00f1os cuando se firmaron los Acuerdos de Paz de Guatemala el 29 de diciembre de 1996.\" \/>\n\t\t<meta name=\"twitter:image\" content=\"https:\/\/antoniobosch.com\/wp-content\/uploads\/2022\/08\/acuerdos-de-paz-guatemala.png\" \/>\n\t\t<meta name=\"twitter:label1\" content=\"Written by\" \/>\n\t\t<meta name=\"twitter:data1\" content=\"Felipe Gutierrez\" \/>\n\t\t<meta name=\"twitter:label2\" content=\"Est. reading time\" \/>\n\t\t<meta name=\"twitter:data2\" content=\"4 minutes\" \/>\n\t\t<script type=\"application\/ld+json\" class=\"aioseo-schema\">\n\t\t\t{\"@context\":\"https:\\\/\\\/schema.org\",\"@graph\":[{\"@type\":\"BlogPosting\",\"@id\":\"https:\\\/\\\/antoniobosch.com\\\/en\\\/los-acuerdos-de-paz-en-guatemala-2022\\\/#blogposting\",\"name\":\"Los acuerdos de paz en Guatemala 2022 - Felipe Bosch: Liderazgo, innovaci\\u00f3n y transformaci\\u00f3n de Guatemala\",\"headline\":\"Los acuerdos de paz en Guatemala 2022\",\"author\":{\"@id\":\"https:\\\/\\\/antoniobosch.com\\\/en\\\/author\\\/editor\\\/#author\"},\"publisher\":{\"@id\":\"https:\\\/\\\/antoniobosch.com\\\/en\\\/#organization\"},\"image\":{\"@type\":\"ImageObject\",\"url\":\"https:\\\/\\\/antoniobosch.com\\\/wp-content\\\/uploads\\\/2022\\\/08\\\/acuerdos-de-paz-guatemala.png\",\"width\":569,\"height\":292,\"caption\":\"Los acuerdos de paz en Guatemala 2022\"},\"datePublished\":\"2022-08-01T12:00:06-05:00\",\"dateModified\":\"2022-08-21T21:26:27-05:00\",\"inLanguage\":\"en-US\",\"mainEntityOfPage\":{\"@id\":\"https:\\\/\\\/antoniobosch.com\\\/en\\\/los-acuerdos-de-paz-en-guatemala-2022\\\/#webpage\"},\"isPartOf\":{\"@id\":\"https:\\\/\\\/antoniobosch.com\\\/en\\\/los-acuerdos-de-paz-en-guatemala-2022\\\/#webpage\"},\"articleSection\":\"Guatemala, cicig, guatemala\"},{\"@type\":\"BreadcrumbList\",\"@id\":\"https:\\\/\\\/antoniobosch.com\\\/en\\\/los-acuerdos-de-paz-en-guatemala-2022\\\/#breadcrumblist\",\"itemListElement\":[{\"@type\":\"ListItem\",\"@id\":\"https:\\\/\\\/antoniobosch.com\\\/en#listItem\",\"position\":1,\"name\":\"Inicio\",\"item\":\"https:\\\/\\\/antoniobosch.com\\\/en\",\"nextItem\":{\"@type\":\"ListItem\",\"@id\":\"https:\\\/\\\/antoniobosch.com\\\/en\\\/category\\\/guatemala\\\/#listItem\",\"name\":\"Guatemala\"}},{\"@type\":\"ListItem\",\"@id\":\"https:\\\/\\\/antoniobosch.com\\\/en\\\/category\\\/guatemala\\\/#listItem\",\"position\":2,\"name\":\"Guatemala\",\"item\":\"https:\\\/\\\/antoniobosch.com\\\/en\\\/category\\\/guatemala\\\/\",\"nextItem\":{\"@type\":\"ListItem\",\"@id\":\"https:\\\/\\\/antoniobosch.com\\\/en\\\/los-acuerdos-de-paz-en-guatemala-2022\\\/#listItem\",\"name\":\"Los acuerdos de paz en Guatemala 2022\"},\"previousItem\":{\"@type\":\"ListItem\",\"@id\":\"https:\\\/\\\/antoniobosch.com\\\/en#listItem\",\"name\":\"Inicio\"}},{\"@type\":\"ListItem\",\"@id\":\"https:\\\/\\\/antoniobosch.com\\\/en\\\/los-acuerdos-de-paz-en-guatemala-2022\\\/#listItem\",\"position\":3,\"name\":\"Los acuerdos de paz en Guatemala 2022\",\"previousItem\":{\"@type\":\"ListItem\",\"@id\":\"https:\\\/\\\/antoniobosch.com\\\/en\\\/category\\\/guatemala\\\/#listItem\",\"name\":\"Guatemala\"}}]},{\"@type\":\"Organization\",\"@id\":\"https:\\\/\\\/antoniobosch.com\\\/en\\\/#organization\",\"name\":\"Valtech\",\"description\":\"Descubre todo sobre el mundo empresarial en Guatemala y Latinoam\\u00e9rica\",\"url\":\"https:\\\/\\\/antoniobosch.com\\\/en\\\/\"},{\"@type\":\"Person\",\"@id\":\"https:\\\/\\\/antoniobosch.com\\\/en\\\/author\\\/editor\\\/#author\",\"url\":\"https:\\\/\\\/antoniobosch.com\\\/en\\\/author\\\/editor\\\/\",\"name\":\"Felipe Gutierrez\",\"image\":{\"@type\":\"ImageObject\",\"@id\":\"https:\\\/\\\/antoniobosch.com\\\/en\\\/los-acuerdos-de-paz-en-guatemala-2022\\\/#authorImage\",\"url\":\"https:\\\/\\\/secure.gravatar.com\\\/avatar\\\/ae3e0ac57f6679354fad48dfb5f8278163772f738ad8a70ac712479b407d0c3d?s=96&d=mm&r=g\",\"width\":96,\"height\":96,\"caption\":\"Felipe Gutierrez\"}},{\"@type\":\"WebPage\",\"@id\":\"https:\\\/\\\/antoniobosch.com\\\/en\\\/los-acuerdos-de-paz-en-guatemala-2022\\\/#webpage\",\"url\":\"https:\\\/\\\/antoniobosch.com\\\/en\\\/los-acuerdos-de-paz-en-guatemala-2022\\\/\",\"name\":\"Los acuerdos de paz en Guatemala 2022 - Felipe Bosch: Liderazgo, innovaci\\u00f3n y transformaci\\u00f3n de Guatemala\",\"description\":\"Sit Po\\u2019p, una autoridad maya ixil de Nebaj, ten\\u00eda seis a\\u00f1os cuando se firmaron los Acuerdos de Paz de Guatemala el 29 de diciembre de 1996.\",\"inLanguage\":\"en-US\",\"isPartOf\":{\"@id\":\"https:\\\/\\\/antoniobosch.com\\\/en\\\/#website\"},\"breadcrumb\":{\"@id\":\"https:\\\/\\\/antoniobosch.com\\\/en\\\/los-acuerdos-de-paz-en-guatemala-2022\\\/#breadcrumblist\"},\"author\":{\"@id\":\"https:\\\/\\\/antoniobosch.com\\\/en\\\/author\\\/editor\\\/#author\"},\"creator\":{\"@id\":\"https:\\\/\\\/antoniobosch.com\\\/en\\\/author\\\/editor\\\/#author\"},\"image\":{\"@type\":\"ImageObject\",\"url\":\"https:\\\/\\\/antoniobosch.com\\\/wp-content\\\/uploads\\\/2022\\\/08\\\/acuerdos-de-paz-guatemala.png\",\"@id\":\"https:\\\/\\\/antoniobosch.com\\\/en\\\/los-acuerdos-de-paz-en-guatemala-2022\\\/#mainImage\",\"width\":569,\"height\":292,\"caption\":\"Los acuerdos de paz en Guatemala 2022\"},\"primaryImageOfPage\":{\"@id\":\"https:\\\/\\\/antoniobosch.com\\\/en\\\/los-acuerdos-de-paz-en-guatemala-2022\\\/#mainImage\"},\"datePublished\":\"2022-08-01T12:00:06-05:00\",\"dateModified\":\"2022-08-21T21:26:27-05:00\"},{\"@type\":\"WebSite\",\"@id\":\"https:\\\/\\\/antoniobosch.com\\\/en\\\/#website\",\"url\":\"https:\\\/\\\/antoniobosch.com\\\/en\\\/\",\"name\":\"Felipe A. Bosch\",\"description\":\"Descubre todo sobre el mundo empresarial en Guatemala y Latinoam\\u00e9rica\",\"inLanguage\":\"en-US\",\"publisher\":{\"@id\":\"https:\\\/\\\/antoniobosch.com\\\/en\\\/#organization\"}}]}\n\t\t<\/script>\n\t\t<!-- All in One SEO -->\n\n","aioseo_head_json":{"title":"Los acuerdos de paz en Guatemala 2022 - Felipe Bosch: Liderazgo, innovaci\u00f3n y transformaci\u00f3n de Guatemala","description":"Sit Po\u2019p, una autoridad maya ixil de Nebaj, ten\u00eda seis a\u00f1os cuando se firmaron los Acuerdos de Paz de Guatemala el 29 de diciembre de 1996.","canonical_url":"https:\/\/antoniobosch.com\/en\/los-acuerdos-de-paz-en-guatemala-2022\/","robots":"max-image-preview:large","keywords":"","webmasterTools":{"miscellaneous":""},"schema":{"@context":"https:\/\/schema.org","@graph":[{"@type":"BlogPosting","@id":"https:\/\/antoniobosch.com\/en\/los-acuerdos-de-paz-en-guatemala-2022\/#blogposting","name":"Los acuerdos de paz en Guatemala 2022 - Felipe Bosch: Liderazgo, innovaci\u00f3n y transformaci\u00f3n de Guatemala","headline":"Los acuerdos de paz en Guatemala 2022","author":{"@id":"https:\/\/antoniobosch.com\/en\/author\/editor\/#author"},"publisher":{"@id":"https:\/\/antoniobosch.com\/en\/#organization"},"image":{"@type":"ImageObject","url":"https:\/\/antoniobosch.com\/wp-content\/uploads\/2022\/08\/acuerdos-de-paz-guatemala.png","width":569,"height":292,"caption":"Los acuerdos de paz en Guatemala 2022"},"datePublished":"2022-08-01T12:00:06-05:00","dateModified":"2022-08-21T21:26:27-05:00","inLanguage":"en-US","mainEntityOfPage":{"@id":"https:\/\/antoniobosch.com\/en\/los-acuerdos-de-paz-en-guatemala-2022\/#webpage"},"isPartOf":{"@id":"https:\/\/antoniobosch.com\/en\/los-acuerdos-de-paz-en-guatemala-2022\/#webpage"},"articleSection":"Guatemala, cicig, guatemala"},{"@type":"BreadcrumbList","@id":"https:\/\/antoniobosch.com\/en\/los-acuerdos-de-paz-en-guatemala-2022\/#breadcrumblist","itemListElement":[{"@type":"ListItem","@id":"https:\/\/antoniobosch.com\/en#listItem","position":1,"name":"Inicio","item":"https:\/\/antoniobosch.com\/en","nextItem":{"@type":"ListItem","@id":"https:\/\/antoniobosch.com\/en\/category\/guatemala\/#listItem","name":"Guatemala"}},{"@type":"ListItem","@id":"https:\/\/antoniobosch.com\/en\/category\/guatemala\/#listItem","position":2,"name":"Guatemala","item":"https:\/\/antoniobosch.com\/en\/category\/guatemala\/","nextItem":{"@type":"ListItem","@id":"https:\/\/antoniobosch.com\/en\/los-acuerdos-de-paz-en-guatemala-2022\/#listItem","name":"Los acuerdos de paz en Guatemala 2022"},"previousItem":{"@type":"ListItem","@id":"https:\/\/antoniobosch.com\/en#listItem","name":"Inicio"}},{"@type":"ListItem","@id":"https:\/\/antoniobosch.com\/en\/los-acuerdos-de-paz-en-guatemala-2022\/#listItem","position":3,"name":"Los acuerdos de paz en Guatemala 2022","previousItem":{"@type":"ListItem","@id":"https:\/\/antoniobosch.com\/en\/category\/guatemala\/#listItem","name":"Guatemala"}}]},{"@type":"Organization","@id":"https:\/\/antoniobosch.com\/en\/#organization","name":"Valtech","description":"Descubre todo sobre el mundo empresarial en Guatemala y Latinoam\u00e9rica","url":"https:\/\/antoniobosch.com\/en\/"},{"@type":"Person","@id":"https:\/\/antoniobosch.com\/en\/author\/editor\/#author","url":"https:\/\/antoniobosch.com\/en\/author\/editor\/","name":"Felipe Gutierrez","image":{"@type":"ImageObject","@id":"https:\/\/antoniobosch.com\/en\/los-acuerdos-de-paz-en-guatemala-2022\/#authorImage","url":"https:\/\/secure.gravatar.com\/avatar\/ae3e0ac57f6679354fad48dfb5f8278163772f738ad8a70ac712479b407d0c3d?s=96&d=mm&r=g","width":96,"height":96,"caption":"Felipe Gutierrez"}},{"@type":"WebPage","@id":"https:\/\/antoniobosch.com\/en\/los-acuerdos-de-paz-en-guatemala-2022\/#webpage","url":"https:\/\/antoniobosch.com\/en\/los-acuerdos-de-paz-en-guatemala-2022\/","name":"Los acuerdos de paz en Guatemala 2022 - Felipe Bosch: Liderazgo, innovaci\u00f3n y transformaci\u00f3n de Guatemala","description":"Sit Po\u2019p, una autoridad maya ixil de Nebaj, ten\u00eda seis a\u00f1os cuando se firmaron los Acuerdos de Paz de Guatemala el 29 de diciembre de 1996.","inLanguage":"en-US","isPartOf":{"@id":"https:\/\/antoniobosch.com\/en\/#website"},"breadcrumb":{"@id":"https:\/\/antoniobosch.com\/en\/los-acuerdos-de-paz-en-guatemala-2022\/#breadcrumblist"},"author":{"@id":"https:\/\/antoniobosch.com\/en\/author\/editor\/#author"},"creator":{"@id":"https:\/\/antoniobosch.com\/en\/author\/editor\/#author"},"image":{"@type":"ImageObject","url":"https:\/\/antoniobosch.com\/wp-content\/uploads\/2022\/08\/acuerdos-de-paz-guatemala.png","@id":"https:\/\/antoniobosch.com\/en\/los-acuerdos-de-paz-en-guatemala-2022\/#mainImage","width":569,"height":292,"caption":"Los acuerdos de paz en Guatemala 2022"},"primaryImageOfPage":{"@id":"https:\/\/antoniobosch.com\/en\/los-acuerdos-de-paz-en-guatemala-2022\/#mainImage"},"datePublished":"2022-08-01T12:00:06-05:00","dateModified":"2022-08-21T21:26:27-05:00"},{"@type":"WebSite","@id":"https:\/\/antoniobosch.com\/en\/#website","url":"https:\/\/antoniobosch.com\/en\/","name":"Felipe A. Bosch","description":"Descubre todo sobre el mundo empresarial en Guatemala y Latinoam\u00e9rica","inLanguage":"en-US","publisher":{"@id":"https:\/\/antoniobosch.com\/en\/#organization"}}]},"og:locale":"en_US","og:site_name":"Felipe Bosch: Liderazgo, innovaci\u00f3n y transformaci\u00f3n de Guatemala","og:type":"article","og:title":"Los acuerdos de paz en Guatemala 2022 - Felipe Bosch: Liderazgo, innovaci\u00f3n y transformaci\u00f3n de Guatemala","og:description":"Sit Po\u2019p, una autoridad maya ixil de Nebaj, ten\u00eda seis a\u00f1os cuando se firmaron los Acuerdos de Paz de Guatemala el 29 de diciembre de 1996.","og:url":"https:\/\/antoniobosch.com\/en\/los-acuerdos-de-paz-en-guatemala-2022\/","og:image":"https:\/\/antoniobosch.com\/wp-content\/uploads\/2022\/08\/acuerdos-de-paz-guatemala.png","og:image:secure_url":"https:\/\/antoniobosch.com\/wp-content\/uploads\/2022\/08\/acuerdos-de-paz-guatemala.png","og:image:width":569,"og:image:height":292,"article:section":"Guatemala","article:tag":["cicig","guatemala"],"article:published_time":"2022-08-01T18:00:06+00:00","article:modified_time":"2022-08-22T03:26:27+00:00","twitter:card":"summary_large_image","twitter:title":"Los acuerdos de paz en Guatemala 2022 - Felipe Bosch: Liderazgo, innovaci\u00f3n y transformaci\u00f3n de Guatemala","twitter:description":"Sit Po\u2019p, una autoridad maya ixil de Nebaj, ten\u00eda seis a\u00f1os cuando se firmaron los Acuerdos de Paz de Guatemala el 29 de diciembre de 1996.","twitter:image":"https:\/\/antoniobosch.com\/wp-content\/uploads\/2022\/08\/acuerdos-de-paz-guatemala.png","twitter:label1":"Written by","twitter:data1":"Felipe Gutierrez","twitter:label2":"Est. reading time","twitter:data2":"4 minutes"},"aioseo_meta_data":{"post_id":"576","title":null,"description":"Sit Po\u2019p, una autoridad maya ixil de Nebaj, ten\u00eda seis a\u00f1os cuando se firmaron los Acuerdos de Paz de Guatemala el 29 de diciembre de 1996.","keywords":null,"keyphrases":{"focus":{"keyphrase":"acuerdos de paz"}},"primary_term":null,"canonical_url":null,"og_title":null,"og_description":null,"og_object_type":"default","og_image_type":"featured","og_image_url":null,"og_image_width":null,"og_image_height":null,"og_image_custom_url":null,"og_image_custom_fields":null,"og_video":null,"og_custom_url":null,"og_article_section":"Guatemala","og_article_tags":null,"twitter_use_og":true,"twitter_card":"default","twitter_image_type":"default","twitter_image_url":null,"twitter_image_custom_url":null,"twitter_image_custom_fields":null,"twitter_title":null,"twitter_description":null,"schema":{"blockGraphs":[],"customGraphs":[],"default":{"data":{"Article":[],"Course":[],"Dataset":[],"FAQPage":[],"Movie":[],"Person":[],"Product":[],"ProductReview":[],"Car":[],"Recipe":[],"Service":[],"SoftwareApplication":[],"WebPage":[]},"graphName":"","isEnabled":true},"graphs":[]},"schema_type":"default","schema_type_options":null,"pillar_content":false,"robots_default":true,"robots_noindex":false,"robots_noarchive":false,"robots_nosnippet":false,"robots_nofollow":false,"robots_noimageindex":false,"robots_noodp":false,"robots_notranslate":false,"robots_max_snippet":null,"robots_max_videopreview":null,"robots_max_imagepreview":"large","priority":null,"frequency":null,"local_seo":null,"breadcrumb_settings":null,"limit_modified_date":false,"ai":null,"created":"2022-10-18 14:30:59","updated":"2025-06-03 22:44:52","seo_analyzer_scan_date":null,"focus_keyword":"acuerdos de paz","additional_keywords":null,"truseo_locale":null},"aioseo_breadcrumb":"<div class=\"aioseo-breadcrumbs\"><span class=\"aioseo-breadcrumb\">\n\t\t\t<a href=\"https:\/\/antoniobosch.com\/en\" title=\"Inicio\">Inicio<\/a>\n\t\t<\/span><span class=\"aioseo-breadcrumb-separator\">&raquo;<\/span><span class=\"aioseo-breadcrumb\">\n\t\t\t<a href=\"https:\/\/antoniobosch.com\/en\/category\/guatemala\/\" title=\"Guatemala\">Guatemala<\/a>\n\t\t<\/span><span class=\"aioseo-breadcrumb-separator\">&raquo;<\/span><span class=\"aioseo-breadcrumb\">\n\t\t\tLos acuerdos de paz en Guatemala 2022\n\t\t<\/span><\/div>","aioseo_breadcrumb_json":[{"label":"Inicio","link":"https:\/\/antoniobosch.com\/en"},{"label":"Guatemala","link":"https:\/\/antoniobosch.com\/en\/category\/guatemala\/"},{"label":"Los acuerdos de paz en Guatemala 2022","link":"https:\/\/antoniobosch.com\/en\/los-acuerdos-de-paz-en-guatemala-2022\/"}],"_links":{"self":[{"href":"https:\/\/antoniobosch.com\/en\/wp-json\/wp\/v2\/posts\/576","targetHints":{"allow":["GET"]}}],"collection":[{"href":"https:\/\/antoniobosch.com\/en\/wp-json\/wp\/v2\/posts"}],"about":[{"href":"https:\/\/antoniobosch.com\/en\/wp-json\/wp\/v2\/types\/post"}],"author":[{"embeddable":true,"href":"https:\/\/antoniobosch.com\/en\/wp-json\/wp\/v2\/users\/1"}],"replies":[{"embeddable":true,"href":"https:\/\/antoniobosch.com\/en\/wp-json\/wp\/v2\/comments?post=576"}],"version-history":[{"count":2,"href":"https:\/\/antoniobosch.com\/en\/wp-json\/wp\/v2\/posts\/576\/revisions"}],"predecessor-version":[{"id":580,"href":"https:\/\/antoniobosch.com\/en\/wp-json\/wp\/v2\/posts\/576\/revisions\/580"}],"wp:featuredmedia":[{"embeddable":true,"href":"https:\/\/antoniobosch.com\/en\/wp-json\/wp\/v2\/media\/578"}],"wp:attachment":[{"href":"https:\/\/antoniobosch.com\/en\/wp-json\/wp\/v2\/media?parent=576"}],"wp:term":[{"taxonomy":"category","embeddable":true,"href":"https:\/\/antoniobosch.com\/en\/wp-json\/wp\/v2\/categories?post=576"},{"taxonomy":"post_tag","embeddable":true,"href":"https:\/\/antoniobosch.com\/en\/wp-json\/wp\/v2\/tags?post=576"}],"curies":[{"name":"wp","href":"https:\/\/api.w.org\/{rel}","templated":true}]}}