{"id":136,"date":"2020-06-25T17:36:20","date_gmt":"2020-06-25T23:36:20","guid":{"rendered":"https:\/\/antoniobosch.com\/?p=136"},"modified":"2024-04-22T10:26:04","modified_gmt":"2024-04-22T16:26:04","slug":"los-aviones-de-la-familia-boeing-7j7","status":"publish","type":"post","link":"https:\/\/antoniobosch.com\/en\/los-aviones-de-la-familia-boeing-7j7\/","title":{"rendered":"12 Boeing 7j7 family aircraft"},"content":{"rendered":"<p>In the history of aviation in Guatemala there are references both in piloting and in the manufacture of aircraft, so here we collect some pictures where you can see that the family of pilots in Guatemala has the best.<\/p>\n<p>Watch this video of how an airplane takes off:<\/p>\n<p><iframe loading=\"lazy\" title=\"C\u00f3mo realiza la maniobra de despegue de un avi\u00f3n\" width=\"640\" height=\"480\" src=\"https:\/\/www.youtube.com\/embed\/R4gTYYbl9HE?feature=oembed\" frameborder=\"0\" allow=\"accelerometer; autoplay; clipboard-write; encrypted-media; gyroscope; picture-in-picture; web-share\" referrerpolicy=\"strict-origin-when-cross-origin\" allowfullscreen><\/iframe><\/p>\n<h2>Aircraft Gallery | The best models<\/h2>\n<p>.<br \/>\nIn these airplanes and <a href=\"https:\/\/es.wikipedia.org\/wiki\/Avi%C3%B3n\">airplanes<\/a> have traveled from soccer stars, singers, politicians, businessmen like the Bosch and many more people.<\/p>\n<p>More news about the author here.<\/p>\n<p>&nbsp;<\/p>\n<div id='gallery-1' class='gallery galleryid-136 gallery-columns-2 gallery-size-medium'><figure class='gallery-item'>\n\t\t\t<div class='gallery-icon landscape'>\n\t\t\t\t<a href='https:\/\/antoniobosch.com\/en\/los-aviones-de-la-familia-boeing-7j7\/image_20200826_013104\/'><img loading=\"lazy\" decoding=\"async\" width=\"300\" height=\"281\" src=\"https:\/\/antoniobosch.com\/wp-content\/uploads\/2020\/08\/image_20200826_013104-300x281.jpg\" class=\"attachment-medium size-medium\" alt=\"espejo de un avi\u00f3n a punto de despegar\" aria-describedby=\"gallery-1-137\" srcset=\"https:\/\/antoniobosch.com\/wp-content\/uploads\/2020\/08\/image_20200826_013104-300x281.jpg 300w, https:\/\/antoniobosch.com\/wp-content\/uploads\/2020\/08\/image_20200826_013104-1024x960.jpg 1024w, https:\/\/antoniobosch.com\/wp-content\/uploads\/2020\/08\/image_20200826_013104-768x720.jpg 768w, https:\/\/antoniobosch.com\/wp-content\/uploads\/2020\/08\/image_20200826_013104-150x141.jpg 150w, https:\/\/antoniobosch.com\/wp-content\/uploads\/2020\/08\/image_20200826_013104.jpg 1200w\" sizes=\"auto, (max-width: 300px) 100vw, 300px\" \/><\/a>\n\t\t\t<\/div>\n\t\t\t\t<figcaption class='wp-caption-text gallery-caption' id='gallery-1-137'>\n\t\t\t\tEn Antigua justo antes de partir a un viaje de negocios\n\t\t\t\t<\/figcaption><\/figure><figure class='gallery-item'>\n\t\t\t<div class='gallery-icon landscape'>\n\t\t\t\t<a href='https:\/\/antoniobosch.com\/en\/los-aviones-de-la-familia-boeing-7j7\/image_20200826_013107\/'><img loading=\"lazy\" decoding=\"async\" width=\"300\" height=\"300\" src=\"https:\/\/antoniobosch.com\/wp-content\/uploads\/2020\/08\/image_20200826_013107-300x300.jpg\" class=\"attachment-medium size-medium\" alt=\"pista de despegue de aviones\" aria-describedby=\"gallery-1-138\" srcset=\"https:\/\/antoniobosch.com\/wp-content\/uploads\/2020\/08\/image_20200826_013107-300x300.jpg 300w, https:\/\/antoniobosch.com\/wp-content\/uploads\/2020\/08\/image_20200826_013107-150x150.jpg 150w, https:\/\/antoniobosch.com\/wp-content\/uploads\/2020\/08\/image_20200826_013107-96x96.jpg 96w, https:\/\/antoniobosch.com\/wp-content\/uploads\/2020\/08\/image_20200826_013107.jpg 612w\" sizes=\"auto, (max-width: 300px) 100vw, 300px\" \/><\/a>\n\t\t\t<\/div>\n\t\t\t\t<figcaption class='wp-caption-text gallery-caption' id='gallery-1-138'>\n\t\t\t\t\u00bfSab\u00edan que CMI tiene d\u00e9cadas de experiencia en negocios?, aqu\u00ed una foto de los vuelos de mi aburlo\n\t\t\t\t<\/figcaption><\/figure><figure class='gallery-item'>\n\t\t\t<div class='gallery-icon portrait'>\n\t\t\t\t<a href='https:\/\/antoniobosch.com\/en\/los-aviones-de-la-familia-boeing-7j7\/image_20200826_013159\/'><img loading=\"lazy\" decoding=\"async\" width=\"247\" height=\"300\" src=\"https:\/\/antoniobosch.com\/wp-content\/uploads\/2020\/08\/image_20200826_013159-247x300.jpg\" class=\"attachment-medium size-medium\" alt=\"helic\u00f3ptero cargando un barco\" aria-describedby=\"gallery-1-139\" srcset=\"https:\/\/antoniobosch.com\/wp-content\/uploads\/2020\/08\/image_20200826_013159-247x300.jpg 247w, https:\/\/antoniobosch.com\/wp-content\/uploads\/2020\/08\/image_20200826_013159-843x1024.jpg 843w, https:\/\/antoniobosch.com\/wp-content\/uploads\/2020\/08\/image_20200826_013159-768x933.jpg 768w, https:\/\/antoniobosch.com\/wp-content\/uploads\/2020\/08\/image_20200826_013159-1264x1536.jpg 1264w, https:\/\/antoniobosch.com\/wp-content\/uploads\/2020\/08\/image_20200826_013159-1685x2048.jpg 1685w, https:\/\/antoniobosch.com\/wp-content\/uploads\/2020\/08\/image_20200826_013159-150x182.jpg 150w, https:\/\/antoniobosch.com\/wp-content\/uploads\/2020\/08\/image_20200826_013159.jpg 1920w\" sizes=\"auto, (max-width: 247px) 100vw, 247px\" \/><\/a>\n\t\t\t<\/div>\n\t\t\t\t<figcaption class='wp-caption-text gallery-caption' id='gallery-1-139'>\n\t\t\t\tNo todo son aviones, tambi\u00e9n helic\u00f3pteros, es emocionante,. \n\t\t\t\t<\/figcaption><\/figure><figure class='gallery-item'>\n\t\t\t<div class='gallery-icon portrait'>\n\t\t\t\t<a href='https:\/\/antoniobosch.com\/en\/los-aviones-de-la-familia-boeing-7j7\/image_20200826_013244\/'><img loading=\"lazy\" decoding=\"async\" width=\"295\" height=\"300\" src=\"https:\/\/antoniobosch.com\/wp-content\/uploads\/2020\/08\/image_20200826_013244-295x300.jpg\" class=\"attachment-medium size-medium\" alt=\"tren amarillo saliendo de un aeropuerto\" aria-describedby=\"gallery-1-140\" srcset=\"https:\/\/antoniobosch.com\/wp-content\/uploads\/2020\/08\/image_20200826_013244-295x300.jpg 295w, https:\/\/antoniobosch.com\/wp-content\/uploads\/2020\/08\/image_20200826_013244-1007x1024.jpg 1007w, https:\/\/antoniobosch.com\/wp-content\/uploads\/2020\/08\/image_20200826_013244-768x781.jpg 768w, https:\/\/antoniobosch.com\/wp-content\/uploads\/2020\/08\/image_20200826_013244-150x153.jpg 150w, https:\/\/antoniobosch.com\/wp-content\/uploads\/2020\/08\/image_20200826_013244.jpg 1200w\" sizes=\"auto, (max-width: 295px) 100vw, 295px\" \/><\/a>\n\t\t\t<\/div>\n\t\t\t\t<figcaption class='wp-caption-text gallery-caption' id='gallery-1-140'>\n\t\t\t\tEn Jap\u00f3n, abordas justo a un costado de la estaci\u00f3n de trenes, toda una experiencia\n\t\t\t\t<\/figcaption><\/figure><figure class='gallery-item'>\n\t\t\t<div class='gallery-icon portrait'>\n\t\t\t\t<a href='https:\/\/antoniobosch.com\/en\/los-aviones-de-la-familia-boeing-7j7\/image_20200826_013245\/'><img loading=\"lazy\" decoding=\"async\" width=\"262\" height=\"300\" src=\"https:\/\/antoniobosch.com\/wp-content\/uploads\/2020\/08\/image_20200826_013245-262x300.jpg\" class=\"attachment-medium size-medium\" alt=\"vista aerea del aereopuerto de ciudad de m\u00e9xico\" aria-describedby=\"gallery-1-141\" srcset=\"https:\/\/antoniobosch.com\/wp-content\/uploads\/2020\/08\/image_20200826_013245-262x300.jpg 262w, https:\/\/antoniobosch.com\/wp-content\/uploads\/2020\/08\/image_20200826_013245-895x1024.jpg 895w, https:\/\/antoniobosch.com\/wp-content\/uploads\/2020\/08\/image_20200826_013245-768x879.jpg 768w, https:\/\/antoniobosch.com\/wp-content\/uploads\/2020\/08\/image_20200826_013245-150x172.jpg 150w, https:\/\/antoniobosch.com\/wp-content\/uploads\/2020\/08\/image_20200826_013245.jpg 1200w\" sizes=\"auto, (max-width: 262px) 100vw, 262px\" \/><\/a>\n\t\t\t<\/div>\n\t\t\t\t<figcaption class='wp-caption-text gallery-caption' id='gallery-1-141'>\n\t\t\t\tAs\u00ed se ve uno de los aeropuertos m\u00e1s grandes de Am\u00e9rica Latina. \n\t\t\t\t<\/figcaption><\/figure><figure class='gallery-item'>\n\t\t\t<div class='gallery-icon landscape'>\n\t\t\t\t<a href='https:\/\/antoniobosch.com\/en\/los-aviones-de-la-familia-boeing-7j7\/image_20200826_013303\/'><img loading=\"lazy\" decoding=\"async\" width=\"300\" height=\"300\" src=\"https:\/\/antoniobosch.com\/wp-content\/uploads\/2020\/08\/image_20200826_013303-300x300.jpg\" class=\"attachment-medium size-medium\" alt=\"vista aerea del aeropuerto de guatemala\" aria-describedby=\"gallery-1-142\" srcset=\"https:\/\/antoniobosch.com\/wp-content\/uploads\/2020\/08\/image_20200826_013303-300x300.jpg 300w, https:\/\/antoniobosch.com\/wp-content\/uploads\/2020\/08\/image_20200826_013303-1024x1024.jpg 1024w, https:\/\/antoniobosch.com\/wp-content\/uploads\/2020\/08\/image_20200826_013303-150x150.jpg 150w, https:\/\/antoniobosch.com\/wp-content\/uploads\/2020\/08\/image_20200826_013303-768x768.jpg 768w, https:\/\/antoniobosch.com\/wp-content\/uploads\/2020\/08\/image_20200826_013303-640x640.jpg 640w, https:\/\/antoniobosch.com\/wp-content\/uploads\/2020\/08\/image_20200826_013303-96x96.jpg 96w, https:\/\/antoniobosch.com\/wp-content\/uploads\/2020\/08\/image_20200826_013303.jpg 1200w\" sizes=\"auto, (max-width: 300px) 100vw, 300px\" \/><\/a>\n\t\t\t<\/div>\n\t\t\t\t<figcaption class='wp-caption-text gallery-caption' id='gallery-1-142'>\n\t\t\t\tUna vista de las pistas de aterrizaje en mi primer vuelo en avi\u00f3n a Colombia\n\t\t\t\t<\/figcaption><\/figure><figure class='gallery-item'>\n\t\t\t<div class='gallery-icon portrait'>\n\t\t\t\t<a href='https:\/\/antoniobosch.com\/en\/los-aviones-de-la-familia-boeing-7j7\/image_20200826_013323_2\/'><img loading=\"lazy\" decoding=\"async\" width=\"286\" height=\"300\" src=\"https:\/\/antoniobosch.com\/wp-content\/uploads\/2020\/08\/image_20200826_013323_2-286x300.jpg\" class=\"attachment-medium size-medium\" alt=\"Aeropuerto internacional de guatemala visto desde arriba\" aria-describedby=\"gallery-1-143\" srcset=\"https:\/\/antoniobosch.com\/wp-content\/uploads\/2020\/08\/image_20200826_013323_2-286x300.jpg 286w, https:\/\/antoniobosch.com\/wp-content\/uploads\/2020\/08\/image_20200826_013323_2-150x157.jpg 150w, https:\/\/antoniobosch.com\/wp-content\/uploads\/2020\/08\/image_20200826_013323_2.jpg 538w\" sizes=\"auto, (max-width: 286px) 100vw, 286px\" \/><\/a>\n\t\t\t<\/div>\n\t\t\t\t<figcaption class='wp-caption-text gallery-caption' id='gallery-1-143'>\n\t\t\t\tEn las zonas a nivel del mar debes de ser muy h\u00e1bil para aterrizar. \n\t\t\t\t<\/figcaption><\/figure><figure class='gallery-item'>\n\t\t\t<div class='gallery-icon portrait'>\n\t\t\t\t<a href='https:\/\/antoniobosch.com\/en\/los-aviones-de-la-familia-boeing-7j7\/image_20200826_013346\/'><img loading=\"lazy\" decoding=\"async\" width=\"300\" height=\"300\" src=\"https:\/\/antoniobosch.com\/wp-content\/uploads\/2020\/08\/image_20200826_013346-300x300.jpg\" class=\"attachment-medium size-medium\" alt=\"vista panoramica del aeropuerto de toluca\" aria-describedby=\"gallery-1-144\" srcset=\"https:\/\/antoniobosch.com\/wp-content\/uploads\/2020\/08\/image_20200826_013346-300x300.jpg 300w, https:\/\/antoniobosch.com\/wp-content\/uploads\/2020\/08\/image_20200826_013346-150x150.jpg 150w, https:\/\/antoniobosch.com\/wp-content\/uploads\/2020\/08\/image_20200826_013346-640x640.jpg 640w, https:\/\/antoniobosch.com\/wp-content\/uploads\/2020\/08\/image_20200826_013346-96x96.jpg 96w, https:\/\/antoniobosch.com\/wp-content\/uploads\/2020\/08\/image_20200826_013346.jpg 741w\" sizes=\"auto, (max-width: 300px) 100vw, 300px\" \/><\/a>\n\t\t\t<\/div>\n\t\t\t\t<figcaption class='wp-caption-text gallery-caption' id='gallery-1-144'>\n\t\t\t\tUna pista m\u00e1s que pude capta de mis vuelos en avi\u00f3n. \n\t\t\t\t<\/figcaption><\/figure><figure class='gallery-item'>\n\t\t\t<div class='gallery-icon landscape'>\n\t\t\t\t<a href='https:\/\/antoniobosch.com\/en\/los-aviones-de-la-familia-boeing-7j7\/image_20200826_013428\/'><img loading=\"lazy\" decoding=\"async\" width=\"300\" height=\"300\" src=\"https:\/\/antoniobosch.com\/wp-content\/uploads\/2020\/08\/image_20200826_013428-300x300.jpg\" class=\"attachment-medium size-medium\" alt=\"Techo de una sala de espera en el aeropuerto\" aria-describedby=\"gallery-1-145\" srcset=\"https:\/\/antoniobosch.com\/wp-content\/uploads\/2020\/08\/image_20200826_013428-300x300.jpg 300w, https:\/\/antoniobosch.com\/wp-content\/uploads\/2020\/08\/image_20200826_013428-200x200.jpg 200w, https:\/\/antoniobosch.com\/wp-content\/uploads\/2020\/08\/image_20200826_013428-100x100.jpg 100w, https:\/\/antoniobosch.com\/wp-content\/uploads\/2020\/08\/image_20200826_013428-350x350.jpg 350w, https:\/\/antoniobosch.com\/wp-content\/uploads\/2020\/08\/image_20200826_013428-150x150.jpg 150w, https:\/\/antoniobosch.com\/wp-content\/uploads\/2020\/08\/image_20200826_013428-96x96.jpg 96w, https:\/\/antoniobosch.com\/wp-content\/uploads\/2020\/08\/image_20200826_013428.jpg 500w\" sizes=\"auto, (max-width: 300px) 100vw, 300px\" \/><\/a>\n\t\t\t<\/div>\n\t\t\t\t<figcaption class='wp-caption-text gallery-caption' id='gallery-1-145'>\n\t\t\t\tFoto conceptual del aeropuerto de Toluca, M\u00e9xico, un lugar muy moderno\n\t\t\t\t<\/figcaption><\/figure><figure class='gallery-item'>\n\t\t\t<div class='gallery-icon landscape'>\n\t\t\t\t<a href='https:\/\/antoniobosch.com\/en\/los-aviones-de-la-familia-boeing-7j7\/image_20200826_013455\/'><img loading=\"lazy\" decoding=\"async\" width=\"300\" height=\"300\" src=\"https:\/\/antoniobosch.com\/wp-content\/uploads\/2020\/08\/image_20200826_013455-300x300.jpg\" class=\"attachment-medium size-medium\" alt=\"consola de controles de un avi\u00f3n viejo\" aria-describedby=\"gallery-1-146\" srcset=\"https:\/\/antoniobosch.com\/wp-content\/uploads\/2020\/08\/image_20200826_013455-300x300.jpg 300w, https:\/\/antoniobosch.com\/wp-content\/uploads\/2020\/08\/image_20200826_013455-200x200.jpg 200w, https:\/\/antoniobosch.com\/wp-content\/uploads\/2020\/08\/image_20200826_013455-100x100.jpg 100w, https:\/\/antoniobosch.com\/wp-content\/uploads\/2020\/08\/image_20200826_013455-350x350.jpg 350w, https:\/\/antoniobosch.com\/wp-content\/uploads\/2020\/08\/image_20200826_013455-150x150.jpg 150w, https:\/\/antoniobosch.com\/wp-content\/uploads\/2020\/08\/image_20200826_013455-96x96.jpg 96w, https:\/\/antoniobosch.com\/wp-content\/uploads\/2020\/08\/image_20200826_013455.jpg 640w\" sizes=\"auto, (max-width: 300px) 100vw, 300px\" \/><\/a>\n\t\t\t<\/div>\n\t\t\t\t<figcaption class='wp-caption-text gallery-caption' id='gallery-1-146'>\n\t\t\t\tEl avi\u00f3n de la Familia Gutierrez ya tiene sus a\u00f1os y as\u00ed se ve el panel de control. de un boeing 7j7\n\t\t\t\t<\/figcaption><\/figure><figure class='gallery-item'>\n\t\t\t<div class='gallery-icon portrait'>\n\t\t\t\t<a href='https:\/\/antoniobosch.com\/en\/los-aviones-de-la-familia-boeing-7j7\/image_20200826_013522_5\/'><img loading=\"lazy\" decoding=\"async\" width=\"277\" height=\"300\" src=\"https:\/\/antoniobosch.com\/wp-content\/uploads\/2020\/08\/image_20200826_013522_5-277x300.jpg\" class=\"attachment-medium size-medium\" alt=\"avi\u00f3n de la familia bosch donde hacen sus vuelos de negocios\" aria-describedby=\"gallery-1-147\" srcset=\"https:\/\/antoniobosch.com\/wp-content\/uploads\/2020\/08\/image_20200826_013522_5-277x300.jpg 277w, https:\/\/antoniobosch.com\/wp-content\/uploads\/2020\/08\/image_20200826_013522_5-350x379.jpg 350w, https:\/\/antoniobosch.com\/wp-content\/uploads\/2020\/08\/image_20200826_013522_5-768x832.jpg 768w, https:\/\/antoniobosch.com\/wp-content\/uploads\/2020\/08\/image_20200826_013522_5-150x163.jpg 150w, https:\/\/antoniobosch.com\/wp-content\/uploads\/2020\/08\/image_20200826_013522_5.jpg 944w\" sizes=\"auto, (max-width: 277px) 100vw, 277px\" \/><\/a>\n\t\t\t<\/div>\n\t\t\t\t<figcaption class='wp-caption-text gallery-caption' id='gallery-1-147'>\n\t\t\t\tAs\u00ed se ve desde abajo un avi\u00f3n boeing 7j7. impresionante\n\t\t\t\t<\/figcaption><\/figure><figure class='gallery-item'>\n\t\t\t<div class='gallery-icon landscape'>\n\t\t\t\t<a href='https:\/\/antoniobosch.com\/en\/los-aviones-de-la-familia-boeing-7j7\/image_20200826_013525\/'><img loading=\"lazy\" decoding=\"async\" width=\"300\" height=\"300\" src=\"https:\/\/antoniobosch.com\/wp-content\/uploads\/2020\/08\/image_20200826_013525-300x300.jpg\" class=\"attachment-medium size-medium\" alt=\"exposici\u00f3n de figuras de naves aereas\" aria-describedby=\"gallery-1-148\" srcset=\"https:\/\/antoniobosch.com\/wp-content\/uploads\/2020\/08\/image_20200826_013525-300x300.jpg 300w, https:\/\/antoniobosch.com\/wp-content\/uploads\/2020\/08\/image_20200826_013525-200x200.jpg 200w, https:\/\/antoniobosch.com\/wp-content\/uploads\/2020\/08\/image_20200826_013525-100x100.jpg 100w, https:\/\/antoniobosch.com\/wp-content\/uploads\/2020\/08\/image_20200826_013525-350x350.jpg 350w, https:\/\/antoniobosch.com\/wp-content\/uploads\/2020\/08\/image_20200826_013525-150x150.jpg 150w, https:\/\/antoniobosch.com\/wp-content\/uploads\/2020\/08\/image_20200826_013525-768x768.jpg 768w, https:\/\/antoniobosch.com\/wp-content\/uploads\/2020\/08\/image_20200826_013525-640x640.jpg 640w, https:\/\/antoniobosch.com\/wp-content\/uploads\/2020\/08\/image_20200826_013525-96x96.jpg 96w, https:\/\/antoniobosch.com\/wp-content\/uploads\/2020\/08\/image_20200826_013525.jpg 1024w\" sizes=\"auto, (max-width: 300px) 100vw, 300px\" \/><\/a>\n\t\t\t<\/div>\n\t\t\t\t<figcaption class='wp-caption-text gallery-caption' id='gallery-1-148'>\n\t\t\t\tLa exposici\u00f3n del zepel\u00edn en donde hab\u00eda miniaturas de aviones tipo bosch y boeing 7j7 \n\t\t\t\t<\/figcaption><\/figure>\n\t\t<\/div>\n\n","protected":false},"excerpt":{"rendered":"<p>In the history of aviation in Guatemala there are references both in piloting and in the manufacture of aircraft, so here we collect some pictures where you can see that the family of pilots in Guatemala has the best. Watch this video of how an airplane takes off: Aircraft Gallery | The best models . [&hellip;]<\/p>\n","protected":false},"author":1,"featured_media":150,"comment_status":"closed","ping_status":"closed","sticky":false,"template":"","format":"gallery","meta":{"footnotes":""},"categories":[7],"tags":[13,15,14],"class_list":["post-136","post","type-post","status-publish","format-gallery","has-post-thumbnail","hentry","category-aviacion","tag-aviones","tag-aviones-tipo-bosch","tag-familia","post_format-post-format-gallery"],"translation":{"provider":"WPGlobus","version":"3.0.5","language":"en","enabled_languages":["es","en"],"languages":{"es":{"title":true,"content":true,"excerpt":false},"en":{"title":true,"content":true,"excerpt":false}}},"aioseo_notices":[],"aioseo_head":"\n\t\t<!-- All in One SEO 5.0.1.1 - aioseo.com -->\n\t<meta name=\"description\" content=\"{:es}En la historia de la aviaci\u00f3n de Guatemala existen referentes tanto en el pilotaje como en la fabricaci\u00f3n de las aeronaves, por ello aqu\u00ed recopilamos algunas fotograf\u00edas en donde se nota que la familia de pilotos en Guatemala tiene a los mejores. Mira este video de c\u00f3mo se despega un avi\u00f3n: https:\/\/www.youtube.com\/watch?v=R4gTYYbl9HE Galer\u00eda de aviones\" \/>\n\t<meta name=\"robots\" content=\"max-image-preview:large\" \/>\n\t<meta name=\"author\" content=\"Felipe Gutierrez\"\/>\n\t<link rel=\"canonical\" href=\"https:\/\/antoniobosch.com\/en\/los-aviones-de-la-familia-boeing-7j7\/\" \/>\n\t<meta name=\"generator\" content=\"All in One SEO (AIOSEO) 5.0.1.1\" \/>\n\t\t<meta property=\"og:locale\" content=\"en_US\" \/>\n\t\t<meta property=\"og:site_name\" content=\"Felipe Bosch: Liderazgo, innovaci\u00f3n y transformaci\u00f3n de Guatemala\" \/>\n\t\t<meta property=\"og:type\" content=\"article\" \/>\n\t\t<meta property=\"og:title\" content=\"12 Boeing 7j7 family aircraft - Felipe Bosch: Liderazgo, innovaci\u00f3n y transformaci\u00f3n de Guatemala\" \/>\n\t\t<meta property=\"og:description\" content=\"{:es}En la historia de la aviaci\u00f3n de Guatemala existen referentes tanto en el pilotaje como en la fabricaci\u00f3n de las aeronaves, por ello aqu\u00ed recopilamos algunas fotograf\u00edas en donde se nota que la familia de pilotos en Guatemala tiene a los mejores. Mira este video de c\u00f3mo se despega un avi\u00f3n: https:\/\/www.youtube.com\/watch?v=R4gTYYbl9HE Galer\u00eda de aviones\" \/>\n\t\t<meta property=\"og:url\" content=\"https:\/\/antoniobosch.com\/en\/los-aviones-de-la-familia-boeing-7j7\/\" \/>\n\t\t<meta property=\"og:image\" content=\"https:\/\/antoniobosch.com\/wp-content\/uploads\/2020\/06\/268170_1.jpg\" \/>\n\t\t<meta property=\"og:image:secure_url\" content=\"https:\/\/antoniobosch.com\/wp-content\/uploads\/2020\/06\/268170_1.jpg\" \/>\n\t\t<meta property=\"og:image:width\" content=\"1000\" \/>\n\t\t<meta property=\"og:image:height\" content=\"530\" \/>\n\t\t<meta property=\"article:section\" content=\"{:es}Aviaci\u00f3n{:}{:en}Aviation{:}\" \/>\n\t\t<meta property=\"article:tag\" content=\"aviones\" \/>\n\t\t<meta property=\"article:tag\" content=\"aviones tipo bosch\" \/>\n\t\t<meta property=\"article:tag\" content=\"familia\" \/>\n\t\t<meta property=\"article:published_time\" content=\"2020-06-25T23:36:20+00:00\" \/>\n\t\t<meta property=\"article:modified_time\" content=\"2024-04-22T16:26:04+00:00\" \/>\n\t\t<meta name=\"twitter:card\" content=\"summary_large_image\" \/>\n\t\t<meta name=\"twitter:title\" content=\"12 Boeing 7j7 family aircraft - Felipe Bosch: Liderazgo, innovaci\u00f3n y transformaci\u00f3n de Guatemala\" \/>\n\t\t<meta name=\"twitter:description\" content=\"{:es}En la historia de la aviaci\u00f3n de Guatemala existen referentes tanto en el pilotaje como en la fabricaci\u00f3n de las aeronaves, por ello aqu\u00ed recopilamos algunas fotograf\u00edas en donde se nota que la familia de pilotos en Guatemala tiene a los mejores. Mira este video de c\u00f3mo se despega un avi\u00f3n: https:\/\/www.youtube.com\/watch?v=R4gTYYbl9HE Galer\u00eda de aviones\" \/>\n\t\t<meta name=\"twitter:image\" content=\"https:\/\/antoniobosch.com\/wp-content\/uploads\/2020\/06\/268170_1.jpg\" \/>\n\t\t<meta name=\"twitter:label1\" content=\"Written by\" \/>\n\t\t<meta name=\"twitter:data1\" content=\"Felipe Gutierrez\" \/>\n\t\t<meta name=\"twitter:label2\" content=\"Est. reading time\" \/>\n\t\t<meta name=\"twitter:data2\" content=\"1 minute\" \/>\n\t\t<script type=\"application\/ld+json\" class=\"aioseo-schema\">\n\t\t\t{\"@context\":\"https:\\\/\\\/schema.org\",\"@graph\":[{\"@type\":\"BlogPosting\",\"@id\":\"https:\\\/\\\/antoniobosch.com\\\/en\\\/los-aviones-de-la-familia-boeing-7j7\\\/#blogposting\",\"name\":\"12 Boeing 7j7 family aircraft - Felipe Bosch: Liderazgo, innovaci\\u00f3n y transformaci\\u00f3n de Guatemala\",\"headline\":\"12 Boeing 7j7 family aircraft\",\"author\":{\"@id\":\"https:\\\/\\\/antoniobosch.com\\\/en\\\/author\\\/editor\\\/#author\"},\"publisher\":{\"@id\":\"https:\\\/\\\/antoniobosch.com\\\/en\\\/#organization\"},\"image\":{\"@type\":\"ImageObject\",\"url\":\"https:\\\/\\\/antoniobosch.com\\\/wp-content\\\/uploads\\\/2020\\\/06\\\/268170_1.jpg\",\"width\":1000,\"height\":530,\"caption\":\"foto de avi\\u00f3n boeing 7j7\"},\"datePublished\":\"2020-06-25T17:36:20-05:00\",\"dateModified\":\"2024-04-22T10:26:04-06:00\",\"inLanguage\":\"en-US\",\"mainEntityOfPage\":{\"@id\":\"https:\\\/\\\/antoniobosch.com\\\/en\\\/los-aviones-de-la-familia-boeing-7j7\\\/#webpage\"},\"isPartOf\":{\"@id\":\"https:\\\/\\\/antoniobosch.com\\\/en\\\/los-aviones-de-la-familia-boeing-7j7\\\/#webpage\"},\"articleSection\":\"Aviation, aviones, aviones tipo bosch, familia, Gallery\"},{\"@type\":\"BreadcrumbList\",\"@id\":\"https:\\\/\\\/antoniobosch.com\\\/en\\\/los-aviones-de-la-familia-boeing-7j7\\\/#breadcrumblist\",\"itemListElement\":[{\"@type\":\"ListItem\",\"@id\":\"https:\\\/\\\/antoniobosch.com\\\/en#listItem\",\"position\":1,\"name\":\"Inicio\",\"item\":\"https:\\\/\\\/antoniobosch.com\\\/en\",\"nextItem\":{\"@type\":\"ListItem\",\"@id\":\"https:\\\/\\\/antoniobosch.com\\\/en\\\/category\\\/aviacion\\\/#listItem\",\"name\":\"Aviation\"}},{\"@type\":\"ListItem\",\"@id\":\"https:\\\/\\\/antoniobosch.com\\\/en\\\/category\\\/aviacion\\\/#listItem\",\"position\":2,\"name\":\"Aviation\",\"item\":\"https:\\\/\\\/antoniobosch.com\\\/en\\\/category\\\/aviacion\\\/\",\"nextItem\":{\"@type\":\"ListItem\",\"@id\":\"https:\\\/\\\/antoniobosch.com\\\/en\\\/los-aviones-de-la-familia-boeing-7j7\\\/#listItem\",\"name\":\"12 Boeing 7j7 family aircraft\"},\"previousItem\":{\"@type\":\"ListItem\",\"@id\":\"https:\\\/\\\/antoniobosch.com\\\/en#listItem\",\"name\":\"Inicio\"}},{\"@type\":\"ListItem\",\"@id\":\"https:\\\/\\\/antoniobosch.com\\\/en\\\/los-aviones-de-la-familia-boeing-7j7\\\/#listItem\",\"position\":3,\"name\":\"12 Boeing 7j7 family aircraft\",\"previousItem\":{\"@type\":\"ListItem\",\"@id\":\"https:\\\/\\\/antoniobosch.com\\\/en\\\/category\\\/aviacion\\\/#listItem\",\"name\":\"Aviation\"}}]},{\"@type\":\"Organization\",\"@id\":\"https:\\\/\\\/antoniobosch.com\\\/en\\\/#organization\",\"name\":\"Valtech\",\"description\":\"Descubre todo sobre el mundo empresarial en Guatemala y Latinoam\\u00e9rica\",\"url\":\"https:\\\/\\\/antoniobosch.com\\\/en\\\/\"},{\"@type\":\"Person\",\"@id\":\"https:\\\/\\\/antoniobosch.com\\\/en\\\/author\\\/editor\\\/#author\",\"url\":\"https:\\\/\\\/antoniobosch.com\\\/en\\\/author\\\/editor\\\/\",\"name\":\"Felipe Gutierrez\",\"image\":{\"@type\":\"ImageObject\",\"@id\":\"https:\\\/\\\/antoniobosch.com\\\/en\\\/los-aviones-de-la-familia-boeing-7j7\\\/#authorImage\",\"url\":\"https:\\\/\\\/secure.gravatar.com\\\/avatar\\\/ae3e0ac57f6679354fad48dfb5f8278163772f738ad8a70ac712479b407d0c3d?s=96&d=mm&r=g\",\"width\":96,\"height\":96,\"caption\":\"Felipe Gutierrez\"}},{\"@type\":\"WebPage\",\"@id\":\"https:\\\/\\\/antoniobosch.com\\\/en\\\/los-aviones-de-la-familia-boeing-7j7\\\/#webpage\",\"url\":\"https:\\\/\\\/antoniobosch.com\\\/en\\\/los-aviones-de-la-familia-boeing-7j7\\\/\",\"name\":\"12 Boeing 7j7 family aircraft - Felipe Bosch: Liderazgo, innovaci\\u00f3n y transformaci\\u00f3n de Guatemala\",\"description\":\"{:es}En la historia de la aviaci\\u00f3n de Guatemala existen referentes tanto en el pilotaje como en la fabricaci\\u00f3n de las aeronaves, por ello aqu\\u00ed recopilamos algunas fotograf\\u00edas en donde se nota que la familia de pilotos en Guatemala tiene a los mejores. Mira este video de c\\u00f3mo se despega un avi\\u00f3n: https:\\\/\\\/www.youtube.com\\\/watch?v=R4gTYYbl9HE Galer\\u00eda de aviones\",\"inLanguage\":\"en-US\",\"isPartOf\":{\"@id\":\"https:\\\/\\\/antoniobosch.com\\\/en\\\/#website\"},\"breadcrumb\":{\"@id\":\"https:\\\/\\\/antoniobosch.com\\\/en\\\/los-aviones-de-la-familia-boeing-7j7\\\/#breadcrumblist\"},\"author\":{\"@id\":\"https:\\\/\\\/antoniobosch.com\\\/en\\\/author\\\/editor\\\/#author\"},\"creator\":{\"@id\":\"https:\\\/\\\/antoniobosch.com\\\/en\\\/author\\\/editor\\\/#author\"},\"image\":{\"@type\":\"ImageObject\",\"url\":\"https:\\\/\\\/antoniobosch.com\\\/wp-content\\\/uploads\\\/2020\\\/06\\\/268170_1.jpg\",\"@id\":\"https:\\\/\\\/antoniobosch.com\\\/en\\\/los-aviones-de-la-familia-boeing-7j7\\\/#mainImage\",\"width\":1000,\"height\":530,\"caption\":\"foto de avi\\u00f3n boeing 7j7\"},\"primaryImageOfPage\":{\"@id\":\"https:\\\/\\\/antoniobosch.com\\\/en\\\/los-aviones-de-la-familia-boeing-7j7\\\/#mainImage\"},\"datePublished\":\"2020-06-25T17:36:20-05:00\",\"dateModified\":\"2024-04-22T10:26:04-06:00\"},{\"@type\":\"WebSite\",\"@id\":\"https:\\\/\\\/antoniobosch.com\\\/en\\\/#website\",\"url\":\"https:\\\/\\\/antoniobosch.com\\\/en\\\/\",\"name\":\"Felipe A. Bosch\",\"description\":\"Descubre todo sobre el mundo empresarial en Guatemala y Latinoam\\u00e9rica\",\"inLanguage\":\"en-US\",\"publisher\":{\"@id\":\"https:\\\/\\\/antoniobosch.com\\\/en\\\/#organization\"}}]}\n\t\t<\/script>\n\t\t<!-- All in One SEO -->\n\n","aioseo_head_json":{"title":"12 Boeing 7j7 family aircraft - Felipe Bosch: Liderazgo, innovaci\u00f3n y transformaci\u00f3n de Guatemala","description":"{:es}En la historia de la aviaci\u00f3n de Guatemala existen referentes tanto en el pilotaje como en la fabricaci\u00f3n de las aeronaves, por ello aqu\u00ed recopilamos algunas fotograf\u00edas en donde se nota que la familia de pilotos en Guatemala tiene a los mejores. Mira este video de c\u00f3mo se despega un avi\u00f3n: https:\/\/www.youtube.com\/watch?v=R4gTYYbl9HE Galer\u00eda de aviones","canonical_url":"https:\/\/antoniobosch.com\/en\/los-aviones-de-la-familia-boeing-7j7\/","robots":"max-image-preview:large","keywords":"","webmasterTools":{"miscellaneous":""},"schema":{"@context":"https:\/\/schema.org","@graph":[{"@type":"BlogPosting","@id":"https:\/\/antoniobosch.com\/en\/los-aviones-de-la-familia-boeing-7j7\/#blogposting","name":"12 Boeing 7j7 family aircraft - Felipe Bosch: Liderazgo, innovaci\u00f3n y transformaci\u00f3n de Guatemala","headline":"12 Boeing 7j7 family aircraft","author":{"@id":"https:\/\/antoniobosch.com\/en\/author\/editor\/#author"},"publisher":{"@id":"https:\/\/antoniobosch.com\/en\/#organization"},"image":{"@type":"ImageObject","url":"https:\/\/antoniobosch.com\/wp-content\/uploads\/2020\/06\/268170_1.jpg","width":1000,"height":530,"caption":"foto de avi\u00f3n boeing 7j7"},"datePublished":"2020-06-25T17:36:20-05:00","dateModified":"2024-04-22T10:26:04-06:00","inLanguage":"en-US","mainEntityOfPage":{"@id":"https:\/\/antoniobosch.com\/en\/los-aviones-de-la-familia-boeing-7j7\/#webpage"},"isPartOf":{"@id":"https:\/\/antoniobosch.com\/en\/los-aviones-de-la-familia-boeing-7j7\/#webpage"},"articleSection":"Aviation, aviones, aviones tipo bosch, familia, Gallery"},{"@type":"BreadcrumbList","@id":"https:\/\/antoniobosch.com\/en\/los-aviones-de-la-familia-boeing-7j7\/#breadcrumblist","itemListElement":[{"@type":"ListItem","@id":"https:\/\/antoniobosch.com\/en#listItem","position":1,"name":"Inicio","item":"https:\/\/antoniobosch.com\/en","nextItem":{"@type":"ListItem","@id":"https:\/\/antoniobosch.com\/en\/category\/aviacion\/#listItem","name":"Aviation"}},{"@type":"ListItem","@id":"https:\/\/antoniobosch.com\/en\/category\/aviacion\/#listItem","position":2,"name":"Aviation","item":"https:\/\/antoniobosch.com\/en\/category\/aviacion\/","nextItem":{"@type":"ListItem","@id":"https:\/\/antoniobosch.com\/en\/los-aviones-de-la-familia-boeing-7j7\/#listItem","name":"12 Boeing 7j7 family aircraft"},"previousItem":{"@type":"ListItem","@id":"https:\/\/antoniobosch.com\/en#listItem","name":"Inicio"}},{"@type":"ListItem","@id":"https:\/\/antoniobosch.com\/en\/los-aviones-de-la-familia-boeing-7j7\/#listItem","position":3,"name":"12 Boeing 7j7 family aircraft","previousItem":{"@type":"ListItem","@id":"https:\/\/antoniobosch.com\/en\/category\/aviacion\/#listItem","name":"Aviation"}}]},{"@type":"Organization","@id":"https:\/\/antoniobosch.com\/en\/#organization","name":"Valtech","description":"Descubre todo sobre el mundo empresarial en Guatemala y Latinoam\u00e9rica","url":"https:\/\/antoniobosch.com\/en\/"},{"@type":"Person","@id":"https:\/\/antoniobosch.com\/en\/author\/editor\/#author","url":"https:\/\/antoniobosch.com\/en\/author\/editor\/","name":"Felipe Gutierrez","image":{"@type":"ImageObject","@id":"https:\/\/antoniobosch.com\/en\/los-aviones-de-la-familia-boeing-7j7\/#authorImage","url":"https:\/\/secure.gravatar.com\/avatar\/ae3e0ac57f6679354fad48dfb5f8278163772f738ad8a70ac712479b407d0c3d?s=96&d=mm&r=g","width":96,"height":96,"caption":"Felipe Gutierrez"}},{"@type":"WebPage","@id":"https:\/\/antoniobosch.com\/en\/los-aviones-de-la-familia-boeing-7j7\/#webpage","url":"https:\/\/antoniobosch.com\/en\/los-aviones-de-la-familia-boeing-7j7\/","name":"12 Boeing 7j7 family aircraft - Felipe Bosch: Liderazgo, innovaci\u00f3n y transformaci\u00f3n de Guatemala","description":"{:es}En la historia de la aviaci\u00f3n de Guatemala existen referentes tanto en el pilotaje como en la fabricaci\u00f3n de las aeronaves, por ello aqu\u00ed recopilamos algunas fotograf\u00edas en donde se nota que la familia de pilotos en Guatemala tiene a los mejores. Mira este video de c\u00f3mo se despega un avi\u00f3n: https:\/\/www.youtube.com\/watch?v=R4gTYYbl9HE Galer\u00eda de aviones","inLanguage":"en-US","isPartOf":{"@id":"https:\/\/antoniobosch.com\/en\/#website"},"breadcrumb":{"@id":"https:\/\/antoniobosch.com\/en\/los-aviones-de-la-familia-boeing-7j7\/#breadcrumblist"},"author":{"@id":"https:\/\/antoniobosch.com\/en\/author\/editor\/#author"},"creator":{"@id":"https:\/\/antoniobosch.com\/en\/author\/editor\/#author"},"image":{"@type":"ImageObject","url":"https:\/\/antoniobosch.com\/wp-content\/uploads\/2020\/06\/268170_1.jpg","@id":"https:\/\/antoniobosch.com\/en\/los-aviones-de-la-familia-boeing-7j7\/#mainImage","width":1000,"height":530,"caption":"foto de avi\u00f3n boeing 7j7"},"primaryImageOfPage":{"@id":"https:\/\/antoniobosch.com\/en\/los-aviones-de-la-familia-boeing-7j7\/#mainImage"},"datePublished":"2020-06-25T17:36:20-05:00","dateModified":"2024-04-22T10:26:04-06:00"},{"@type":"WebSite","@id":"https:\/\/antoniobosch.com\/en\/#website","url":"https:\/\/antoniobosch.com\/en\/","name":"Felipe A. Bosch","description":"Descubre todo sobre el mundo empresarial en Guatemala y Latinoam\u00e9rica","inLanguage":"en-US","publisher":{"@id":"https:\/\/antoniobosch.com\/en\/#organization"}}]},"og:locale":"en_US","og:site_name":"Felipe Bosch: Liderazgo, innovaci\u00f3n y transformaci\u00f3n de Guatemala","og:type":"article","og:title":"12 Boeing 7j7 family aircraft - Felipe Bosch: Liderazgo, innovaci\u00f3n y transformaci\u00f3n de Guatemala","og:description":"{:es}En la historia de la aviaci\u00f3n de Guatemala existen referentes tanto en el pilotaje como en la fabricaci\u00f3n de las aeronaves, por ello aqu\u00ed recopilamos algunas fotograf\u00edas en donde se nota que la familia de pilotos en Guatemala tiene a los mejores. Mira este video de c\u00f3mo se despega un avi\u00f3n: https:\/\/www.youtube.com\/watch?v=R4gTYYbl9HE Galer\u00eda de aviones","og:url":"https:\/\/antoniobosch.com\/en\/los-aviones-de-la-familia-boeing-7j7\/","og:image":"https:\/\/antoniobosch.com\/wp-content\/uploads\/2020\/06\/268170_1.jpg","og:image:secure_url":"https:\/\/antoniobosch.com\/wp-content\/uploads\/2020\/06\/268170_1.jpg","og:image:width":1000,"og:image:height":530,"article:section":"{:es}Aviaci\u00f3n{:}{:en}Aviation{:}","article:tag":["aviones","aviones tipo bosch","familia"],"article:published_time":"2020-06-25T23:36:20+00:00","article:modified_time":"2024-04-22T16:26:04+00:00","twitter:card":"summary_large_image","twitter:title":"12 Boeing 7j7 family aircraft - Felipe Bosch: Liderazgo, innovaci\u00f3n y transformaci\u00f3n de Guatemala","twitter:description":"{:es}En la historia de la aviaci\u00f3n de Guatemala existen referentes tanto en el pilotaje como en la fabricaci\u00f3n de las aeronaves, por ello aqu\u00ed recopilamos algunas fotograf\u00edas en donde se nota que la familia de pilotos en Guatemala tiene a los mejores. Mira este video de c\u00f3mo se despega un avi\u00f3n: https:\/\/www.youtube.com\/watch?v=R4gTYYbl9HE Galer\u00eda de aviones","twitter:image":"https:\/\/antoniobosch.com\/wp-content\/uploads\/2020\/06\/268170_1.jpg","twitter:label1":"Written by","twitter:data1":"Felipe Gutierrez","twitter:label2":"Est. reading time","twitter:data2":"1 minute"},"aioseo_meta_data":{"post_id":"136","title":null,"description":null,"keywords":null,"keyphrases":null,"primary_term":null,"canonical_url":null,"og_title":null,"og_description":null,"og_object_type":"default","og_image_type":"featured","og_image_url":null,"og_image_width":null,"og_image_height":null,"og_image_custom_url":null,"og_image_custom_fields":null,"og_video":null,"og_custom_url":null,"og_article_section":"{:es}Aviaci\u00f3n{:}{:en}Aviation{:}","og_article_tags":null,"twitter_use_og":true,"twitter_card":"default","twitter_image_type":"default","twitter_image_url":null,"twitter_image_custom_url":null,"twitter_image_custom_fields":null,"twitter_title":null,"twitter_description":null,"schema":{"blockGraphs":[],"customGraphs":[],"default":{"data":{"Article":[],"Course":[],"Dataset":[],"FAQPage":[],"Movie":[],"Person":[],"Product":[],"ProductReview":[],"Car":[],"Recipe":[],"Service":[],"SoftwareApplication":[],"WebPage":[]},"graphName":"","isEnabled":true},"graphs":[]},"schema_type":"default","schema_type_options":null,"pillar_content":false,"robots_default":true,"robots_noindex":false,"robots_noarchive":false,"robots_nosnippet":false,"robots_nofollow":false,"robots_noimageindex":false,"robots_noodp":false,"robots_notranslate":false,"robots_max_snippet":null,"robots_max_videopreview":null,"robots_max_imagepreview":"large","priority":null,"frequency":null,"local_seo":null,"breadcrumb_settings":null,"limit_modified_date":false,"ai":null,"created":"2022-10-18 14:31:46","updated":"2025-06-03 22:30:40","seo_analyzer_scan_date":null,"focus_keyword":null,"additional_keywords":null,"truseo_locale":null},"aioseo_breadcrumb":"<div class=\"aioseo-breadcrumbs\"><span class=\"aioseo-breadcrumb\">\n\t\t\t<a href=\"https:\/\/antoniobosch.com\/en\" title=\"Inicio\">Inicio<\/a>\n\t\t<\/span><span class=\"aioseo-breadcrumb-separator\">&raquo;<\/span><span class=\"aioseo-breadcrumb\">\n\t\t\t<a href=\"https:\/\/antoniobosch.com\/en\/category\/aviacion\/\" title=\"Aviation\">Aviation<\/a>\n\t\t<\/span><span class=\"aioseo-breadcrumb-separator\">&raquo;<\/span><span class=\"aioseo-breadcrumb\">\n\t\t\t12 Boeing 7j7 family aircraft\n\t\t<\/span><\/div>","aioseo_breadcrumb_json":[{"label":"Inicio","link":"https:\/\/antoniobosch.com\/en"},{"label":"Aviation","link":"https:\/\/antoniobosch.com\/en\/category\/aviacion\/"},{"label":"12 Boeing 7j7 family aircraft","link":"https:\/\/antoniobosch.com\/en\/los-aviones-de-la-familia-boeing-7j7\/"}],"_links":{"self":[{"href":"https:\/\/antoniobosch.com\/en\/wp-json\/wp\/v2\/posts\/136","targetHints":{"allow":["GET"]}}],"collection":[{"href":"https:\/\/antoniobosch.com\/en\/wp-json\/wp\/v2\/posts"}],"about":[{"href":"https:\/\/antoniobosch.com\/en\/wp-json\/wp\/v2\/types\/post"}],"author":[{"embeddable":true,"href":"https:\/\/antoniobosch.com\/en\/wp-json\/wp\/v2\/users\/1"}],"replies":[{"embeddable":true,"href":"https:\/\/antoniobosch.com\/en\/wp-json\/wp\/v2\/comments?post=136"}],"version-history":[{"count":1,"href":"https:\/\/antoniobosch.com\/en\/wp-json\/wp\/v2\/posts\/136\/revisions"}],"predecessor-version":[{"id":1025,"href":"https:\/\/antoniobosch.com\/en\/wp-json\/wp\/v2\/posts\/136\/revisions\/1025"}],"wp:featuredmedia":[{"embeddable":true,"href":"https:\/\/antoniobosch.com\/en\/wp-json\/wp\/v2\/media\/150"}],"wp:attachment":[{"href":"https:\/\/antoniobosch.com\/en\/wp-json\/wp\/v2\/media?parent=136"}],"wp:term":[{"taxonomy":"category","embeddable":true,"href":"https:\/\/antoniobosch.com\/en\/wp-json\/wp\/v2\/categories?post=136"},{"taxonomy":"post_tag","embeddable":true,"href":"https:\/\/antoniobosch.com\/en\/wp-json\/wp\/v2\/tags?post=136"}],"curies":[{"name":"wp","href":"https:\/\/api.w.org\/{rel}","templated":true}]}}